{"id":754,"date":"2025-02-19T14:36:40","date_gmt":"2025-02-19T13:36:40","guid":{"rendered":"https:\/\/www.legobeletfrancais.fr\/blog\/?p=754"},"modified":"2026-01-27T11:35:53","modified_gmt":"2026-01-27T10:35:53","slug":"organiser-un-evenement-ecoresponsable-optez-pour-des-gobelets-personnalises-zero-dechet","status":"publish","type":"post","link":"https:\/\/www.legobeletfrancais.fr\/blog\/organiser-un-evenement-ecoresponsable-optez-pour-des-gobelets-personnalises-zero-dechet\/","title":{"rendered":"Organiser un \u00e9v\u00e9nement \u00e9coresponsable : optez pour des gobelets personnalis\u00e9s z\u00e9ro d\u00e9chet"},"content":{"rendered":"\n<p>Nous vivons \u00e0 une \u00e9poque o\u00f9 la conscience environnementale prend une place de plus en plus importante dans notre soci\u00e9t\u00e9. Organiser un \u00e9v\u00e9nement \u00e9coresponsable est devenu une priorit\u00e9 pour de nombreux organisateurs. Nous allons vous montrer comment <strong><a href=\"https:\/\/www.legobeletfrancais.fr\" type=\"link\" id=\"https:\/\/www.legobeletfrancais.fr\">Le Gobelet Fran\u00e7ais<\/a><\/strong> qui propose des <strong>gobelets personnalis\u00e9s <\/strong>z\u00e9ro d\u00e9chet peuvent r\u00e9former vos \u00e9v\u00e9nements et contribuer \u00e0 r\u00e9duire significativement votre impact sur l&rsquo;environnement !<\/p>\n\n\n\n<h2 class=\"wp-block-heading\"><strong>Pourquoi choisir des gobelets personnalis\u00e9s pour un \u00e9v\u00e9nement z\u00e9ro d\u00e9chet ?<\/strong><\/h2>\n\n\n\n<p>Les <strong>gobelets personnalis\u00e9s<\/strong> r\u00e9utilisables sont devenus un incontournable des \u00e9v\u00e9nements \u00e9coresponsables. Leur utilisation pr\u00e9sente de nombreux avantages, tant sur le plan \u00e9cologique que pratique. Voici pourquoi opter pour ces <strong>contenants \u00e9cologiques<\/strong> est un choix judicieux :<\/p>\n\n\n\n<div class=\"wp-block-media-text is-stacked-on-mobile\" style=\"grid-template-columns:39% auto\"><figure class=\"wp-block-media-text__media\"><img fetchpriority=\"high\" decoding=\"async\" width=\"576\" height=\"1024\" src=\"https:\/\/www.legobeletfrancais.fr\/blog\/wp-content\/uploads\/2025\/02\/photos-png-article-SEO-mariage-2-576x1024.png\" alt=\"Gobelets personnalis\u00e9s pour un \u00e9v\u00e9nement \u00e9coresponsable\" class=\"wp-image-755 size-full\" srcset=\"https:\/\/www.legobeletfrancais.fr\/blog\/wp-content\/uploads\/2025\/02\/photos-png-article-SEO-mariage-2-576x1024.png 576w, https:\/\/www.legobeletfrancais.fr\/blog\/wp-content\/uploads\/2025\/02\/photos-png-article-SEO-mariage-2-169x300.png 169w, https:\/\/www.legobeletfrancais.fr\/blog\/wp-content\/uploads\/2025\/02\/photos-png-article-SEO-mariage-2-768x1365.png 768w, https:\/\/www.legobeletfrancais.fr\/blog\/wp-content\/uploads\/2025\/02\/photos-png-article-SEO-mariage-2-864x1536.png 864w, https:\/\/www.legobeletfrancais.fr\/blog\/wp-content\/uploads\/2025\/02\/photos-png-article-SEO-mariage-2.png 1080w\" sizes=\"(max-width: 576px) 100vw, 576px\" \/><\/figure><div class=\"wp-block-media-text__content\">\n<p class=\"has-text-align-left\"><strong><em>R\u00e9duction significative des d\u00e9chets <\/em><\/strong>: En rempla\u00e7ant les gobelets jetables par des versions r\u00e9utilisables, nous r\u00e9duisons consid\u00e9rablement la quantit\u00e9 de d\u00e9chets g\u00e9n\u00e9r\u00e9s lors de nos \u00e9v\u00e9nements. Cette d\u00e9marche s&rsquo;inscrit parfaitement dans une logique de z\u00e9ro d\u00e9chet.<\/p>\n\n\n\n<p class=\"has-text-align-left\"><strong><em>Durabilit\u00e9 et r\u00e9utilisation <\/em><\/strong>: Les <strong>gobelets personnalis\u00e9s<\/strong> sur <strong>legobeletfrancais.fr<\/strong> sont con\u00e7us pour \u00eatre utilis\u00e9s de nombreuses fois. Leur durabilit\u00e9 permet non seulement de diminuer les co\u00fbts \u00e0 long terme, mais aussi de r\u00e9duire l&#8217;empreinte carbone de vos \u00e9v\u00e9nements.<\/p>\n\n\n\n<p>Voici une liste des avantages suppl\u00e9mentaires :<\/p>\n\n\n\n<ul class=\"wp-block-list\">\n<li>Possibilit\u00e9 de les utiliser comme goodies<\/li>\n<\/ul>\n\n\n\n<ul class=\"wp-block-list\">\n<li>Personnalisation unique pour chaque \u00e9v\u00e9nement<\/li>\n<\/ul>\n\n\n\n<ul class=\"wp-block-list\">\n<li>M\u00e9morabilit\u00e9 accrue pour les participants<\/li>\n<\/ul>\n\n\n\n<ul class=\"wp-block-list\">\n<li>Facilit\u00e9 de nettoyage et de stockage<\/li>\n<\/ul>\n<\/div><\/div>\n\n\n\n<p>En choisissant <strong>Le Gobelet Fran\u00e7ais<\/strong>, vous faites un geste concret pour l&rsquo;environnement tout en offrant une exp\u00e9rience unique \u00e0 vos invit\u00e9s. C&rsquo;est un excellent moyen de montrer votre engagement envers une d\u00e9marche \u00e9coresponsable !<\/p>\n\n\n\n<h2 class=\"wp-block-heading\"><strong>Comment int\u00e9grer les gobelets personnalis\u00e9s dans votre strat\u00e9gie \u00e9v\u00e9nementielle<\/strong><\/h2>\n\n\n\n<p>L&rsquo;int\u00e9gration de <strong>gobelets personnalis\u00e9s<\/strong> dans votre strat\u00e9gie \u00e9v\u00e9nementielle n\u00e9cessite une planification minutieuse. Voici comment proc\u00e9der pour maximiser l&rsquo;impact de cette initiative :<\/p>\n\n\n\n<div class=\"wp-block-media-text has-media-on-the-right is-stacked-on-mobile\" style=\"grid-template-columns:auto 42%\"><div class=\"wp-block-media-text__content\">\n<p><strong>1. Choix du design<\/strong> : La personnalisation est cl\u00e9. Cr\u00e9ez un design attrayant qui refl\u00e8te l&rsquo;identit\u00e9 de votre \u00e9v\u00e9nement. Utilisez des couleurs vives et des motifs originaux pour capter l&rsquo;attention. N&rsquo;oubliez pas d&rsquo;inclure le nom de l&rsquo;\u00e9v\u00e9nement et la date pour en faire un <em>souvenir m\u00e9morable<\/em>.<\/p>\n\n\n\n<p><strong>2. S\u00e9lection du mat\u00e9riau<\/strong> : Optez pour des mat\u00e9riaux durables et respectueux de l&rsquo;environnement. Le plastique recycl\u00e9, le bambou ou m\u00eame l&rsquo;acier inoxydable sont d&rsquo;excellentes options. <\/p>\n\n\n\n<p><strong>3. Syst\u00e8me de consigne<\/strong> : Mettez en place un syst\u00e8me de consigne efficace pour encourager le retour des gobelets. Vous pouvez, par exemple, demander une caution de 1\u20ac par gobelet, remboursable \u00e0 la fin de l&rsquo;\u00e9v\u00e9nement. Cette approche responsabilise les participants et garantit un taux de retour \u00e9lev\u00e9.<\/p>\n\n\n\n<p><strong>4. Communication<\/strong> : Informez vos participants de cette initiative \u00e9coresponsable avant l&rsquo;\u00e9v\u00e9nement. Utilisez les r\u00e9seaux sociaux, votre site web et vos emails pour expliquer les avantages des gobelets r\u00e9utilisables et comment fonctionne le syst\u00e8me de consigne.<\/p>\n<\/div><figure class=\"wp-block-media-text__media\"><img decoding=\"async\" width=\"576\" height=\"1024\" src=\"https:\/\/www.legobeletfrancais.fr\/blog\/wp-content\/uploads\/2025\/02\/photos-png-article-SEO-festivals-ecoresponsable-576x1024.png\" alt=\"Gobelets personnalis\u00e9s \u00e9v\u00e9nements\" class=\"wp-image-756 size-full\" srcset=\"https:\/\/www.legobeletfrancais.fr\/blog\/wp-content\/uploads\/2025\/02\/photos-png-article-SEO-festivals-ecoresponsable-576x1024.png 576w, https:\/\/www.legobeletfrancais.fr\/blog\/wp-content\/uploads\/2025\/02\/photos-png-article-SEO-festivals-ecoresponsable-169x300.png 169w, https:\/\/www.legobeletfrancais.fr\/blog\/wp-content\/uploads\/2025\/02\/photos-png-article-SEO-festivals-ecoresponsable-768x1365.png 768w, https:\/\/www.legobeletfrancais.fr\/blog\/wp-content\/uploads\/2025\/02\/photos-png-article-SEO-festivals-ecoresponsable-864x1536.png 864w, https:\/\/www.legobeletfrancais.fr\/blog\/wp-content\/uploads\/2025\/02\/photos-png-article-SEO-festivals-ecoresponsable.png 1080w\" sizes=\"(max-width: 576px) 100vw, 576px\" \/><\/figure><\/div>\n\n\n\n<p>En int\u00e9grant ces \u00e9l\u00e9ments dans votre strat\u00e9gie, vous cr\u00e9ez non seulement un \u00e9v\u00e9nement plus vert, mais vous offrez aussi une exp\u00e9rience unique \u00e0 vos participants. Les <strong>gobelets personnalis\u00e9s<\/strong> deviennent de ce fait un symbole fort de votre engagement envers l&rsquo;environnement.<\/p>\n\n\n\n<h2 class=\"wp-block-heading\"><strong>L&rsquo;impact positif des gobelets personnalis\u00e9s sur votre image de marque<\/strong><\/h2>\n\n\n\n<p>L&rsquo;utilisation de<strong>gobelets personnalis\u00e9s<\/strong> lors de vos \u00e9v\u00e9nements va bien au-del\u00e0 de la simple r\u00e9duction des d\u00e9chets. Elle a un impact significatif sur votre image de marque et la perception de votre entreprise ou organisation. Voici comment ces <strong>contenants \u00e9cologiques<\/strong> peuvent renforcer votre identit\u00e9 :<\/p>\n\n\n\n<div class=\"wp-block-media-text is-stacked-on-mobile\"><figure class=\"wp-block-media-text__media\"><img decoding=\"async\" width=\"576\" height=\"1024\" src=\"https:\/\/www.legobeletfrancais.fr\/blog\/wp-content\/uploads\/2025\/02\/photos-png-article-SEO-B2B-576x1024.png\" alt=\"Gobelets personnalis\u00e9s pour votre image de marque\" class=\"wp-image-757 size-full\" srcset=\"https:\/\/www.legobeletfrancais.fr\/blog\/wp-content\/uploads\/2025\/02\/photos-png-article-SEO-B2B-576x1024.png 576w, https:\/\/www.legobeletfrancais.fr\/blog\/wp-content\/uploads\/2025\/02\/photos-png-article-SEO-B2B-169x300.png 169w, https:\/\/www.legobeletfrancais.fr\/blog\/wp-content\/uploads\/2025\/02\/photos-png-article-SEO-B2B-768x1365.png 768w, https:\/\/www.legobeletfrancais.fr\/blog\/wp-content\/uploads\/2025\/02\/photos-png-article-SEO-B2B-864x1536.png 864w, https:\/\/www.legobeletfrancais.fr\/blog\/wp-content\/uploads\/2025\/02\/photos-png-article-SEO-B2B.png 1080w\" sizes=\"(max-width: 576px) 100vw, 576px\" \/><\/figure><div class=\"wp-block-media-text__content\">\n<p><strong><em>Engagement environnemental visible <\/em><\/strong>: En optant pour des gobelets r\u00e9utilisables, vous attestez concr\u00e8tement votre engagement envers l&rsquo;environnement. Cette action tangible renforce votre cr\u00e9dibilit\u00e9 aupr\u00e8s de vos parties prenantes, qu&rsquo;il s&rsquo;agisse de clients, de partenaires ou d&#8217;employ\u00e9s.<\/p>\n\n\n\n<p><strong><em>Diff\u00e9renciation sur le march\u00e9 : <\/em><\/strong>Dans un monde o\u00f9 la responsabilit\u00e9 sociale des entreprises est de plus en plus scrut\u00e9e, l&rsquo;adoption de pratiques \u00e9coresponsables vous d\u00e9marque de la concurrence. Les <strong><a href=\"https:\/\/www.legobeletfrancais.fr\/\">gobelets personnalis\u00e9s<\/a><\/strong> deviennent un symbole de votre engagement, facilement reconnaissable et m\u00e9morable.<\/p>\n\n\n\n<p>En int\u00e9grant les <strong>gobelets personnalis\u00e9s<\/strong> \u00e0 votre strat\u00e9gie de marque, vous cr\u00e9ez une synergie entre votre identit\u00e9 visuelle et vos valeurs. Chaque gobelet devient un ambassadeur de votre marque, porteur d&rsquo;un message fort sur votre engagement \u00e9cologique.<\/p>\n<\/div><\/div>\n\n\n\n<p>N&rsquo;oublions pas que cette d\u00e9marche s&rsquo;inscrit dans une tendance plus large de <em>consommation responsable<\/em>. En 2025, les consommateurs sont plus que jamais attentifs aux actions concr\u00e8tes des entreprises en faveur de l&rsquo;environnement. Votre choix d&rsquo;utiliser des<strong>gobelets personnalis\u00e9s<\/strong> z\u00e9ro d\u00e9chet r\u00e9sonne donc parfaitement avec ces attentes soci\u00e9tales.<\/p>\n\n\n\n<h2 class=\"wp-block-heading\"><strong>Vers des \u00e9v\u00e9nements toujours plus \u00e9coresponsables<\/strong><\/h2>\n\n\n\n<p>Enfin, l&rsquo;adoption de gobelets personnalis\u00e9s z\u00e9ro d\u00e9chet n&rsquo;est que le d\u00e9but d&rsquo;une d\u00e9marche plus globale vers des \u00e9v\u00e9nements enti\u00e8rement \u00e9coresponsables. Cette initiative ouvre la voie \u00e0 de nombreuses autres actions pour r\u00e9duire l&rsquo;impact environnemental de vos manifestations.<\/p>\n\n\n\n<p>N&rsquo;oublions pas que chaque petit geste compte. En inspirant vos participants \u00e0 adopter des comportements plus \u00e9cologiques, m\u00eame apr\u00e8s l&rsquo;\u00e9v\u00e9nement, vous contribuez \u00e0 un changement de mentalit\u00e9 \u00e0 plus grande \u00e9chelle. Vos gobelets personnalis\u00e9s <strong>Le Gobelet Fran\u00e7ais<\/strong>, utilis\u00e9s bien au-del\u00e0 de votre \u00e9v\u00e9nement, continuent de porter votre message \u00e9coresponsable dans le quotidien de vos participants.<\/p>\n\n\n\n<p>Pour conclure, en embrassant pleinement cette d\u00e9marche \u00e9coresponsable, vous ne vous contentez pas de r\u00e9duire votre impact environnemental. Vous cr\u00e9ez une exp\u00e9rience m\u00e9morable, vous renforcez votre image de marque et vous inspirez d&rsquo;autres \u00e0 suivre votre exemple. <br>Rendez-vous sur <strong>legobeletfrancais.fr<\/strong> pour d\u00e9couvrir ou cr\u00e9er de jolis visuels, sur des gobelets r\u00e9utilisables respectueux de l&rsquo;environnement !<\/p>\n\n\n\n<p><\/p>\n","protected":false},"excerpt":{"rendered":"<p>Nous vivons \u00e0 une \u00e9poque o\u00f9 la conscience environnementale prend une place de plus en plus importante dans notre soci\u00e9t\u00e9. Organiser un \u00e9v\u00e9nement \u00e9coresponsable est devenu une priorit\u00e9 pour de nombreux organisateurs. Nous allons vous montrer comment Le Gobelet Fran\u00e7ais qui propose des gobelets personnalis\u00e9s z\u00e9ro d\u00e9chet peuvent r\u00e9former vos \u00e9v\u00e9nements et contribuer \u00e0 r\u00e9duire [&hellip;]<\/p>\n","protected":false},"author":5,"featured_media":759,"comment_status":"open","ping_status":"open","sticky":false,"template":"","format":"standard","meta":{"footnotes":""},"categories":[1],"tags":[],"class_list":["post-754","post","type-post","status-publish","format-standard","has-post-thumbnail","hentry","category-divers"],"blocksy_meta":[],"yoast_head":"<!-- This site is optimized with the Yoast SEO plugin v27.5 - https:\/\/yoast.com\/product\/yoast-seo-wordpress\/ -->\n<title>Organiser un \u00e9v\u00e9nement \u00e9coresponsable : optez pour des gobelets personnalis\u00e9s z\u00e9ro d\u00e9chet - Le Gobelet Fran\u00e7ais Blog<\/title>\n<meta name=\"robots\" content=\"index, follow, max-snippet:-1, max-image-preview:large, max-video-preview:-1\" \/>\n<link rel=\"canonical\" href=\"https:\/\/www.legobeletfrancais.fr\/blog\/organiser-un-evenement-ecoresponsable-optez-pour-des-gobelets-personnalises-zero-dechet\/\" \/>\n<meta property=\"og:locale\" content=\"fr_FR\" \/>\n<meta property=\"og:type\" content=\"article\" \/>\n<meta property=\"og:title\" content=\"Organiser un \u00e9v\u00e9nement \u00e9coresponsable : optez pour des gobelets personnalis\u00e9s z\u00e9ro d\u00e9chet - Le Gobelet Fran\u00e7ais Blog\" \/>\n<meta property=\"og:description\" content=\"Nous vivons \u00e0 une \u00e9poque o\u00f9 la conscience environnementale prend une place de plus en plus importante dans notre soci\u00e9t\u00e9. Organiser un \u00e9v\u00e9nement \u00e9coresponsable est devenu une priorit\u00e9 pour de nombreux organisateurs. Nous allons vous montrer comment Le Gobelet Fran\u00e7ais qui propose des gobelets personnalis\u00e9s z\u00e9ro d\u00e9chet peuvent r\u00e9former vos \u00e9v\u00e9nements et contribuer \u00e0 r\u00e9duire [&hellip;]\" \/>\n<meta property=\"og:url\" content=\"https:\/\/www.legobeletfrancais.fr\/blog\/organiser-un-evenement-ecoresponsable-optez-pour-des-gobelets-personnalises-zero-dechet\/\" \/>\n<meta property=\"og:site_name\" content=\"Le Gobelet Fran\u00e7ais Blog\" \/>\n<meta property=\"article:published_time\" content=\"2025-02-19T13:36:40+00:00\" \/>\n<meta property=\"article:modified_time\" content=\"2026-01-27T10:35:53+00:00\" \/>\n<meta property=\"og:image\" content=\"https:\/\/www.legobeletfrancais.fr\/blog\/wp-content\/uploads\/2025\/02\/MINIATURES-ARTICLES-goal-cup.png\" \/>\n\t<meta property=\"og:image:width\" content=\"750\" \/>\n\t<meta property=\"og:image:height\" content=\"500\" \/>\n\t<meta property=\"og:image:type\" content=\"image\/png\" \/>\n<meta name=\"author\" content=\"Danae\" \/>\n<meta name=\"twitter:card\" content=\"summary_large_image\" \/>\n<meta name=\"twitter:label1\" content=\"\u00c9crit par\" \/>\n\t<meta name=\"twitter:data1\" content=\"Danae\" \/>\n\t<meta name=\"twitter:label2\" content=\"Dur\u00e9e de lecture estim\u00e9e\" \/>\n\t<meta name=\"twitter:data2\" content=\"6 minutes\" \/>\n<script type=\"application\/ld+json\" class=\"yoast-schema-graph\">{\"@context\":\"https:\\\/\\\/schema.org\",\"@graph\":[{\"@type\":\"Article\",\"@id\":\"https:\\\/\\\/www.legobeletfrancais.fr\\\/blog\\\/organiser-un-evenement-ecoresponsable-optez-pour-des-gobelets-personnalises-zero-dechet\\\/#article\",\"isPartOf\":{\"@id\":\"https:\\\/\\\/www.legobeletfrancais.fr\\\/blog\\\/organiser-un-evenement-ecoresponsable-optez-pour-des-gobelets-personnalises-zero-dechet\\\/\"},\"author\":{\"name\":\"Danae\",\"@id\":\"https:\\\/\\\/www.legobeletfrancais.fr\\\/blog\\\/#\\\/schema\\\/person\\\/e1b9137e6e34f7b77751fe88b51d1e30\"},\"headline\":\"Organiser un \u00e9v\u00e9nement \u00e9coresponsable : optez pour des gobelets personnalis\u00e9s z\u00e9ro d\u00e9chet\",\"datePublished\":\"2025-02-19T13:36:40+00:00\",\"dateModified\":\"2026-01-27T10:35:53+00:00\",\"mainEntityOfPage\":{\"@id\":\"https:\\\/\\\/www.legobeletfrancais.fr\\\/blog\\\/organiser-un-evenement-ecoresponsable-optez-pour-des-gobelets-personnalises-zero-dechet\\\/\"},\"wordCount\":955,\"commentCount\":0,\"image\":{\"@id\":\"https:\\\/\\\/www.legobeletfrancais.fr\\\/blog\\\/organiser-un-evenement-ecoresponsable-optez-pour-des-gobelets-personnalises-zero-dechet\\\/#primaryimage\"},\"thumbnailUrl\":\"https:\\\/\\\/www.legobeletfrancais.fr\\\/blog\\\/wp-content\\\/uploads\\\/2025\\\/02\\\/MINIATURES-ARTICLES-goal-cup.png\",\"articleSection\":[\"Divers\"],\"inLanguage\":\"fr-FR\",\"potentialAction\":[{\"@type\":\"CommentAction\",\"name\":\"Comment\",\"target\":[\"https:\\\/\\\/www.legobeletfrancais.fr\\\/blog\\\/organiser-un-evenement-ecoresponsable-optez-pour-des-gobelets-personnalises-zero-dechet\\\/#respond\"]}]},{\"@type\":\"WebPage\",\"@id\":\"https:\\\/\\\/www.legobeletfrancais.fr\\\/blog\\\/organiser-un-evenement-ecoresponsable-optez-pour-des-gobelets-personnalises-zero-dechet\\\/\",\"url\":\"https:\\\/\\\/www.legobeletfrancais.fr\\\/blog\\\/organiser-un-evenement-ecoresponsable-optez-pour-des-gobelets-personnalises-zero-dechet\\\/\",\"name\":\"Organiser un \u00e9v\u00e9nement \u00e9coresponsable : optez pour des gobelets personnalis\u00e9s z\u00e9ro d\u00e9chet - Le Gobelet Fran\u00e7ais Blog\",\"isPartOf\":{\"@id\":\"https:\\\/\\\/www.legobeletfrancais.fr\\\/blog\\\/#website\"},\"primaryImageOfPage\":{\"@id\":\"https:\\\/\\\/www.legobeletfrancais.fr\\\/blog\\\/organiser-un-evenement-ecoresponsable-optez-pour-des-gobelets-personnalises-zero-dechet\\\/#primaryimage\"},\"image\":{\"@id\":\"https:\\\/\\\/www.legobeletfrancais.fr\\\/blog\\\/organiser-un-evenement-ecoresponsable-optez-pour-des-gobelets-personnalises-zero-dechet\\\/#primaryimage\"},\"thumbnailUrl\":\"https:\\\/\\\/www.legobeletfrancais.fr\\\/blog\\\/wp-content\\\/uploads\\\/2025\\\/02\\\/MINIATURES-ARTICLES-goal-cup.png\",\"datePublished\":\"2025-02-19T13:36:40+00:00\",\"dateModified\":\"2026-01-27T10:35:53+00:00\",\"author\":{\"@id\":\"https:\\\/\\\/www.legobeletfrancais.fr\\\/blog\\\/#\\\/schema\\\/person\\\/e1b9137e6e34f7b77751fe88b51d1e30\"},\"breadcrumb\":{\"@id\":\"https:\\\/\\\/www.legobeletfrancais.fr\\\/blog\\\/organiser-un-evenement-ecoresponsable-optez-pour-des-gobelets-personnalises-zero-dechet\\\/#breadcrumb\"},\"inLanguage\":\"fr-FR\",\"potentialAction\":[{\"@type\":\"ReadAction\",\"target\":[\"https:\\\/\\\/www.legobeletfrancais.fr\\\/blog\\\/organiser-un-evenement-ecoresponsable-optez-pour-des-gobelets-personnalises-zero-dechet\\\/\"]}]},{\"@type\":\"ImageObject\",\"inLanguage\":\"fr-FR\",\"@id\":\"https:\\\/\\\/www.legobeletfrancais.fr\\\/blog\\\/organiser-un-evenement-ecoresponsable-optez-pour-des-gobelets-personnalises-zero-dechet\\\/#primaryimage\",\"url\":\"https:\\\/\\\/www.legobeletfrancais.fr\\\/blog\\\/wp-content\\\/uploads\\\/2025\\\/02\\\/MINIATURES-ARTICLES-goal-cup.png\",\"contentUrl\":\"https:\\\/\\\/www.legobeletfrancais.fr\\\/blog\\\/wp-content\\\/uploads\\\/2025\\\/02\\\/MINIATURES-ARTICLES-goal-cup.png\",\"width\":750,\"height\":500,\"caption\":\"Organiser un \u00e9v\u00e9nement \u00e9coresponsable avec des gobelets personnalis\u00e9s\"},{\"@type\":\"BreadcrumbList\",\"@id\":\"https:\\\/\\\/www.legobeletfrancais.fr\\\/blog\\\/organiser-un-evenement-ecoresponsable-optez-pour-des-gobelets-personnalises-zero-dechet\\\/#breadcrumb\",\"itemListElement\":[{\"@type\":\"ListItem\",\"position\":1,\"name\":\"Accueil\",\"item\":\"https:\\\/\\\/www.legobeletfrancais.fr\\\/blog\\\/\"},{\"@type\":\"ListItem\",\"position\":2,\"name\":\"Organiser un \u00e9v\u00e9nement \u00e9coresponsable : optez pour des gobelets personnalis\u00e9s z\u00e9ro d\u00e9chet\"}]},{\"@type\":\"WebSite\",\"@id\":\"https:\\\/\\\/www.legobeletfrancais.fr\\\/blog\\\/#website\",\"url\":\"https:\\\/\\\/www.legobeletfrancais.fr\\\/blog\\\/\",\"name\":\"Le Gobelet Fran\u00e7ais Blog\",\"description\":\"\",\"potentialAction\":[{\"@type\":\"SearchAction\",\"target\":{\"@type\":\"EntryPoint\",\"urlTemplate\":\"https:\\\/\\\/www.legobeletfrancais.fr\\\/blog\\\/?s={search_term_string}\"},\"query-input\":{\"@type\":\"PropertyValueSpecification\",\"valueRequired\":true,\"valueName\":\"search_term_string\"}}],\"inLanguage\":\"fr-FR\"},{\"@type\":\"Person\",\"@id\":\"https:\\\/\\\/www.legobeletfrancais.fr\\\/blog\\\/#\\\/schema\\\/person\\\/e1b9137e6e34f7b77751fe88b51d1e30\",\"name\":\"Danae\",\"image\":{\"@type\":\"ImageObject\",\"inLanguage\":\"fr-FR\",\"@id\":\"https:\\\/\\\/secure.gravatar.com\\\/avatar\\\/2b97231c0d0791a87ddfe33479c44c585a079f5c48341a53fcc3965ab7baf856?s=96&d=mm&r=g\",\"url\":\"https:\\\/\\\/secure.gravatar.com\\\/avatar\\\/2b97231c0d0791a87ddfe33479c44c585a079f5c48341a53fcc3965ab7baf856?s=96&d=mm&r=g\",\"contentUrl\":\"https:\\\/\\\/secure.gravatar.com\\\/avatar\\\/2b97231c0d0791a87ddfe33479c44c585a079f5c48341a53fcc3965ab7baf856?s=96&d=mm&r=g\",\"caption\":\"Danae\"},\"url\":\"https:\\\/\\\/www.legobeletfrancais.fr\\\/blog\\\/author\\\/danae\\\/\"}]}<\/script>\n<!-- \/ Yoast SEO plugin. -->","yoast_head_json":{"title":"Organiser un \u00e9v\u00e9nement \u00e9coresponsable : optez pour des gobelets personnalis\u00e9s z\u00e9ro d\u00e9chet - Le Gobelet Fran\u00e7ais Blog","robots":{"index":"index","follow":"follow","max-snippet":"max-snippet:-1","max-image-preview":"max-image-preview:large","max-video-preview":"max-video-preview:-1"},"canonical":"https:\/\/www.legobeletfrancais.fr\/blog\/organiser-un-evenement-ecoresponsable-optez-pour-des-gobelets-personnalises-zero-dechet\/","og_locale":"fr_FR","og_type":"article","og_title":"Organiser un \u00e9v\u00e9nement \u00e9coresponsable : optez pour des gobelets personnalis\u00e9s z\u00e9ro d\u00e9chet - Le Gobelet Fran\u00e7ais Blog","og_description":"Nous vivons \u00e0 une \u00e9poque o\u00f9 la conscience environnementale prend une place de plus en plus importante dans notre soci\u00e9t\u00e9. Organiser un \u00e9v\u00e9nement \u00e9coresponsable est devenu une priorit\u00e9 pour de nombreux organisateurs. Nous allons vous montrer comment Le Gobelet Fran\u00e7ais qui propose des gobelets personnalis\u00e9s z\u00e9ro d\u00e9chet peuvent r\u00e9former vos \u00e9v\u00e9nements et contribuer \u00e0 r\u00e9duire [&hellip;]","og_url":"https:\/\/www.legobeletfrancais.fr\/blog\/organiser-un-evenement-ecoresponsable-optez-pour-des-gobelets-personnalises-zero-dechet\/","og_site_name":"Le Gobelet Fran\u00e7ais Blog","article_published_time":"2025-02-19T13:36:40+00:00","article_modified_time":"2026-01-27T10:35:53+00:00","og_image":[{"width":750,"height":500,"url":"https:\/\/www.legobeletfrancais.fr\/blog\/wp-content\/uploads\/2025\/02\/MINIATURES-ARTICLES-goal-cup.png","type":"image\/png"}],"author":"Danae","twitter_card":"summary_large_image","twitter_misc":{"\u00c9crit par":"Danae","Dur\u00e9e de lecture estim\u00e9e":"6 minutes"},"schema":{"@context":"https:\/\/schema.org","@graph":[{"@type":"Article","@id":"https:\/\/www.legobeletfrancais.fr\/blog\/organiser-un-evenement-ecoresponsable-optez-pour-des-gobelets-personnalises-zero-dechet\/#article","isPartOf":{"@id":"https:\/\/www.legobeletfrancais.fr\/blog\/organiser-un-evenement-ecoresponsable-optez-pour-des-gobelets-personnalises-zero-dechet\/"},"author":{"name":"Danae","@id":"https:\/\/www.legobeletfrancais.fr\/blog\/#\/schema\/person\/e1b9137e6e34f7b77751fe88b51d1e30"},"headline":"Organiser un \u00e9v\u00e9nement \u00e9coresponsable : optez pour des gobelets personnalis\u00e9s z\u00e9ro d\u00e9chet","datePublished":"2025-02-19T13:36:40+00:00","dateModified":"2026-01-27T10:35:53+00:00","mainEntityOfPage":{"@id":"https:\/\/www.legobeletfrancais.fr\/blog\/organiser-un-evenement-ecoresponsable-optez-pour-des-gobelets-personnalises-zero-dechet\/"},"wordCount":955,"commentCount":0,"image":{"@id":"https:\/\/www.legobeletfrancais.fr\/blog\/organiser-un-evenement-ecoresponsable-optez-pour-des-gobelets-personnalises-zero-dechet\/#primaryimage"},"thumbnailUrl":"https:\/\/www.legobeletfrancais.fr\/blog\/wp-content\/uploads\/2025\/02\/MINIATURES-ARTICLES-goal-cup.png","articleSection":["Divers"],"inLanguage":"fr-FR","potentialAction":[{"@type":"CommentAction","name":"Comment","target":["https:\/\/www.legobeletfrancais.fr\/blog\/organiser-un-evenement-ecoresponsable-optez-pour-des-gobelets-personnalises-zero-dechet\/#respond"]}]},{"@type":"WebPage","@id":"https:\/\/www.legobeletfrancais.fr\/blog\/organiser-un-evenement-ecoresponsable-optez-pour-des-gobelets-personnalises-zero-dechet\/","url":"https:\/\/www.legobeletfrancais.fr\/blog\/organiser-un-evenement-ecoresponsable-optez-pour-des-gobelets-personnalises-zero-dechet\/","name":"Organiser un \u00e9v\u00e9nement \u00e9coresponsable : optez pour des gobelets personnalis\u00e9s z\u00e9ro d\u00e9chet - Le Gobelet Fran\u00e7ais Blog","isPartOf":{"@id":"https:\/\/www.legobeletfrancais.fr\/blog\/#website"},"primaryImageOfPage":{"@id":"https:\/\/www.legobeletfrancais.fr\/blog\/organiser-un-evenement-ecoresponsable-optez-pour-des-gobelets-personnalises-zero-dechet\/#primaryimage"},"image":{"@id":"https:\/\/www.legobeletfrancais.fr\/blog\/organiser-un-evenement-ecoresponsable-optez-pour-des-gobelets-personnalises-zero-dechet\/#primaryimage"},"thumbnailUrl":"https:\/\/www.legobeletfrancais.fr\/blog\/wp-content\/uploads\/2025\/02\/MINIATURES-ARTICLES-goal-cup.png","datePublished":"2025-02-19T13:36:40+00:00","dateModified":"2026-01-27T10:35:53+00:00","author":{"@id":"https:\/\/www.legobeletfrancais.fr\/blog\/#\/schema\/person\/e1b9137e6e34f7b77751fe88b51d1e30"},"breadcrumb":{"@id":"https:\/\/www.legobeletfrancais.fr\/blog\/organiser-un-evenement-ecoresponsable-optez-pour-des-gobelets-personnalises-zero-dechet\/#breadcrumb"},"inLanguage":"fr-FR","potentialAction":[{"@type":"ReadAction","target":["https:\/\/www.legobeletfrancais.fr\/blog\/organiser-un-evenement-ecoresponsable-optez-pour-des-gobelets-personnalises-zero-dechet\/"]}]},{"@type":"ImageObject","inLanguage":"fr-FR","@id":"https:\/\/www.legobeletfrancais.fr\/blog\/organiser-un-evenement-ecoresponsable-optez-pour-des-gobelets-personnalises-zero-dechet\/#primaryimage","url":"https:\/\/www.legobeletfrancais.fr\/blog\/wp-content\/uploads\/2025\/02\/MINIATURES-ARTICLES-goal-cup.png","contentUrl":"https:\/\/www.legobeletfrancais.fr\/blog\/wp-content\/uploads\/2025\/02\/MINIATURES-ARTICLES-goal-cup.png","width":750,"height":500,"caption":"Organiser un \u00e9v\u00e9nement \u00e9coresponsable avec des gobelets personnalis\u00e9s"},{"@type":"BreadcrumbList","@id":"https:\/\/www.legobeletfrancais.fr\/blog\/organiser-un-evenement-ecoresponsable-optez-pour-des-gobelets-personnalises-zero-dechet\/#breadcrumb","itemListElement":[{"@type":"ListItem","position":1,"name":"Accueil","item":"https:\/\/www.legobeletfrancais.fr\/blog\/"},{"@type":"ListItem","position":2,"name":"Organiser un \u00e9v\u00e9nement \u00e9coresponsable : optez pour des gobelets personnalis\u00e9s z\u00e9ro d\u00e9chet"}]},{"@type":"WebSite","@id":"https:\/\/www.legobeletfrancais.fr\/blog\/#website","url":"https:\/\/www.legobeletfrancais.fr\/blog\/","name":"Le Gobelet Fran\u00e7ais Blog","description":"","potentialAction":[{"@type":"SearchAction","target":{"@type":"EntryPoint","urlTemplate":"https:\/\/www.legobeletfrancais.fr\/blog\/?s={search_term_string}"},"query-input":{"@type":"PropertyValueSpecification","valueRequired":true,"valueName":"search_term_string"}}],"inLanguage":"fr-FR"},{"@type":"Person","@id":"https:\/\/www.legobeletfrancais.fr\/blog\/#\/schema\/person\/e1b9137e6e34f7b77751fe88b51d1e30","name":"Danae","image":{"@type":"ImageObject","inLanguage":"fr-FR","@id":"https:\/\/secure.gravatar.com\/avatar\/2b97231c0d0791a87ddfe33479c44c585a079f5c48341a53fcc3965ab7baf856?s=96&d=mm&r=g","url":"https:\/\/secure.gravatar.com\/avatar\/2b97231c0d0791a87ddfe33479c44c585a079f5c48341a53fcc3965ab7baf856?s=96&d=mm&r=g","contentUrl":"https:\/\/secure.gravatar.com\/avatar\/2b97231c0d0791a87ddfe33479c44c585a079f5c48341a53fcc3965ab7baf856?s=96&d=mm&r=g","caption":"Danae"},"url":"https:\/\/www.legobeletfrancais.fr\/blog\/author\/danae\/"}]}},"_links":{"self":[{"href":"https:\/\/www.legobeletfrancais.fr\/blog\/wp-json\/wp\/v2\/posts\/754","targetHints":{"allow":["GET"]}}],"collection":[{"href":"https:\/\/www.legobeletfrancais.fr\/blog\/wp-json\/wp\/v2\/posts"}],"about":[{"href":"https:\/\/www.legobeletfrancais.fr\/blog\/wp-json\/wp\/v2\/types\/post"}],"author":[{"embeddable":true,"href":"https:\/\/www.legobeletfrancais.fr\/blog\/wp-json\/wp\/v2\/users\/5"}],"replies":[{"embeddable":true,"href":"https:\/\/www.legobeletfrancais.fr\/blog\/wp-json\/wp\/v2\/comments?post=754"}],"version-history":[{"count":5,"href":"https:\/\/www.legobeletfrancais.fr\/blog\/wp-json\/wp\/v2\/posts\/754\/revisions"}],"predecessor-version":[{"id":2031,"href":"https:\/\/www.legobeletfrancais.fr\/blog\/wp-json\/wp\/v2\/posts\/754\/revisions\/2031"}],"wp:featuredmedia":[{"embeddable":true,"href":"https:\/\/www.legobeletfrancais.fr\/blog\/wp-json\/wp\/v2\/media\/759"}],"wp:attachment":[{"href":"https:\/\/www.legobeletfrancais.fr\/blog\/wp-json\/wp\/v2\/media?parent=754"}],"wp:term":[{"taxonomy":"category","embeddable":true,"href":"https:\/\/www.legobeletfrancais.fr\/blog\/wp-json\/wp\/v2\/categories?post=754"},{"taxonomy":"post_tag","embeddable":true,"href":"https:\/\/www.legobeletfrancais.fr\/blog\/wp-json\/wp\/v2\/tags?post=754"}],"curies":[{"name":"wp","href":"https:\/\/api.w.org\/{rel}","templated":true}]}}