{"id":658,"date":"2025-01-28T11:02:20","date_gmt":"2025-01-28T10:02:20","guid":{"rendered":"https:\/\/www.legobeletfrancais.fr\/blog\/?p=658"},"modified":"2026-01-27T11:12:34","modified_gmt":"2026-01-27T10:12:34","slug":"les-gobelets-reutilisables-les-nouveaux-must-have-pour-un-mode-de-vie-ecologique-et-durable","status":"publish","type":"post","link":"https:\/\/www.legobeletfrancais.fr\/blog\/les-gobelets-reutilisables-les-nouveaux-must-have-pour-un-mode-de-vie-ecologique-et-durable\/","title":{"rendered":"Les gobelets r\u00e9utilisables : les nouveaux must-have pour un mode de vie \u00e9cologique et durable !"},"content":{"rendered":"\n<p>Aujourd&rsquo;hui, la prise de conscience environnementale est \u00e0 son apog\u00e9e. Chacun essaie de r\u00e9duire son <strong>empreinte carbone<\/strong>, et cela passe par de petits gestes quotidiens. Parmi ces actions, l&rsquo;utilisation des <strong>gobelets r\u00e9utilisables<\/strong> s&rsquo;impose progressivement comme une habitude incontournable. <\/p>\n\n\n\n<p class=\"has-text-align-center\"><em>Plus qu&rsquo;un simple effet de mode, c&rsquo;est une v\u00e9ritable r\u00e9volution dans notre mani\u00e8re de consommer.<\/em><\/p>\n\n\n\n<h2 class=\"wp-block-heading\">Pourquoi choisir des gobelets r\u00e9utilisables ?<\/h2>\n\n\n\n<p>Le choix des <strong><a href=\"https:\/\/www.legobeletfrancais.fr\/\">gobelets r\u00e9utilisables<\/a><\/strong> pr\u00e9sente de nombreux avantages. Premi\u00e8rement, ils sont <strong>\u00e9cologiques<\/strong>. En r\u00e9duisant drastiquement le nombre de gobelets jetables utilis\u00e9s, on limite consid\u00e9rablement la production de d\u00e9chets plastiques. Saviez-vous que chaque ann\u00e9e, plusieurs milliards de gobelets en plastique finissent dans nos d\u00e9charges ou parfois m\u00eame dans la nature ? Une situation alarmante qui n\u00e9cessite des mesures urgentes.<\/p>\n\n\n\n<p>En plus de contribuer \u00e0 la <strong>r\u00e9duction des d\u00e9chets<\/strong>, les <strong>gobelets r\u00e9utilisables<\/strong> sont <strong>durables<\/strong>. Ils sont fabriqu\u00e9s \u00e0 partir de mat\u00e9riaux robustes comme le <strong>polypropyl\u00e8ne<\/strong>, ce qui leur permet de r\u00e9sister aux chocs et d&rsquo;\u00eatre utilis\u00e9s de nombreuses fois. Imaginez combien de gobelets jetables vous remplacerez avec seulement quelques <strong>gobelets r\u00e9utilisables<\/strong>. Vous ferez ainsi non seulement un geste pour la plan\u00e8te, mais aussi des \u00e9conomies sur le long terme.<\/p>\n\n\n\n<h3 class=\"wp-block-heading\">Adopter une d\u00e9marche \u00e9coresponsable<\/h3>\n\n\n\n<div class=\"wp-block-media-text is-stacked-on-mobile is-image-fill-element\" style=\"grid-template-columns:42% auto\"><figure class=\"wp-block-media-text__media\"><img fetchpriority=\"high\" decoding=\"async\" width=\"683\" height=\"1024\" src=\"https:\/\/www.legobeletfrancais.fr\/blog\/wp-content\/uploads\/2024\/12\/DSC_2398-683x1024.jpg\" alt=\"DSC 2398\" class=\"wp-image-659 size-full\" style=\"object-position:50% 50%\" srcset=\"https:\/\/www.legobeletfrancais.fr\/blog\/wp-content\/uploads\/2024\/12\/DSC_2398-683x1024.jpg 683w, https:\/\/www.legobeletfrancais.fr\/blog\/wp-content\/uploads\/2024\/12\/DSC_2398-200x300.jpg 200w, https:\/\/www.legobeletfrancais.fr\/blog\/wp-content\/uploads\/2024\/12\/DSC_2398-768x1152.jpg 768w, https:\/\/www.legobeletfrancais.fr\/blog\/wp-content\/uploads\/2024\/12\/DSC_2398-1024x1536.jpg 1024w, https:\/\/www.legobeletfrancais.fr\/blog\/wp-content\/uploads\/2024\/12\/DSC_2398-1365x2048.jpg 1365w, https:\/\/www.legobeletfrancais.fr\/blog\/wp-content\/uploads\/2024\/12\/DSC_2398-scaled.jpg 1707w\" sizes=\"(max-width: 683px) 100vw, 683px\" \/><\/figure><div class=\"wp-block-media-text__content\">\n<p>S&rsquo;\u00e9quiper de <strong>gobelets r\u00e9utilisables<\/strong> est \u00e9galement un moyen de d\u00e9montrer son engagement pour la plan\u00e8te. Que ce soit \u00e0 la maison, au bureau ou lors d&rsquo;<strong>\u00e9v\u00e9nements<\/strong>, ces gobelets montrent que vous prenez au s\u00e9rieux votre responsabilit\u00e9 environnementale. Cela peut m\u00eame inciter ceux qui vous entourent \u00e0 embo\u00eeter le pas et \u00e0 adopter, eux aussi, des comportements plus verts.<\/p>\n\n\n\n<p class=\"has-background\" style=\"background-color:#de352c12;padding-top:var(--wp--preset--spacing--30);padding-right:var(--wp--preset--spacing--20);padding-bottom:var(--wp--preset--spacing--30);padding-left:var(--wp--preset--spacing--20)\">Dans cette optique, il existe de nombreuses <strong>options de personnalisation<\/strong>. <br>Vous pouvez, par exemple, faire graver le logo de votre entreprise ou des motifs qui vous tiennent \u00e0 c\u0153ur.<\/p>\n\n\n\n<p> Ainsi, ces <strong>gobelets<\/strong> ne seront pas seulement pratiques, mais aussi esth\u00e9tiques et \u00e0 votre go\u00fbt.<\/p>\n<\/div><\/div>\n\n\n\n<h3 class=\"wp-block-heading\">L&rsquo;impact sur la sant\u00e9<\/h3>\n\n\n\n<p>Utiliser des <strong>gobelets r\u00e9utilisables<\/strong> contribue \u00e9galement \u00e0 am\u00e9liorer la sant\u00e9 publique. En \u00e9vitant des produits chimiques potentiellement dangereux pr\u00e9sents dans le plastique jetable (comme le Bisph\u00e9nol A), votre exposition \u00e0 ces substances nocives est r\u00e9duite. De plus, ces <strong>gobelets<\/strong> peuvent \u00eatre nettoy\u00e9s proprement, notamment gr\u00e2ce au <strong>lave-vaisselle<\/strong>, garantissant ainsi une hygi\u00e8ne parfaite \u00e0 chaque utilisation.<\/p>\n\n\n\n<h2 class=\"wp-block-heading\">Des alternatives attractives aux gobelets jetables<\/h2>\n\n\n\n<div class=\"wp-block-columns are-vertically-aligned-center is-layout-flex wp-container-core-columns-is-layout-28f84493 wp-block-columns-is-layout-flex\">\n<div class=\"wp-block-column is-vertically-aligned-center is-layout-flow wp-block-column-is-layout-flow\" style=\"flex-basis:70%\">\n<p>Divers mod\u00e8les de <strong>gobelets r\u00e9utilisables<\/strong> existent sur le march\u00e9. Leur gamme est \u00e9tendue pour r\u00e9pondre \u00e0 diff\u00e9rents besoins et pr\u00e9f\u00e9rences stylistiques. Depuis les simples gobelets en acier inoxydable aux autres faits en bambou, chaque type apporte une touche unique tout en restant fonctionnel.<\/p>\n\n\n\n<p>\u00c0 noter aussi, certaines variantes poss\u00e8dent des isolations thermiques permettant de maintenir vos boissons chaudes ou froides plus longtemps. Pratiques, ces <strong>gobelets<\/strong> facilitent grandement la consommation de boissons en ext\u00e9rieur, lors de picnics ou encore durant les longues journ\u00e9es de travail.<\/p>\n<\/div>\n\n\n\n<div class=\"wp-block-column is-vertically-aligned-center is-layout-flow wp-block-column-is-layout-flow\" style=\"flex-basis:30%\">\n<figure class=\"wp-block-image\"><img decoding=\"async\" width=\"683\" height=\"1024\" src=\"https:\/\/www.legobeletfrancais.fr\/blog\/wp-content\/uploads\/2024\/12\/DSC_6132-683x1024.jpg\" alt=\"DSC 6132\" class=\"wp-image-664\" srcset=\"https:\/\/www.legobeletfrancais.fr\/blog\/wp-content\/uploads\/2024\/12\/DSC_6132-683x1024.jpg 683w, https:\/\/www.legobeletfrancais.fr\/blog\/wp-content\/uploads\/2024\/12\/DSC_6132-200x300.jpg 200w, https:\/\/www.legobeletfrancais.fr\/blog\/wp-content\/uploads\/2024\/12\/DSC_6132-768x1152.jpg 768w, https:\/\/www.legobeletfrancais.fr\/blog\/wp-content\/uploads\/2024\/12\/DSC_6132-1024x1536.jpg 1024w, https:\/\/www.legobeletfrancais.fr\/blog\/wp-content\/uploads\/2024\/12\/DSC_6132-1365x2048.jpg 1365w, https:\/\/www.legobeletfrancais.fr\/blog\/wp-content\/uploads\/2024\/12\/DSC_6132-scaled.jpg 1707w\" sizes=\"(max-width: 683px) 100vw, 683px\" \/><\/figure>\n<\/div>\n<\/div>\n\n\n\n<h3 class=\"wp-block-heading\">Facilit\u00e9 d&rsquo;entretien<\/h3>\n\n\n\n<p>Lorsqu&rsquo;il s&rsquo;agit de vaisselle, la praticit\u00e9 est un crit\u00e8re majeur. Fort heureusement, les <strong>gobelets r\u00e9utilisables<\/strong> marient utilit\u00e9 quotidienne et aisance de nettoyage. Compatibles avec le <strong>lave-vaisselle<\/strong>, ils se lavent vite sans effort particulier. Ceci encourage davantage leur adoption contrairement aux mythiques verres qui demandent souvent des soins minutieux.<\/p>\n\n\n\n<p>De plus, les mat\u00e9riaux utilis\u00e9s sont g\u00e9n\u00e9ralement r\u00e9sistants aux t\u00e2ches et peu propices aux mauvaises odeurs. Gr\u00e2ce \u00e0 cette facilit\u00e9 d\u2019entretien, il n\u2019y a aucune excuse pour ne pas opter pour des <strong>gobelets r\u00e9utilisables<\/strong> au quotidien.<\/p>\n\n\n\n<h3 class=\"wp-block-heading\">La communaut\u00e9 des utilisateurs de gobelets r\u00e9utilisables<\/h3>\n\n\n\n<p>Adopter les <strong>gobelets r\u00e9utilisables<\/strong> c\u2019est rejoindre une communaut\u00e9 grandissante de personnes soucieuses de l\u2019impact environnemental. Cette solidarit\u00e9 renforce les initiatives visant \u00e0 pr\u00e9server notre plan\u00e8te et prouve que chaque geste compte. Plus nous serons nombreux \u00e0 franchir le cap, plus les r\u00e9sultats seront tangibles.<\/p>\n\n\n\n<p>Les r\u00e9seaux sociaux permettent maintenant de partager astuces et t\u00e9moignages autour de l\u2019usage des <strong>gobelets r\u00e9utilisables<\/strong>. Ce partage d\u2019exp\u00e9rience contribue beaucoup \u00e0 diffuser largement cet usage responsable.<\/p>\n\n\n\n<h2 class=\"wp-block-heading\">Des initiatives motivantes<\/h2>\n\n\n\n<p>Certaines municipalit\u00e9s commencent \u00e0 imposer l\u2019abandon progressif des accessoires \u00e0 usages uniques lors des festivals. Ces d\u00e9cisions locales prouvent que le tournant vers une consommation durable n\u2019est plus utopique, mais bien r\u00e9el. Preuve suppl\u00e9mentaire, les grandes manifestations culturelles passent \u00e9galement aux <strong>gobelets r\u00e9utilisables<\/strong>. Festivals de musique, foires exposantes ou m\u00eame matchs sportifs, tous tendent \u00e0 bannir les objets \u00e9ph\u00e9m\u00e8res polluants.<\/p>\n\n\n\n<p>Plusieurs soci\u00e9t\u00e9s d\u00e9veloppent d\u00e9sormais des programmes sp\u00e9ciaux incitant leurs personnels \u00e0 utiliser des solutions recyclables, y compris forcement ces fameux <strong>gobelets r\u00e9utilisables<\/strong>. Parfois contre des encouragements financiers symboliques ou via cuisines appropri\u00e9es \u00e9quip\u00e9es.<\/p>\n\n\n\n<h3 class=\"wp-block-heading\">Allier pratique et \u00e9conomie<\/h3>\n\n\n\n<p>Les vertus \u00e9conomiques des <strong>gobelets durables<\/strong> ne sont pas \u00e0 n\u00e9gliger non plus. Bien que l\u00e9g\u00e8rement plus chers \u00e0 l&rsquo;achat, ils se r\u00e9v\u00e8lent rapidement rentables face \u00e0 l&rsquo;accumulation mensuelle puis annuelle des fournitures jetables renouvel\u00e9es constamment.<\/p>\n\n\n\n<p>Optez efficacement pour ces contenants p\u00e9rennes implique donc anticiper intelligemment ses besoins futurs. Que ce soit dans un contexte domestique, associatif voire professionnel, les \u00e9conomies r\u00e9alis\u00e9es gr\u00e2ce cet achat raisonn\u00e9 sont palpables.<\/p>\n","protected":false},"excerpt":{"rendered":"<p>Aujourd&rsquo;hui, la prise de conscience environnementale est \u00e0 son apog\u00e9e. Chacun essaie de r\u00e9duire son empreinte carbone, et cela passe par de petits gestes quotidiens. Parmi ces actions, l&rsquo;utilisation des gobelets r\u00e9utilisables s&rsquo;impose progressivement comme une habitude incontournable. Plus qu&rsquo;un simple effet de mode, c&rsquo;est une v\u00e9ritable r\u00e9volution dans notre mani\u00e8re de consommer. Pourquoi choisir [&hellip;]<\/p>\n","protected":false},"author":4,"featured_media":669,"comment_status":"open","ping_status":"open","sticky":false,"template":"","format":"standard","meta":{"footnotes":""},"categories":[1],"tags":[],"class_list":["post-658","post","type-post","status-publish","format-standard","has-post-thumbnail","hentry","category-divers"],"blocksy_meta":[],"yoast_head":"<!-- This site is optimized with the Yoast SEO plugin v27.5 - https:\/\/yoast.com\/product\/yoast-seo-wordpress\/ -->\n<title>Les gobelets r\u00e9utilisables : les nouveaux must-have pour un mode de vie \u00e9cologique et durable ! - Le Gobelet Fran\u00e7ais Blog<\/title>\n<meta name=\"robots\" content=\"index, follow, max-snippet:-1, max-image-preview:large, max-video-preview:-1\" \/>\n<link rel=\"canonical\" href=\"https:\/\/www.legobeletfrancais.fr\/blog\/les-gobelets-reutilisables-les-nouveaux-must-have-pour-un-mode-de-vie-ecologique-et-durable\/\" \/>\n<meta property=\"og:locale\" content=\"fr_FR\" \/>\n<meta property=\"og:type\" content=\"article\" \/>\n<meta property=\"og:title\" content=\"Les gobelets r\u00e9utilisables : les nouveaux must-have pour un mode de vie \u00e9cologique et durable ! - Le Gobelet Fran\u00e7ais Blog\" \/>\n<meta property=\"og:description\" content=\"Aujourd&rsquo;hui, la prise de conscience environnementale est \u00e0 son apog\u00e9e. Chacun essaie de r\u00e9duire son empreinte carbone, et cela passe par de petits gestes quotidiens. Parmi ces actions, l&rsquo;utilisation des gobelets r\u00e9utilisables s&rsquo;impose progressivement comme une habitude incontournable. Plus qu&rsquo;un simple effet de mode, c&rsquo;est une v\u00e9ritable r\u00e9volution dans notre mani\u00e8re de consommer. Pourquoi choisir [&hellip;]\" \/>\n<meta property=\"og:url\" content=\"https:\/\/www.legobeletfrancais.fr\/blog\/les-gobelets-reutilisables-les-nouveaux-must-have-pour-un-mode-de-vie-ecologique-et-durable\/\" \/>\n<meta property=\"og:site_name\" content=\"Le Gobelet Fran\u00e7ais Blog\" \/>\n<meta property=\"article:published_time\" content=\"2025-01-28T10:02:20+00:00\" \/>\n<meta property=\"article:modified_time\" content=\"2026-01-27T10:12:34+00:00\" \/>\n<meta property=\"og:image\" content=\"https:\/\/www.legobeletfrancais.fr\/blog\/wp-content\/uploads\/2024\/12\/MINIATURES-ARTICLES-3.png\" \/>\n\t<meta property=\"og:image:width\" content=\"750\" \/>\n\t<meta property=\"og:image:height\" content=\"500\" \/>\n\t<meta property=\"og:image:type\" content=\"image\/png\" \/>\n<meta name=\"author\" content=\"Ma\u00eblyne\" \/>\n<meta name=\"twitter:card\" content=\"summary_large_image\" \/>\n<meta name=\"twitter:label1\" content=\"\u00c9crit par\" \/>\n\t<meta name=\"twitter:data1\" content=\"Ma\u00eblyne\" \/>\n\t<meta name=\"twitter:label2\" content=\"Dur\u00e9e de lecture estim\u00e9e\" \/>\n\t<meta name=\"twitter:data2\" content=\"5 minutes\" \/>\n<script type=\"application\/ld+json\" class=\"yoast-schema-graph\">{\"@context\":\"https:\\\/\\\/schema.org\",\"@graph\":[{\"@type\":\"Article\",\"@id\":\"https:\\\/\\\/www.legobeletfrancais.fr\\\/blog\\\/les-gobelets-reutilisables-les-nouveaux-must-have-pour-un-mode-de-vie-ecologique-et-durable\\\/#article\",\"isPartOf\":{\"@id\":\"https:\\\/\\\/www.legobeletfrancais.fr\\\/blog\\\/les-gobelets-reutilisables-les-nouveaux-must-have-pour-un-mode-de-vie-ecologique-et-durable\\\/\"},\"author\":{\"name\":\"Ma\u00eblyne\",\"@id\":\"https:\\\/\\\/www.legobeletfrancais.fr\\\/blog\\\/#\\\/schema\\\/person\\\/bda18839379824ce3cc272abd16749dd\"},\"headline\":\"Les gobelets r\u00e9utilisables : les nouveaux must-have pour un mode de vie \u00e9cologique et durable !\",\"datePublished\":\"2025-01-28T10:02:20+00:00\",\"dateModified\":\"2026-01-27T10:12:34+00:00\",\"mainEntityOfPage\":{\"@id\":\"https:\\\/\\\/www.legobeletfrancais.fr\\\/blog\\\/les-gobelets-reutilisables-les-nouveaux-must-have-pour-un-mode-de-vie-ecologique-et-durable\\\/\"},\"wordCount\":875,\"commentCount\":0,\"image\":{\"@id\":\"https:\\\/\\\/www.legobeletfrancais.fr\\\/blog\\\/les-gobelets-reutilisables-les-nouveaux-must-have-pour-un-mode-de-vie-ecologique-et-durable\\\/#primaryimage\"},\"thumbnailUrl\":\"https:\\\/\\\/www.legobeletfrancais.fr\\\/blog\\\/wp-content\\\/uploads\\\/2024\\\/12\\\/MINIATURES-ARTICLES-3.png\",\"articleSection\":[\"Divers\"],\"inLanguage\":\"fr-FR\",\"potentialAction\":[{\"@type\":\"CommentAction\",\"name\":\"Comment\",\"target\":[\"https:\\\/\\\/www.legobeletfrancais.fr\\\/blog\\\/les-gobelets-reutilisables-les-nouveaux-must-have-pour-un-mode-de-vie-ecologique-et-durable\\\/#respond\"]}]},{\"@type\":\"WebPage\",\"@id\":\"https:\\\/\\\/www.legobeletfrancais.fr\\\/blog\\\/les-gobelets-reutilisables-les-nouveaux-must-have-pour-un-mode-de-vie-ecologique-et-durable\\\/\",\"url\":\"https:\\\/\\\/www.legobeletfrancais.fr\\\/blog\\\/les-gobelets-reutilisables-les-nouveaux-must-have-pour-un-mode-de-vie-ecologique-et-durable\\\/\",\"name\":\"Les gobelets r\u00e9utilisables : les nouveaux must-have pour un mode de vie \u00e9cologique et durable ! - Le Gobelet Fran\u00e7ais Blog\",\"isPartOf\":{\"@id\":\"https:\\\/\\\/www.legobeletfrancais.fr\\\/blog\\\/#website\"},\"primaryImageOfPage\":{\"@id\":\"https:\\\/\\\/www.legobeletfrancais.fr\\\/blog\\\/les-gobelets-reutilisables-les-nouveaux-must-have-pour-un-mode-de-vie-ecologique-et-durable\\\/#primaryimage\"},\"image\":{\"@id\":\"https:\\\/\\\/www.legobeletfrancais.fr\\\/blog\\\/les-gobelets-reutilisables-les-nouveaux-must-have-pour-un-mode-de-vie-ecologique-et-durable\\\/#primaryimage\"},\"thumbnailUrl\":\"https:\\\/\\\/www.legobeletfrancais.fr\\\/blog\\\/wp-content\\\/uploads\\\/2024\\\/12\\\/MINIATURES-ARTICLES-3.png\",\"datePublished\":\"2025-01-28T10:02:20+00:00\",\"dateModified\":\"2026-01-27T10:12:34+00:00\",\"author\":{\"@id\":\"https:\\\/\\\/www.legobeletfrancais.fr\\\/blog\\\/#\\\/schema\\\/person\\\/bda18839379824ce3cc272abd16749dd\"},\"breadcrumb\":{\"@id\":\"https:\\\/\\\/www.legobeletfrancais.fr\\\/blog\\\/les-gobelets-reutilisables-les-nouveaux-must-have-pour-un-mode-de-vie-ecologique-et-durable\\\/#breadcrumb\"},\"inLanguage\":\"fr-FR\",\"potentialAction\":[{\"@type\":\"ReadAction\",\"target\":[\"https:\\\/\\\/www.legobeletfrancais.fr\\\/blog\\\/les-gobelets-reutilisables-les-nouveaux-must-have-pour-un-mode-de-vie-ecologique-et-durable\\\/\"]}]},{\"@type\":\"ImageObject\",\"inLanguage\":\"fr-FR\",\"@id\":\"https:\\\/\\\/www.legobeletfrancais.fr\\\/blog\\\/les-gobelets-reutilisables-les-nouveaux-must-have-pour-un-mode-de-vie-ecologique-et-durable\\\/#primaryimage\",\"url\":\"https:\\\/\\\/www.legobeletfrancais.fr\\\/blog\\\/wp-content\\\/uploads\\\/2024\\\/12\\\/MINIATURES-ARTICLES-3.png\",\"contentUrl\":\"https:\\\/\\\/www.legobeletfrancais.fr\\\/blog\\\/wp-content\\\/uploads\\\/2024\\\/12\\\/MINIATURES-ARTICLES-3.png\",\"width\":750,\"height\":500,\"caption\":\"Gobelets r\u00e9utilisables\"},{\"@type\":\"BreadcrumbList\",\"@id\":\"https:\\\/\\\/www.legobeletfrancais.fr\\\/blog\\\/les-gobelets-reutilisables-les-nouveaux-must-have-pour-un-mode-de-vie-ecologique-et-durable\\\/#breadcrumb\",\"itemListElement\":[{\"@type\":\"ListItem\",\"position\":1,\"name\":\"Accueil\",\"item\":\"https:\\\/\\\/www.legobeletfrancais.fr\\\/blog\\\/\"},{\"@type\":\"ListItem\",\"position\":2,\"name\":\"Les gobelets r\u00e9utilisables : les nouveaux must-have pour un mode de vie \u00e9cologique et durable !\"}]},{\"@type\":\"WebSite\",\"@id\":\"https:\\\/\\\/www.legobeletfrancais.fr\\\/blog\\\/#website\",\"url\":\"https:\\\/\\\/www.legobeletfrancais.fr\\\/blog\\\/\",\"name\":\"Le Gobelet Fran\u00e7ais Blog\",\"description\":\"\",\"potentialAction\":[{\"@type\":\"SearchAction\",\"target\":{\"@type\":\"EntryPoint\",\"urlTemplate\":\"https:\\\/\\\/www.legobeletfrancais.fr\\\/blog\\\/?s={search_term_string}\"},\"query-input\":{\"@type\":\"PropertyValueSpecification\",\"valueRequired\":true,\"valueName\":\"search_term_string\"}}],\"inLanguage\":\"fr-FR\"},{\"@type\":\"Person\",\"@id\":\"https:\\\/\\\/www.legobeletfrancais.fr\\\/blog\\\/#\\\/schema\\\/person\\\/bda18839379824ce3cc272abd16749dd\",\"name\":\"Ma\u00eblyne\",\"image\":{\"@type\":\"ImageObject\",\"inLanguage\":\"fr-FR\",\"@id\":\"https:\\\/\\\/secure.gravatar.com\\\/avatar\\\/042ed280221f3bb1b44ae1c60c14ef973c2c8f2a596c37dd66ff1de4f4c93c28?s=96&d=mm&r=g\",\"url\":\"https:\\\/\\\/secure.gravatar.com\\\/avatar\\\/042ed280221f3bb1b44ae1c60c14ef973c2c8f2a596c37dd66ff1de4f4c93c28?s=96&d=mm&r=g\",\"contentUrl\":\"https:\\\/\\\/secure.gravatar.com\\\/avatar\\\/042ed280221f3bb1b44ae1c60c14ef973c2c8f2a596c37dd66ff1de4f4c93c28?s=96&d=mm&r=g\",\"caption\":\"Ma\u00eblyne\"},\"url\":\"https:\\\/\\\/www.legobeletfrancais.fr\\\/blog\\\/author\\\/maelyne\\\/\"}]}<\/script>\n<!-- \/ Yoast SEO plugin. -->","yoast_head_json":{"title":"Les gobelets r\u00e9utilisables : les nouveaux must-have pour un mode de vie \u00e9cologique et durable ! - Le Gobelet Fran\u00e7ais Blog","robots":{"index":"index","follow":"follow","max-snippet":"max-snippet:-1","max-image-preview":"max-image-preview:large","max-video-preview":"max-video-preview:-1"},"canonical":"https:\/\/www.legobeletfrancais.fr\/blog\/les-gobelets-reutilisables-les-nouveaux-must-have-pour-un-mode-de-vie-ecologique-et-durable\/","og_locale":"fr_FR","og_type":"article","og_title":"Les gobelets r\u00e9utilisables : les nouveaux must-have pour un mode de vie \u00e9cologique et durable ! - Le Gobelet Fran\u00e7ais Blog","og_description":"Aujourd&rsquo;hui, la prise de conscience environnementale est \u00e0 son apog\u00e9e. Chacun essaie de r\u00e9duire son empreinte carbone, et cela passe par de petits gestes quotidiens. Parmi ces actions, l&rsquo;utilisation des gobelets r\u00e9utilisables s&rsquo;impose progressivement comme une habitude incontournable. Plus qu&rsquo;un simple effet de mode, c&rsquo;est une v\u00e9ritable r\u00e9volution dans notre mani\u00e8re de consommer. Pourquoi choisir [&hellip;]","og_url":"https:\/\/www.legobeletfrancais.fr\/blog\/les-gobelets-reutilisables-les-nouveaux-must-have-pour-un-mode-de-vie-ecologique-et-durable\/","og_site_name":"Le Gobelet Fran\u00e7ais Blog","article_published_time":"2025-01-28T10:02:20+00:00","article_modified_time":"2026-01-27T10:12:34+00:00","og_image":[{"width":750,"height":500,"url":"https:\/\/www.legobeletfrancais.fr\/blog\/wp-content\/uploads\/2024\/12\/MINIATURES-ARTICLES-3.png","type":"image\/png"}],"author":"Ma\u00eblyne","twitter_card":"summary_large_image","twitter_misc":{"\u00c9crit par":"Ma\u00eblyne","Dur\u00e9e de lecture estim\u00e9e":"5 minutes"},"schema":{"@context":"https:\/\/schema.org","@graph":[{"@type":"Article","@id":"https:\/\/www.legobeletfrancais.fr\/blog\/les-gobelets-reutilisables-les-nouveaux-must-have-pour-un-mode-de-vie-ecologique-et-durable\/#article","isPartOf":{"@id":"https:\/\/www.legobeletfrancais.fr\/blog\/les-gobelets-reutilisables-les-nouveaux-must-have-pour-un-mode-de-vie-ecologique-et-durable\/"},"author":{"name":"Ma\u00eblyne","@id":"https:\/\/www.legobeletfrancais.fr\/blog\/#\/schema\/person\/bda18839379824ce3cc272abd16749dd"},"headline":"Les gobelets r\u00e9utilisables : les nouveaux must-have pour un mode de vie \u00e9cologique et durable !","datePublished":"2025-01-28T10:02:20+00:00","dateModified":"2026-01-27T10:12:34+00:00","mainEntityOfPage":{"@id":"https:\/\/www.legobeletfrancais.fr\/blog\/les-gobelets-reutilisables-les-nouveaux-must-have-pour-un-mode-de-vie-ecologique-et-durable\/"},"wordCount":875,"commentCount":0,"image":{"@id":"https:\/\/www.legobeletfrancais.fr\/blog\/les-gobelets-reutilisables-les-nouveaux-must-have-pour-un-mode-de-vie-ecologique-et-durable\/#primaryimage"},"thumbnailUrl":"https:\/\/www.legobeletfrancais.fr\/blog\/wp-content\/uploads\/2024\/12\/MINIATURES-ARTICLES-3.png","articleSection":["Divers"],"inLanguage":"fr-FR","potentialAction":[{"@type":"CommentAction","name":"Comment","target":["https:\/\/www.legobeletfrancais.fr\/blog\/les-gobelets-reutilisables-les-nouveaux-must-have-pour-un-mode-de-vie-ecologique-et-durable\/#respond"]}]},{"@type":"WebPage","@id":"https:\/\/www.legobeletfrancais.fr\/blog\/les-gobelets-reutilisables-les-nouveaux-must-have-pour-un-mode-de-vie-ecologique-et-durable\/","url":"https:\/\/www.legobeletfrancais.fr\/blog\/les-gobelets-reutilisables-les-nouveaux-must-have-pour-un-mode-de-vie-ecologique-et-durable\/","name":"Les gobelets r\u00e9utilisables : les nouveaux must-have pour un mode de vie \u00e9cologique et durable ! - Le Gobelet Fran\u00e7ais Blog","isPartOf":{"@id":"https:\/\/www.legobeletfrancais.fr\/blog\/#website"},"primaryImageOfPage":{"@id":"https:\/\/www.legobeletfrancais.fr\/blog\/les-gobelets-reutilisables-les-nouveaux-must-have-pour-un-mode-de-vie-ecologique-et-durable\/#primaryimage"},"image":{"@id":"https:\/\/www.legobeletfrancais.fr\/blog\/les-gobelets-reutilisables-les-nouveaux-must-have-pour-un-mode-de-vie-ecologique-et-durable\/#primaryimage"},"thumbnailUrl":"https:\/\/www.legobeletfrancais.fr\/blog\/wp-content\/uploads\/2024\/12\/MINIATURES-ARTICLES-3.png","datePublished":"2025-01-28T10:02:20+00:00","dateModified":"2026-01-27T10:12:34+00:00","author":{"@id":"https:\/\/www.legobeletfrancais.fr\/blog\/#\/schema\/person\/bda18839379824ce3cc272abd16749dd"},"breadcrumb":{"@id":"https:\/\/www.legobeletfrancais.fr\/blog\/les-gobelets-reutilisables-les-nouveaux-must-have-pour-un-mode-de-vie-ecologique-et-durable\/#breadcrumb"},"inLanguage":"fr-FR","potentialAction":[{"@type":"ReadAction","target":["https:\/\/www.legobeletfrancais.fr\/blog\/les-gobelets-reutilisables-les-nouveaux-must-have-pour-un-mode-de-vie-ecologique-et-durable\/"]}]},{"@type":"ImageObject","inLanguage":"fr-FR","@id":"https:\/\/www.legobeletfrancais.fr\/blog\/les-gobelets-reutilisables-les-nouveaux-must-have-pour-un-mode-de-vie-ecologique-et-durable\/#primaryimage","url":"https:\/\/www.legobeletfrancais.fr\/blog\/wp-content\/uploads\/2024\/12\/MINIATURES-ARTICLES-3.png","contentUrl":"https:\/\/www.legobeletfrancais.fr\/blog\/wp-content\/uploads\/2024\/12\/MINIATURES-ARTICLES-3.png","width":750,"height":500,"caption":"Gobelets r\u00e9utilisables"},{"@type":"BreadcrumbList","@id":"https:\/\/www.legobeletfrancais.fr\/blog\/les-gobelets-reutilisables-les-nouveaux-must-have-pour-un-mode-de-vie-ecologique-et-durable\/#breadcrumb","itemListElement":[{"@type":"ListItem","position":1,"name":"Accueil","item":"https:\/\/www.legobeletfrancais.fr\/blog\/"},{"@type":"ListItem","position":2,"name":"Les gobelets r\u00e9utilisables : les nouveaux must-have pour un mode de vie \u00e9cologique et durable !"}]},{"@type":"WebSite","@id":"https:\/\/www.legobeletfrancais.fr\/blog\/#website","url":"https:\/\/www.legobeletfrancais.fr\/blog\/","name":"Le Gobelet Fran\u00e7ais Blog","description":"","potentialAction":[{"@type":"SearchAction","target":{"@type":"EntryPoint","urlTemplate":"https:\/\/www.legobeletfrancais.fr\/blog\/?s={search_term_string}"},"query-input":{"@type":"PropertyValueSpecification","valueRequired":true,"valueName":"search_term_string"}}],"inLanguage":"fr-FR"},{"@type":"Person","@id":"https:\/\/www.legobeletfrancais.fr\/blog\/#\/schema\/person\/bda18839379824ce3cc272abd16749dd","name":"Ma\u00eblyne","image":{"@type":"ImageObject","inLanguage":"fr-FR","@id":"https:\/\/secure.gravatar.com\/avatar\/042ed280221f3bb1b44ae1c60c14ef973c2c8f2a596c37dd66ff1de4f4c93c28?s=96&d=mm&r=g","url":"https:\/\/secure.gravatar.com\/avatar\/042ed280221f3bb1b44ae1c60c14ef973c2c8f2a596c37dd66ff1de4f4c93c28?s=96&d=mm&r=g","contentUrl":"https:\/\/secure.gravatar.com\/avatar\/042ed280221f3bb1b44ae1c60c14ef973c2c8f2a596c37dd66ff1de4f4c93c28?s=96&d=mm&r=g","caption":"Ma\u00eblyne"},"url":"https:\/\/www.legobeletfrancais.fr\/blog\/author\/maelyne\/"}]}},"_links":{"self":[{"href":"https:\/\/www.legobeletfrancais.fr\/blog\/wp-json\/wp\/v2\/posts\/658","targetHints":{"allow":["GET"]}}],"collection":[{"href":"https:\/\/www.legobeletfrancais.fr\/blog\/wp-json\/wp\/v2\/posts"}],"about":[{"href":"https:\/\/www.legobeletfrancais.fr\/blog\/wp-json\/wp\/v2\/types\/post"}],"author":[{"embeddable":true,"href":"https:\/\/www.legobeletfrancais.fr\/blog\/wp-json\/wp\/v2\/users\/4"}],"replies":[{"embeddable":true,"href":"https:\/\/www.legobeletfrancais.fr\/blog\/wp-json\/wp\/v2\/comments?post=658"}],"version-history":[{"count":8,"href":"https:\/\/www.legobeletfrancais.fr\/blog\/wp-json\/wp\/v2\/posts\/658\/revisions"}],"predecessor-version":[{"id":2018,"href":"https:\/\/www.legobeletfrancais.fr\/blog\/wp-json\/wp\/v2\/posts\/658\/revisions\/2018"}],"wp:featuredmedia":[{"embeddable":true,"href":"https:\/\/www.legobeletfrancais.fr\/blog\/wp-json\/wp\/v2\/media\/669"}],"wp:attachment":[{"href":"https:\/\/www.legobeletfrancais.fr\/blog\/wp-json\/wp\/v2\/media?parent=658"}],"wp:term":[{"taxonomy":"category","embeddable":true,"href":"https:\/\/www.legobeletfrancais.fr\/blog\/wp-json\/wp\/v2\/categories?post=658"},{"taxonomy":"post_tag","embeddable":true,"href":"https:\/\/www.legobeletfrancais.fr\/blog\/wp-json\/wp\/v2\/tags?post=658"}],"curies":[{"name":"wp","href":"https:\/\/api.w.org\/{rel}","templated":true}]}}