{"id":542,"date":"2024-05-30T17:35:53","date_gmt":"2024-05-30T15:35:53","guid":{"rendered":"https:\/\/www.legobeletfrancais.fr\/blog\/?p=542"},"modified":"2026-01-27T11:18:59","modified_gmt":"2026-01-27T10:18:59","slug":"comment-organiser-une-fete-decole-sans-rien-oublier","status":"publish","type":"post","link":"https:\/\/www.legobeletfrancais.fr\/blog\/comment-organiser-une-fete-decole-sans-rien-oublier\/","title":{"rendered":"Comment organiser une f\u00eate d\u2019\u00e9cole sans rien oublier ?"},"content":{"rendered":"\n<h2 class=\"wp-block-heading\"><a><\/a>1) Choisir la bonne date<\/h2>\n\n\n\n<p>Choisir la bonne date est primordial pour assurer le succ\u00e8s de votre f\u00eate d\u2019\u00e9cole. <strong>Il est important de s\u00e9lectionner une journ\u00e9e o\u00f9 la majorit\u00e9 des parents et des \u00e9l\u00e8ves seront disponibles<\/strong>. Les week-ends sont g\u00e9n\u00e9ralement les meilleurs moments pour organiser ce type d&rsquo;\u00e9v\u00e9nement, car ils permettent \u00e0 un plus grand nombre de familles de participer.<\/p>\n\n\n\n<p>Il est \u00e9galement essentiel de v\u00e9rifier les calendriers scolaires et locaux pour<strong> \u00e9viter les conflits avec d&rsquo;autres \u00e9v\u00e9nements importants<\/strong>. Une fois la date choisie, assurez-vous de <strong>la communiquer bien \u00e0 l&rsquo;avance pour que tout le monde puisse s&rsquo;organiser<\/strong> en cons\u00e9quence.<\/p>\n\n\n\n<figure class=\"wp-block-image size-large\"><img fetchpriority=\"high\" decoding=\"async\" width=\"1024\" height=\"657\" src=\"https:\/\/www.legobeletfrancais.fr\/blog\/wp-content\/uploads\/2024\/07\/kerm-1024x657.jpg\" alt=\"kermesse\" class=\"wp-image-545\" srcset=\"https:\/\/www.legobeletfrancais.fr\/blog\/wp-content\/uploads\/2024\/07\/kerm-1024x657.jpg 1024w, https:\/\/www.legobeletfrancais.fr\/blog\/wp-content\/uploads\/2024\/07\/kerm-300x193.jpg 300w, https:\/\/www.legobeletfrancais.fr\/blog\/wp-content\/uploads\/2024\/07\/kerm-768x493.jpg 768w, https:\/\/www.legobeletfrancais.fr\/blog\/wp-content\/uploads\/2024\/07\/kerm.jpg 1200w\" sizes=\"(max-width: 1024px) 100vw, 1024px\" \/><\/figure>\n\n\n\n<h2 class=\"wp-block-heading\"><a><\/a>2) Les obligations l\u00e9gales pour l\u2019organisation de votre kermesse<\/h2>\n\n\n\n<p><strong>Respecter les obligations l\u00e9gales<\/strong> est une \u00e9tape incontournable dans l&rsquo;organisation de votre kermesse. Vous devez vous renseigner sur les autorisations n\u00e9cessaires aupr\u00e8s de votre mairie ou de l&rsquo;\u00e9tablissement scolaire. Cela inclut souvent des permis pour l&rsquo;occupation de l&rsquo;espace public et des assurances pour couvrir les \u00e9ventuels accidents.<\/p>\n\n\n\n<p>En outre, il est important de <strong>se conformer aux normes de s\u00e9curit\u00e9<\/strong>, notamment en ce qui concerne les structures gonflables, les stands de nourriture et les installations \u00e9lectriques. Une bonne pr\u00e9paration \u00e9vitera des d\u00e9sagr\u00e9ments de derni\u00e8re minute.<\/p>\n\n\n\n<h2 class=\"wp-block-heading\"><a><\/a>3) Choisir les jeux et animations de la f\u00eate<\/h2>\n\n\n\n<p><strong>Les jeux et animations sont le c\u0153ur de la f\u00eate d\u2019\u00e9cole<\/strong>. Variez les activit\u00e9s pour captiver l&rsquo;int\u00e9r\u00eat des enfants de tous \u00e2ges. Les classiques comme la p\u00eache \u00e0 la ligne, le chamboule-tout et les structures gonflables sont toujours tr\u00e8s appr\u00e9ci\u00e9s.<\/p>\n\n\n\n<p>Pensez aussi \u00e0 des animations plus modernes comme <strong>des ateliers de maquillage, des spectacles de magie ou des d\u00e9monstrations de sports<\/strong>. Assurez-vous que chaque stand soit bien encadr\u00e9 par des b\u00e9n\u00e9voles pour garantir la s\u00e9curit\u00e9 et le bon d\u00e9roulement des activit\u00e9s.<\/p>\n\n\n\n<figure class=\"wp-block-image size-full\"><img decoding=\"async\" width=\"815\" height=\"425\" src=\"https:\/\/www.legobeletfrancais.fr\/blog\/wp-content\/uploads\/2024\/07\/18.png\" alt=\"Chamboule tout\" class=\"wp-image-543\" srcset=\"https:\/\/www.legobeletfrancais.fr\/blog\/wp-content\/uploads\/2024\/07\/18.png 815w, https:\/\/www.legobeletfrancais.fr\/blog\/wp-content\/uploads\/2024\/07\/18-300x156.png 300w, https:\/\/www.legobeletfrancais.fr\/blog\/wp-content\/uploads\/2024\/07\/18-768x400.png 768w\" sizes=\"(max-width: 815px) 100vw, 815px\" \/><\/figure>\n\n\n\n<h2 class=\"wp-block-heading\"><a><\/a>4) Pourquoi ne pas organiser un spectacle ?<\/h2>\n\n\n\n<p>Organiser un spectacle peut <strong>ajouter une touche magique \u00e0 votre f\u00eate d\u2019\u00e9cole<\/strong>. Que ce soit une pi\u00e8ce de th\u00e9\u00e2tre, une danse collective ou un concert, les spectacles rassemblent petits et grands autour d\u2019un moment convivial et festif.<\/p>\n\n\n\n<p>Impliquer les \u00e9l\u00e8ves dans la pr\u00e9paration et la r\u00e9alisation du spectacle peut \u00e9galement <strong>renforcer leur sentiment d&rsquo;appartenance \u00e0 l&rsquo;\u00e9cole<\/strong>. De plus, c&rsquo;est une excellente occasion pour eux de montrer leurs talents et de gagner en confiance en eux.<\/p>\n\n\n\n<h2 class=\"wp-block-heading\"><a><\/a>La veille de la f\u00eate<\/h2>\n\n\n\n<p>La veille de la f\u00eate est une journ\u00e9e cruciale pour finaliser tous les pr\u00e9paratifs. <strong>V\u00e9rifiez que tous les mat\u00e9riaux et \u00e9quipements n\u00e9cessaires sont pr\u00eats et en bon \u00e9tat<\/strong>. Cela inclut les stands de jeux, les d\u00e9corations, les syst\u00e8mes de sonorisation et les \u00e9quipements de s\u00e9curit\u00e9.<\/p>\n\n\n\n<p><strong>Organisez une r\u00e9union avec tous les b\u00e9n\u00e9voles<\/strong> pour passer en revue le d\u00e9roulement de la journ\u00e9e et attribuer les derni\u00e8res t\u00e2ches. Assurez-vous que tout le monde connaisse bien son r\u00f4le et les horaires \u00e0 respecter pour \u00e9viter toute confusion le jour J.<\/p>\n\n\n\n<h2 class=\"wp-block-heading\"><a><\/a>Le Jour J : d\u00e9roul\u00e9 de la journ\u00e9e<\/h2>\n\n\n\n<h3 class=\"wp-block-heading\"><a><\/a>L\u2019organisation avant l\u2019arriv\u00e9e des parents<\/h3>\n\n\n\n<p>Le Jour J, l&rsquo;organisation doit \u00eatre impeccable d\u00e8s le matin. Avant l&rsquo;arriv\u00e9e des parents et des enfants, <strong>v\u00e9rifiez une derni\u00e8re fois que tous les stands et installations sont en place et fonctionnels<\/strong>. Testez les \u00e9quipements techniques comme les micros et les haut-parleurs.<\/p>\n\n\n\n<p>Accueillez les b\u00e9n\u00e9voles et assurez-vous qu&rsquo;ils aient tout ce dont ils ont besoin pour bien faire leur travail. <strong>Un bon briefing g\u00e9n\u00e9ral permet de rappeler les consignes de s\u00e9curit\u00e9 <\/strong>et les diff\u00e9rents points d\u2019information disponibles sur le site.<\/p>\n\n\n\n<h3 class=\"wp-block-heading\"><a><\/a>Les temps forts de la f\u00eate<\/h3>\n\n\n\n<figure class=\"wp-block-image alignright size-full is-resized\"><img decoding=\"async\" width=\"685\" height=\"510\" src=\"https:\/\/www.legobeletfrancais.fr\/blog\/wp-content\/uploads\/2024\/07\/kerm-3.png\" alt=\"kerm 3\" class=\"wp-image-544\" style=\"width:342px;height:auto\" srcset=\"https:\/\/www.legobeletfrancais.fr\/blog\/wp-content\/uploads\/2024\/07\/kerm-3.png 685w, https:\/\/www.legobeletfrancais.fr\/blog\/wp-content\/uploads\/2024\/07\/kerm-3-300x223.png 300w\" sizes=\"(max-width: 685px) 100vw, 685px\" \/><\/figure>\n\n\n\n<p>Les temps forts de la f\u00eate d\u2019\u00e9cole sont les moments cl\u00e9s qui marqueront les esprits. Planifiez des activit\u00e9s et des animations \u00e0 des intervalles r\u00e9guliers pour maintenir un niveau d&rsquo;\u00e9nergie \u00e9lev\u00e9 tout au long de la journ\u00e9e. Par exemple, un spectacle le matin, suivi de jeux interactifs l&rsquo;apr\u00e8s-midi, et une remise de prix pour cl\u00f4turer l\u2019\u00e9v\u00e9nement. Ne n\u00e9gligez pas les pauses et les moments de d\u00e9tente, surtout pour les plus jeunes enfants. <strong>Pr\u00e9voyez des espaces ombrag\u00e9s et des points d&rsquo;eau pour que tout le monde puisse se reposer et se rafra\u00eechir <\/strong>et disposez des <a href=\"http:\/\/htttps\"><\/a><a href=\"https:\/\/www.legobeletfrancais.fr\">gobelets personnalis\u00e9s<\/a> \u00e0 proximit\u00e9.<\/p>\n\n\n\n<h2 class=\"wp-block-heading\"><a><\/a>Vous voil\u00e0 fin pr\u00eats\u2026 \u00e0 pr\u00e9parer le grand jour<\/h2>\n\n\n\n<p>Avec une pr\u00e9paration minutieuse, vous \u00eates maintenant fin pr\u00eats \u00e0 vivre un jour m\u00e9morable. N&rsquo;oubliez pas de profiter de l&rsquo;\u00e9v\u00e9nement et de capturer ces moments pr\u00e9cieux. Une bonne organisation est la cl\u00e9 pour que tout se passe bien et que chacun reparte avec des souvenirs inoubliables. Apr\u00e8s la f\u00eate, prenez le temps de remercier tous les participants et les b\u00e9n\u00e9voles. Leur contribution est essentielle pour la r\u00e9ussite de cet \u00e9v\u00e9nement. Pr\u00e9parez \u00e9galement un bref retour sur exp\u00e9rience pour am\u00e9liorer les futures \u00e9ditions.<\/p>\n\n\n\n<p><\/p>\n","protected":false},"excerpt":{"rendered":"<p>1) Choisir la bonne date Choisir la bonne date est primordial pour assurer le succ\u00e8s de votre f\u00eate d\u2019\u00e9cole. Il est important de s\u00e9lectionner une journ\u00e9e o\u00f9 la majorit\u00e9 des parents et des \u00e9l\u00e8ves seront disponibles. Les week-ends sont g\u00e9n\u00e9ralement les meilleurs moments pour organiser ce type d&rsquo;\u00e9v\u00e9nement, car ils permettent \u00e0 un plus grand [&hellip;]<\/p>\n","protected":false},"author":2,"featured_media":546,"comment_status":"open","ping_status":"open","sticky":false,"template":"","format":"standard","meta":{"footnotes":""},"categories":[13],"tags":[],"class_list":["post-542","post","type-post","status-publish","format-standard","has-post-thumbnail","hentry","category-kermesse"],"blocksy_meta":[],"yoast_head":"<!-- This site is optimized with the Yoast SEO plugin v27.5 - https:\/\/yoast.com\/product\/yoast-seo-wordpress\/ -->\n<title>Comment organiser une f\u00eate d\u2019\u00e9cole sans rien oublier ? - Le Gobelet Fran\u00e7ais Blog<\/title>\n<meta name=\"robots\" content=\"index, follow, max-snippet:-1, max-image-preview:large, max-video-preview:-1\" \/>\n<link rel=\"canonical\" href=\"https:\/\/www.legobeletfrancais.fr\/blog\/comment-organiser-une-fete-decole-sans-rien-oublier\/\" \/>\n<meta property=\"og:locale\" content=\"fr_FR\" \/>\n<meta property=\"og:type\" content=\"article\" \/>\n<meta property=\"og:title\" content=\"Comment organiser une f\u00eate d\u2019\u00e9cole sans rien oublier ? - Le Gobelet Fran\u00e7ais Blog\" \/>\n<meta property=\"og:description\" content=\"1) Choisir la bonne date Choisir la bonne date est primordial pour assurer le succ\u00e8s de votre f\u00eate d\u2019\u00e9cole. Il est important de s\u00e9lectionner une journ\u00e9e o\u00f9 la majorit\u00e9 des parents et des \u00e9l\u00e8ves seront disponibles. Les week-ends sont g\u00e9n\u00e9ralement les meilleurs moments pour organiser ce type d&rsquo;\u00e9v\u00e9nement, car ils permettent \u00e0 un plus grand [&hellip;]\" \/>\n<meta property=\"og:url\" content=\"https:\/\/www.legobeletfrancais.fr\/blog\/comment-organiser-une-fete-decole-sans-rien-oublier\/\" \/>\n<meta property=\"og:site_name\" content=\"Le Gobelet Fran\u00e7ais Blog\" \/>\n<meta property=\"article:published_time\" content=\"2024-05-30T15:35:53+00:00\" \/>\n<meta property=\"article:modified_time\" content=\"2026-01-27T10:18:59+00:00\" \/>\n<meta property=\"og:image\" content=\"https:\/\/www.legobeletfrancais.fr\/blog\/wp-content\/uploads\/2024\/07\/mini-5-1.jpg\" \/>\n\t<meta property=\"og:image:width\" content=\"750\" \/>\n\t<meta property=\"og:image:height\" content=\"500\" \/>\n\t<meta property=\"og:image:type\" content=\"image\/jpeg\" \/>\n<meta name=\"author\" content=\"Chloe\" \/>\n<meta name=\"twitter:card\" content=\"summary_large_image\" \/>\n<meta name=\"twitter:label1\" content=\"\u00c9crit par\" \/>\n\t<meta name=\"twitter:data1\" content=\"Chloe\" \/>\n\t<meta name=\"twitter:label2\" content=\"Dur\u00e9e de lecture estim\u00e9e\" \/>\n\t<meta name=\"twitter:data2\" content=\"5 minutes\" \/>\n<script type=\"application\/ld+json\" class=\"yoast-schema-graph\">{\"@context\":\"https:\\\/\\\/schema.org\",\"@graph\":[{\"@type\":\"Article\",\"@id\":\"https:\\\/\\\/www.legobeletfrancais.fr\\\/blog\\\/comment-organiser-une-fete-decole-sans-rien-oublier\\\/#article\",\"isPartOf\":{\"@id\":\"https:\\\/\\\/www.legobeletfrancais.fr\\\/blog\\\/comment-organiser-une-fete-decole-sans-rien-oublier\\\/\"},\"author\":{\"name\":\"Chloe\",\"@id\":\"https:\\\/\\\/www.legobeletfrancais.fr\\\/blog\\\/#\\\/schema\\\/person\\\/97e9d4ba17eee9d4e2f0affeff6224ab\"},\"headline\":\"Comment organiser une f\u00eate d\u2019\u00e9cole sans rien oublier ?\",\"datePublished\":\"2024-05-30T15:35:53+00:00\",\"dateModified\":\"2026-01-27T10:18:59+00:00\",\"mainEntityOfPage\":{\"@id\":\"https:\\\/\\\/www.legobeletfrancais.fr\\\/blog\\\/comment-organiser-une-fete-decole-sans-rien-oublier\\\/\"},\"wordCount\":859,\"commentCount\":0,\"image\":{\"@id\":\"https:\\\/\\\/www.legobeletfrancais.fr\\\/blog\\\/comment-organiser-une-fete-decole-sans-rien-oublier\\\/#primaryimage\"},\"thumbnailUrl\":\"https:\\\/\\\/www.legobeletfrancais.fr\\\/blog\\\/wp-content\\\/uploads\\\/2024\\\/07\\\/mini-5-1.jpg\",\"articleSection\":[\"Kermesse\"],\"inLanguage\":\"fr-FR\",\"potentialAction\":[{\"@type\":\"CommentAction\",\"name\":\"Comment\",\"target\":[\"https:\\\/\\\/www.legobeletfrancais.fr\\\/blog\\\/comment-organiser-une-fete-decole-sans-rien-oublier\\\/#respond\"]}]},{\"@type\":\"WebPage\",\"@id\":\"https:\\\/\\\/www.legobeletfrancais.fr\\\/blog\\\/comment-organiser-une-fete-decole-sans-rien-oublier\\\/\",\"url\":\"https:\\\/\\\/www.legobeletfrancais.fr\\\/blog\\\/comment-organiser-une-fete-decole-sans-rien-oublier\\\/\",\"name\":\"Comment organiser une f\u00eate d\u2019\u00e9cole sans rien oublier ? - Le Gobelet Fran\u00e7ais Blog\",\"isPartOf\":{\"@id\":\"https:\\\/\\\/www.legobeletfrancais.fr\\\/blog\\\/#website\"},\"primaryImageOfPage\":{\"@id\":\"https:\\\/\\\/www.legobeletfrancais.fr\\\/blog\\\/comment-organiser-une-fete-decole-sans-rien-oublier\\\/#primaryimage\"},\"image\":{\"@id\":\"https:\\\/\\\/www.legobeletfrancais.fr\\\/blog\\\/comment-organiser-une-fete-decole-sans-rien-oublier\\\/#primaryimage\"},\"thumbnailUrl\":\"https:\\\/\\\/www.legobeletfrancais.fr\\\/blog\\\/wp-content\\\/uploads\\\/2024\\\/07\\\/mini-5-1.jpg\",\"datePublished\":\"2024-05-30T15:35:53+00:00\",\"dateModified\":\"2026-01-27T10:18:59+00:00\",\"author\":{\"@id\":\"https:\\\/\\\/www.legobeletfrancais.fr\\\/blog\\\/#\\\/schema\\\/person\\\/97e9d4ba17eee9d4e2f0affeff6224ab\"},\"breadcrumb\":{\"@id\":\"https:\\\/\\\/www.legobeletfrancais.fr\\\/blog\\\/comment-organiser-une-fete-decole-sans-rien-oublier\\\/#breadcrumb\"},\"inLanguage\":\"fr-FR\",\"potentialAction\":[{\"@type\":\"ReadAction\",\"target\":[\"https:\\\/\\\/www.legobeletfrancais.fr\\\/blog\\\/comment-organiser-une-fete-decole-sans-rien-oublier\\\/\"]}]},{\"@type\":\"ImageObject\",\"inLanguage\":\"fr-FR\",\"@id\":\"https:\\\/\\\/www.legobeletfrancais.fr\\\/blog\\\/comment-organiser-une-fete-decole-sans-rien-oublier\\\/#primaryimage\",\"url\":\"https:\\\/\\\/www.legobeletfrancais.fr\\\/blog\\\/wp-content\\\/uploads\\\/2024\\\/07\\\/mini-5-1.jpg\",\"contentUrl\":\"https:\\\/\\\/www.legobeletfrancais.fr\\\/blog\\\/wp-content\\\/uploads\\\/2024\\\/07\\\/mini-5-1.jpg\",\"width\":750,\"height\":500},{\"@type\":\"BreadcrumbList\",\"@id\":\"https:\\\/\\\/www.legobeletfrancais.fr\\\/blog\\\/comment-organiser-une-fete-decole-sans-rien-oublier\\\/#breadcrumb\",\"itemListElement\":[{\"@type\":\"ListItem\",\"position\":1,\"name\":\"Accueil\",\"item\":\"https:\\\/\\\/www.legobeletfrancais.fr\\\/blog\\\/\"},{\"@type\":\"ListItem\",\"position\":2,\"name\":\"Comment organiser une f\u00eate d\u2019\u00e9cole sans rien oublier ?\"}]},{\"@type\":\"WebSite\",\"@id\":\"https:\\\/\\\/www.legobeletfrancais.fr\\\/blog\\\/#website\",\"url\":\"https:\\\/\\\/www.legobeletfrancais.fr\\\/blog\\\/\",\"name\":\"Le Gobelet Fran\u00e7ais Blog\",\"description\":\"\",\"potentialAction\":[{\"@type\":\"SearchAction\",\"target\":{\"@type\":\"EntryPoint\",\"urlTemplate\":\"https:\\\/\\\/www.legobeletfrancais.fr\\\/blog\\\/?s={search_term_string}\"},\"query-input\":{\"@type\":\"PropertyValueSpecification\",\"valueRequired\":true,\"valueName\":\"search_term_string\"}}],\"inLanguage\":\"fr-FR\"},{\"@type\":\"Person\",\"@id\":\"https:\\\/\\\/www.legobeletfrancais.fr\\\/blog\\\/#\\\/schema\\\/person\\\/97e9d4ba17eee9d4e2f0affeff6224ab\",\"name\":\"Chloe\",\"image\":{\"@type\":\"ImageObject\",\"inLanguage\":\"fr-FR\",\"@id\":\"https:\\\/\\\/secure.gravatar.com\\\/avatar\\\/034a27b7d6642242f7118dbd8351632ec8409743d928553d16d4d508be9cc1e0?s=96&d=mm&r=g\",\"url\":\"https:\\\/\\\/secure.gravatar.com\\\/avatar\\\/034a27b7d6642242f7118dbd8351632ec8409743d928553d16d4d508be9cc1e0?s=96&d=mm&r=g\",\"contentUrl\":\"https:\\\/\\\/secure.gravatar.com\\\/avatar\\\/034a27b7d6642242f7118dbd8351632ec8409743d928553d16d4d508be9cc1e0?s=96&d=mm&r=g\",\"caption\":\"Chloe\"},\"sameAs\":[\"https:\\\/\\\/www.legobeletfrancais.fr\\\/\"],\"url\":\"https:\\\/\\\/www.legobeletfrancais.fr\\\/blog\\\/author\\\/chloe\\\/\"}]}<\/script>\n<!-- \/ Yoast SEO plugin. -->","yoast_head_json":{"title":"Comment organiser une f\u00eate d\u2019\u00e9cole sans rien oublier ? - Le Gobelet Fran\u00e7ais Blog","robots":{"index":"index","follow":"follow","max-snippet":"max-snippet:-1","max-image-preview":"max-image-preview:large","max-video-preview":"max-video-preview:-1"},"canonical":"https:\/\/www.legobeletfrancais.fr\/blog\/comment-organiser-une-fete-decole-sans-rien-oublier\/","og_locale":"fr_FR","og_type":"article","og_title":"Comment organiser une f\u00eate d\u2019\u00e9cole sans rien oublier ? - Le Gobelet Fran\u00e7ais Blog","og_description":"1) Choisir la bonne date Choisir la bonne date est primordial pour assurer le succ\u00e8s de votre f\u00eate d\u2019\u00e9cole. Il est important de s\u00e9lectionner une journ\u00e9e o\u00f9 la majorit\u00e9 des parents et des \u00e9l\u00e8ves seront disponibles. Les week-ends sont g\u00e9n\u00e9ralement les meilleurs moments pour organiser ce type d&rsquo;\u00e9v\u00e9nement, car ils permettent \u00e0 un plus grand [&hellip;]","og_url":"https:\/\/www.legobeletfrancais.fr\/blog\/comment-organiser-une-fete-decole-sans-rien-oublier\/","og_site_name":"Le Gobelet Fran\u00e7ais Blog","article_published_time":"2024-05-30T15:35:53+00:00","article_modified_time":"2026-01-27T10:18:59+00:00","og_image":[{"width":750,"height":500,"url":"https:\/\/www.legobeletfrancais.fr\/blog\/wp-content\/uploads\/2024\/07\/mini-5-1.jpg","type":"image\/jpeg"}],"author":"Chloe","twitter_card":"summary_large_image","twitter_misc":{"\u00c9crit par":"Chloe","Dur\u00e9e de lecture estim\u00e9e":"5 minutes"},"schema":{"@context":"https:\/\/schema.org","@graph":[{"@type":"Article","@id":"https:\/\/www.legobeletfrancais.fr\/blog\/comment-organiser-une-fete-decole-sans-rien-oublier\/#article","isPartOf":{"@id":"https:\/\/www.legobeletfrancais.fr\/blog\/comment-organiser-une-fete-decole-sans-rien-oublier\/"},"author":{"name":"Chloe","@id":"https:\/\/www.legobeletfrancais.fr\/blog\/#\/schema\/person\/97e9d4ba17eee9d4e2f0affeff6224ab"},"headline":"Comment organiser une f\u00eate d\u2019\u00e9cole sans rien oublier ?","datePublished":"2024-05-30T15:35:53+00:00","dateModified":"2026-01-27T10:18:59+00:00","mainEntityOfPage":{"@id":"https:\/\/www.legobeletfrancais.fr\/blog\/comment-organiser-une-fete-decole-sans-rien-oublier\/"},"wordCount":859,"commentCount":0,"image":{"@id":"https:\/\/www.legobeletfrancais.fr\/blog\/comment-organiser-une-fete-decole-sans-rien-oublier\/#primaryimage"},"thumbnailUrl":"https:\/\/www.legobeletfrancais.fr\/blog\/wp-content\/uploads\/2024\/07\/mini-5-1.jpg","articleSection":["Kermesse"],"inLanguage":"fr-FR","potentialAction":[{"@type":"CommentAction","name":"Comment","target":["https:\/\/www.legobeletfrancais.fr\/blog\/comment-organiser-une-fete-decole-sans-rien-oublier\/#respond"]}]},{"@type":"WebPage","@id":"https:\/\/www.legobeletfrancais.fr\/blog\/comment-organiser-une-fete-decole-sans-rien-oublier\/","url":"https:\/\/www.legobeletfrancais.fr\/blog\/comment-organiser-une-fete-decole-sans-rien-oublier\/","name":"Comment organiser une f\u00eate d\u2019\u00e9cole sans rien oublier ? - Le Gobelet Fran\u00e7ais Blog","isPartOf":{"@id":"https:\/\/www.legobeletfrancais.fr\/blog\/#website"},"primaryImageOfPage":{"@id":"https:\/\/www.legobeletfrancais.fr\/blog\/comment-organiser-une-fete-decole-sans-rien-oublier\/#primaryimage"},"image":{"@id":"https:\/\/www.legobeletfrancais.fr\/blog\/comment-organiser-une-fete-decole-sans-rien-oublier\/#primaryimage"},"thumbnailUrl":"https:\/\/www.legobeletfrancais.fr\/blog\/wp-content\/uploads\/2024\/07\/mini-5-1.jpg","datePublished":"2024-05-30T15:35:53+00:00","dateModified":"2026-01-27T10:18:59+00:00","author":{"@id":"https:\/\/www.legobeletfrancais.fr\/blog\/#\/schema\/person\/97e9d4ba17eee9d4e2f0affeff6224ab"},"breadcrumb":{"@id":"https:\/\/www.legobeletfrancais.fr\/blog\/comment-organiser-une-fete-decole-sans-rien-oublier\/#breadcrumb"},"inLanguage":"fr-FR","potentialAction":[{"@type":"ReadAction","target":["https:\/\/www.legobeletfrancais.fr\/blog\/comment-organiser-une-fete-decole-sans-rien-oublier\/"]}]},{"@type":"ImageObject","inLanguage":"fr-FR","@id":"https:\/\/www.legobeletfrancais.fr\/blog\/comment-organiser-une-fete-decole-sans-rien-oublier\/#primaryimage","url":"https:\/\/www.legobeletfrancais.fr\/blog\/wp-content\/uploads\/2024\/07\/mini-5-1.jpg","contentUrl":"https:\/\/www.legobeletfrancais.fr\/blog\/wp-content\/uploads\/2024\/07\/mini-5-1.jpg","width":750,"height":500},{"@type":"BreadcrumbList","@id":"https:\/\/www.legobeletfrancais.fr\/blog\/comment-organiser-une-fete-decole-sans-rien-oublier\/#breadcrumb","itemListElement":[{"@type":"ListItem","position":1,"name":"Accueil","item":"https:\/\/www.legobeletfrancais.fr\/blog\/"},{"@type":"ListItem","position":2,"name":"Comment organiser une f\u00eate d\u2019\u00e9cole sans rien oublier ?"}]},{"@type":"WebSite","@id":"https:\/\/www.legobeletfrancais.fr\/blog\/#website","url":"https:\/\/www.legobeletfrancais.fr\/blog\/","name":"Le Gobelet Fran\u00e7ais Blog","description":"","potentialAction":[{"@type":"SearchAction","target":{"@type":"EntryPoint","urlTemplate":"https:\/\/www.legobeletfrancais.fr\/blog\/?s={search_term_string}"},"query-input":{"@type":"PropertyValueSpecification","valueRequired":true,"valueName":"search_term_string"}}],"inLanguage":"fr-FR"},{"@type":"Person","@id":"https:\/\/www.legobeletfrancais.fr\/blog\/#\/schema\/person\/97e9d4ba17eee9d4e2f0affeff6224ab","name":"Chloe","image":{"@type":"ImageObject","inLanguage":"fr-FR","@id":"https:\/\/secure.gravatar.com\/avatar\/034a27b7d6642242f7118dbd8351632ec8409743d928553d16d4d508be9cc1e0?s=96&d=mm&r=g","url":"https:\/\/secure.gravatar.com\/avatar\/034a27b7d6642242f7118dbd8351632ec8409743d928553d16d4d508be9cc1e0?s=96&d=mm&r=g","contentUrl":"https:\/\/secure.gravatar.com\/avatar\/034a27b7d6642242f7118dbd8351632ec8409743d928553d16d4d508be9cc1e0?s=96&d=mm&r=g","caption":"Chloe"},"sameAs":["https:\/\/www.legobeletfrancais.fr\/"],"url":"https:\/\/www.legobeletfrancais.fr\/blog\/author\/chloe\/"}]}},"_links":{"self":[{"href":"https:\/\/www.legobeletfrancais.fr\/blog\/wp-json\/wp\/v2\/posts\/542","targetHints":{"allow":["GET"]}}],"collection":[{"href":"https:\/\/www.legobeletfrancais.fr\/blog\/wp-json\/wp\/v2\/posts"}],"about":[{"href":"https:\/\/www.legobeletfrancais.fr\/blog\/wp-json\/wp\/v2\/types\/post"}],"author":[{"embeddable":true,"href":"https:\/\/www.legobeletfrancais.fr\/blog\/wp-json\/wp\/v2\/users\/2"}],"replies":[{"embeddable":true,"href":"https:\/\/www.legobeletfrancais.fr\/blog\/wp-json\/wp\/v2\/comments?post=542"}],"version-history":[{"count":2,"href":"https:\/\/www.legobeletfrancais.fr\/blog\/wp-json\/wp\/v2\/posts\/542\/revisions"}],"predecessor-version":[{"id":2025,"href":"https:\/\/www.legobeletfrancais.fr\/blog\/wp-json\/wp\/v2\/posts\/542\/revisions\/2025"}],"wp:featuredmedia":[{"embeddable":true,"href":"https:\/\/www.legobeletfrancais.fr\/blog\/wp-json\/wp\/v2\/media\/546"}],"wp:attachment":[{"href":"https:\/\/www.legobeletfrancais.fr\/blog\/wp-json\/wp\/v2\/media?parent=542"}],"wp:term":[{"taxonomy":"category","embeddable":true,"href":"https:\/\/www.legobeletfrancais.fr\/blog\/wp-json\/wp\/v2\/categories?post=542"},{"taxonomy":"post_tag","embeddable":true,"href":"https:\/\/www.legobeletfrancais.fr\/blog\/wp-json\/wp\/v2\/tags?post=542"}],"curies":[{"name":"wp","href":"https:\/\/api.w.org\/{rel}","templated":true}]}}