{"id":497,"date":"2024-04-22T15:05:19","date_gmt":"2024-04-22T13:05:19","guid":{"rendered":"https:\/\/www.legobeletfrancais.fr\/blog\/?p=497"},"modified":"2025-09-10T17:24:40","modified_gmt":"2025-09-10T15:24:40","slug":"le-gobelet-francais-le-partenaire-ideal-pour-personnaliser-vos-gobelets-de-festival","status":"publish","type":"post","link":"https:\/\/www.legobeletfrancais.fr\/blog\/le-gobelet-francais-le-partenaire-ideal-pour-personnaliser-vos-gobelets-de-festival\/","title":{"rendered":"Le Gobelet Fran\u00e7ais\u00a0: le partenaire id\u00e9al pour personnaliser vos gobelets de festival !"},"content":{"rendered":"\n<h2 class=\"wp-block-heading\"><a><\/a>Sublimez votre festival avec des gobelets personnalis\u00e9s<\/h2>\n\n\n\n<p>La personnalisation <strong>des gobelets <\/strong>pour les festivals est devenue un incontournable pour offrir une exp\u00e9rience m\u00e9morable aux participants. <a href=\"http:\/\/legobeletfrancais.fr\">Le Gobelet Fran\u00e7ais<\/a> excelle dans la cr\u00e9ation de <strong>gobelets personnalis\u00e9s <\/strong>qui non seulement servent \u00e0 d\u00e9guster des boissons, mais agissent \u00e9galement comme de v\u00e9ritables souvenirs de l&rsquo;\u00e9v\u00e9nement. Chaque gobelet devient une toile pour votre cr\u00e9ativit\u00e9, o\u00f9 logos, slogans et designs uniques prennent vie pour refl\u00e9ter l&rsquo;ambiance de votre festival.<\/p>\n\n\n\n<figure class=\"wp-block-image alignright size-large is-resized\"><img fetchpriority=\"high\" decoding=\"async\" width=\"819\" height=\"1024\" src=\"https:\/\/www.legobeletfrancais.fr\/blog\/wp-content\/uploads\/2024\/04\/filles-tchin-folie-douce-819x1024.jpg\" alt=\"filles tchin folie douce\" class=\"wp-image-499\" style=\"width:334px;height:auto\" srcset=\"https:\/\/www.legobeletfrancais.fr\/blog\/wp-content\/uploads\/2024\/04\/filles-tchin-folie-douce-819x1024.jpg 819w, https:\/\/www.legobeletfrancais.fr\/blog\/wp-content\/uploads\/2024\/04\/filles-tchin-folie-douce-240x300.jpg 240w, https:\/\/www.legobeletfrancais.fr\/blog\/wp-content\/uploads\/2024\/04\/filles-tchin-folie-douce-768x960.jpg 768w, https:\/\/www.legobeletfrancais.fr\/blog\/wp-content\/uploads\/2024\/04\/filles-tchin-folie-douce.jpg 1080w\" sizes=\"(max-width: 819px) 100vw, 819px\" \/><\/figure>\n\n\n\n<p>Notre \u00e9quipe d&rsquo;experts accompagne chaque organisateur dans le choix des couleurs, des mat\u00e9riaux et des techniques d&rsquo;impression pour garantir que chaque gobelet refl\u00e8te parfaitement l&rsquo;image de l&rsquo;\u00e9v\u00e9nement. Avec des options allant de la s\u00e9rigraphie \u00e0 l&rsquo;impression num\u00e9rique, nous assurons une personnalisation de haute qualit\u00e9 qui r\u00e9siste au temps et \u00e0 l&rsquo;usage intensif typique des festivals.<\/p>\n\n\n\n<h2 class=\"wp-block-heading\"><a><\/a>Des gobelets r\u00e9utilisables, synonymes de qualit\u00e9 et durabilit\u00e9<\/h2>\n\n\n\n<p>Le Gobelet Fran\u00e7ais est fier de proposer des <strong>gobelets r\u00e9utilisables<\/strong> con\u00e7us pour durer. Fabriqu\u00e9s \u00e0 partir de mat\u00e9riaux robustes, nos gobelets de festival personnalis\u00e9s sont pens\u00e9s pour r\u00e9sister aux conditions parfois exigeantes des \u00e9v\u00e9nements en plein air. Ils supportent non seulement les multiples usages, mais aussi les lavages fr\u00e9quents, garantissant ainsi une durabilit\u00e9 maximale tout au long du festival et bien apr\u00e8s.<\/p>\n\n\n\n<p>Nous nous engageons \u00e0 offrir des produits de qualit\u00e9 sup\u00e9rieure qui ne se contentent pas de servir de r\u00e9cipients \u00e0 boissons, mais qui contribuent aussi \u00e0 l&rsquo;esth\u00e9tique de votre \u00e9v\u00e9nement. La qualit\u00e9 de nos ecocups est telle qu&rsquo;ils deviennent de v\u00e9ritables objets de collection pour les participants, renfor\u00e7ant ainsi l&rsquo;image positive de votre festival.<\/p>\n\n\n\n<h2 class=\"wp-block-heading\"><a><\/a>Explorez notre gamme compl\u00e8te de produits pour votre festival<\/h2>\n\n\n\n<p>Outre les <strong>gobelets personnalis\u00e9s<\/strong>, Le Gobelet Fran\u00e7ais offre une gamme compl\u00e8te de produits pour r\u00e9pondre \u00e0 tous les besoins de votre festival. De la vaisselle r\u00e9utilisable aux articles de bar, nous avons tout ce qu&rsquo;il faut pour \u00e9quiper votre \u00e9v\u00e9nement de fa\u00e7on \u00e9coresponsable. Notre objectif est de vous fournir des solutions compl\u00e8tes qui allient fonctionnalit\u00e9 et esth\u00e9tique.<\/p>\n\n\n\n<p>Que vous recherchiez des plateaux, des pichets ou m\u00eame des verres \u00e0 vin personnalis\u00e9s, notre catalogue regorge d&rsquo;options pour parfaire l&rsquo;exp\u00e9rience festivali\u00e8re. Tous nos produits sont con\u00e7us pour se coordonner parfaitement avec les<strong> verres personnalis\u00e9s<\/strong>, cr\u00e9ant ainsi une harmonie visuelle et une identit\u00e9 de marque forte sur l&rsquo;ensemble de votre site de festival.<\/p>\n\n\n\n<h3 class=\"wp-block-heading\"><a><\/a>Un partenariat sur mesure pour vos besoins en gobelets personnalis\u00e9s<\/h3>\n\n\n\n<p>Comprendre vos besoins sp\u00e9cifiques est au c\u0153ur de notre d\u00e9marche chez <strong>Le Gobelet Fran\u00e7ais.<\/strong> Nous vous invitons \u00e0 nous contacter pour discuter de votre projet de <a href=\"https:\/\/www.legobeletfrancais.fr\/gobelets-festival\" target=\"_blank\" rel=\"noreferrer noopener\">gobelets de festival personnalis\u00e9s.<\/a> Notre \u00e9quipe d&rsquo;experts est \u00e0 votre \u00e9coute pour vous conseiller et vous accompagner dans le d\u00e9veloppement de produits qui correspondent parfaitement \u00e0 l&rsquo;esprit de votre festival.<\/p>\n\n\n\n<p>Ensemble, nous travaillerons sur le design, les quantit\u00e9s, les d\u00e9lais de livraison et tous les autres aspects pour s&rsquo;assurer que votre commande soit pr\u00eate \u00e0 temps pour votre \u00e9v\u00e9nement. Votre satisfaction est notre priorit\u00e9, et nous nous engageons \u00e0 faire de votre collaboration avec Le Gobelet Fran\u00e7ais une exp\u00e9rience exceptionnelle.<\/p>\n\n\n\n<h2 class=\"wp-block-heading\"><a><\/a>Le gobelet personnalis\u00e9, un incontournable de votre kit d&rsquo;accueil<\/h2>\n\n\n\n<p>Le <strong>gobelet fran\u00e7ais personnalis\u00e9 <\/strong>est devenu un \u00e9l\u00e9ment phare des kits de bienvenue lors des festivals. Il offre une premi\u00e8re impression durable et met en avant l&rsquo;engagement de l&rsquo;organisation envers la durabilit\u00e9 et la personnalisation. En accueillant chaque participant avec un gobelet \u00e0 l&rsquo;image de votre festival, vous \u00e9tablissez imm\u00e9diatement une connexion et renforcez leur sentiment d&rsquo;appartenance \u00e0 la communaut\u00e9 de l&rsquo;\u00e9v\u00e9nement.<\/p>\n\n\n\n<p>De plus, offrir un<strong> gobelet r\u00e9utilisable<\/strong> d\u00e8s l&rsquo;entr\u00e9e r\u00e9duit consid\u00e9rablement les d\u00e9chets g\u00e9n\u00e9r\u00e9s et promeut un comportement responsable chez les festivaliers. C&rsquo;est une mani\u00e8re simple mais efficace de mettre en avant vos valeurs \u00e9coresponsables, tout en offrant un cadeau utile et esth\u00e9tique que les participants pourront conserver longtemps apr\u00e8s la fin de l&rsquo;\u00e9v\u00e9nement.<\/p>\n\n\n\n<h2 class=\"wp-block-heading\"><a><\/a>Contribuer \u00e0 la protection de l&rsquo;environnement en bannissant le gobelet jetable<\/h2>\n\n\n\n<p>Le choix d&rsquo;\u00e9liminer les <strong>gobelets plastiques jetables <\/strong>de votre festival est un acte fort en faveur de l&rsquo;environnement. En optant pour des gobelets r\u00e9utilisables de chez Le Gobelet Fran\u00e7ais, vous r\u00e9duisez l&rsquo;impact \u00e9cologique de votre \u00e9v\u00e9nement et participez activement \u00e0 la lutte contre la pollution plastique. C&rsquo;est un message puissant que vous envoyez aux participants, soulignant l&rsquo;importance que vous accordez \u00e0 la pr\u00e9servation de notre plan\u00e8te.<\/p>\n\n\n\n<p>Les gobelets r\u00e9utilisables sont non seulement une alternative \u00e9cologique, mais ils repr\u00e9sentent \u00e9galement un investissement judicieux. Ils diminuent les co\u00fbts associ\u00e9s \u00e0 l&rsquo;achat r\u00e9p\u00e9t\u00e9 de gobelets jetables et peuvent \u00eatre<strong> recycl\u00e9s <\/strong>en fin de vie, assurant une gestion des ressources plus responsable. C&rsquo;est une d\u00e9marche globale qui s&rsquo;inscrit dans une logique de d\u00e9veloppement durable et qui valorise votre engagement \u00e9coresponsable aupr\u00e8s de votre public.<\/p>\n\n\n\n<h2 class=\"wp-block-heading\"><a><\/a>Optez pour des gobelets \u00e9coresponsables, choisissez l&rsquo;alternative \u00e9cologique<\/h2>\n\n\n\n<p>Dans un monde o\u00f9 la conscience environnementale prend de plus en plus d&rsquo;importance, les gobelets \u00e9coresponsables s&rsquo;imposent comme la solution id\u00e9ale pour les organisateurs de festivals soucieux de leur empreinte \u00e9cologique. Le Gobelet Fran\u00e7ais vous propose des gobelets fabriqu\u00e9s \u00e0 partir de mat\u00e9riaux durables et con\u00e7us pour \u00eatre r\u00e9utilis\u00e9s de nombreuses fois. Ils sont le reflet d&rsquo;une d\u00e9marche respectueuse de l&rsquo;environnement et d&rsquo;un mode de vie plus durable.<\/p>\n\n\n\n<p>En adoptant les <strong>gobelets \u00e9coresponsables<\/strong> de Le Gobelet Fran\u00e7ais, vous contribuez non seulement \u00e0 r\u00e9duire les d\u00e9chets, mais vous encouragez \u00e9galement vos participants \u00e0 adopter des pratiques plus vertes. C&rsquo;est un choix qui s&rsquo;aligne parfaitement avec les valeurs d&rsquo;un festival moderne et conscient, et qui renforce votre image de marque en tant qu&rsquo;organisateur responsable et innovant.<\/p>\n","protected":false},"excerpt":{"rendered":"<p>Sublimez votre festival avec des gobelets personnalis\u00e9s La personnalisation des gobelets pour les festivals est devenue un incontournable pour offrir une exp\u00e9rience m\u00e9morable aux participants. Le Gobelet Fran\u00e7ais excelle dans la cr\u00e9ation de gobelets personnalis\u00e9s qui non seulement servent \u00e0 d\u00e9guster des boissons, mais agissent \u00e9galement comme de v\u00e9ritables souvenirs de l&rsquo;\u00e9v\u00e9nement. Chaque gobelet devient [&hellip;]<\/p>\n","protected":false},"author":2,"featured_media":498,"comment_status":"open","ping_status":"open","sticky":false,"template":"","format":"standard","meta":{"footnotes":""},"categories":[14],"tags":[],"class_list":["post-497","post","type-post","status-publish","format-standard","has-post-thumbnail","hentry","category-entreprise"],"blocksy_meta":[],"yoast_head":"<!-- This site is optimized with the Yoast SEO plugin v27.5 - https:\/\/yoast.com\/product\/yoast-seo-wordpress\/ -->\n<title>Le Gobelet Fran\u00e7ais\u00a0: le partenaire id\u00e9al pour personnaliser vos gobelets de festival ! - Le Gobelet Fran\u00e7ais Blog<\/title>\n<meta name=\"robots\" content=\"index, follow, max-snippet:-1, max-image-preview:large, max-video-preview:-1\" \/>\n<link rel=\"canonical\" href=\"https:\/\/www.legobeletfrancais.fr\/blog\/le-gobelet-francais-le-partenaire-ideal-pour-personnaliser-vos-gobelets-de-festival\/\" \/>\n<meta property=\"og:locale\" content=\"fr_FR\" \/>\n<meta property=\"og:type\" content=\"article\" \/>\n<meta property=\"og:title\" content=\"Le Gobelet Fran\u00e7ais\u00a0: le partenaire id\u00e9al pour personnaliser vos gobelets de festival ! - Le Gobelet Fran\u00e7ais Blog\" \/>\n<meta property=\"og:description\" content=\"Sublimez votre festival avec des gobelets personnalis\u00e9s La personnalisation des gobelets pour les festivals est devenue un incontournable pour offrir une exp\u00e9rience m\u00e9morable aux participants. Le Gobelet Fran\u00e7ais excelle dans la cr\u00e9ation de gobelets personnalis\u00e9s qui non seulement servent \u00e0 d\u00e9guster des boissons, mais agissent \u00e9galement comme de v\u00e9ritables souvenirs de l&rsquo;\u00e9v\u00e9nement. Chaque gobelet devient [&hellip;]\" \/>\n<meta property=\"og:url\" content=\"https:\/\/www.legobeletfrancais.fr\/blog\/le-gobelet-francais-le-partenaire-ideal-pour-personnaliser-vos-gobelets-de-festival\/\" \/>\n<meta property=\"og:site_name\" content=\"Le Gobelet Fran\u00e7ais Blog\" \/>\n<meta property=\"article:published_time\" content=\"2024-04-22T13:05:19+00:00\" \/>\n<meta property=\"article:modified_time\" content=\"2025-09-10T15:24:40+00:00\" \/>\n<meta property=\"og:image\" content=\"https:\/\/www.legobeletfrancais.fr\/blog\/wp-content\/uploads\/2024\/04\/Le-Gobelet-Francais-festival-blog-scaled.jpg\" \/>\n\t<meta property=\"og:image:width\" content=\"2560\" \/>\n\t<meta property=\"og:image:height\" content=\"1707\" \/>\n\t<meta property=\"og:image:type\" content=\"image\/jpeg\" \/>\n<meta name=\"author\" content=\"Chloe\" \/>\n<meta name=\"twitter:card\" content=\"summary_large_image\" \/>\n<meta name=\"twitter:label1\" content=\"\u00c9crit par\" \/>\n\t<meta name=\"twitter:data1\" content=\"Chloe\" \/>\n\t<meta name=\"twitter:label2\" content=\"Dur\u00e9e de lecture estim\u00e9e\" \/>\n\t<meta name=\"twitter:data2\" content=\"5 minutes\" \/>\n<script type=\"application\/ld+json\" class=\"yoast-schema-graph\">{\"@context\":\"https:\\\/\\\/schema.org\",\"@graph\":[{\"@type\":\"Article\",\"@id\":\"https:\\\/\\\/www.legobeletfrancais.fr\\\/blog\\\/le-gobelet-francais-le-partenaire-ideal-pour-personnaliser-vos-gobelets-de-festival\\\/#article\",\"isPartOf\":{\"@id\":\"https:\\\/\\\/www.legobeletfrancais.fr\\\/blog\\\/le-gobelet-francais-le-partenaire-ideal-pour-personnaliser-vos-gobelets-de-festival\\\/\"},\"author\":{\"name\":\"Chloe\",\"@id\":\"https:\\\/\\\/www.legobeletfrancais.fr\\\/blog\\\/#\\\/schema\\\/person\\\/97e9d4ba17eee9d4e2f0affeff6224ab\"},\"headline\":\"Le Gobelet Fran\u00e7ais\u00a0: le partenaire id\u00e9al pour personnaliser vos gobelets de festival !\",\"datePublished\":\"2024-04-22T13:05:19+00:00\",\"dateModified\":\"2025-09-10T15:24:40+00:00\",\"mainEntityOfPage\":{\"@id\":\"https:\\\/\\\/www.legobeletfrancais.fr\\\/blog\\\/le-gobelet-francais-le-partenaire-ideal-pour-personnaliser-vos-gobelets-de-festival\\\/\"},\"wordCount\":991,\"commentCount\":0,\"image\":{\"@id\":\"https:\\\/\\\/www.legobeletfrancais.fr\\\/blog\\\/le-gobelet-francais-le-partenaire-ideal-pour-personnaliser-vos-gobelets-de-festival\\\/#primaryimage\"},\"thumbnailUrl\":\"https:\\\/\\\/www.legobeletfrancais.fr\\\/blog\\\/wp-content\\\/uploads\\\/2024\\\/04\\\/Le-Gobelet-Francais-festival-blog-scaled.jpg\",\"articleSection\":[\"Entreprise\"],\"inLanguage\":\"fr-FR\",\"potentialAction\":[{\"@type\":\"CommentAction\",\"name\":\"Comment\",\"target\":[\"https:\\\/\\\/www.legobeletfrancais.fr\\\/blog\\\/le-gobelet-francais-le-partenaire-ideal-pour-personnaliser-vos-gobelets-de-festival\\\/#respond\"]}]},{\"@type\":\"WebPage\",\"@id\":\"https:\\\/\\\/www.legobeletfrancais.fr\\\/blog\\\/le-gobelet-francais-le-partenaire-ideal-pour-personnaliser-vos-gobelets-de-festival\\\/\",\"url\":\"https:\\\/\\\/www.legobeletfrancais.fr\\\/blog\\\/le-gobelet-francais-le-partenaire-ideal-pour-personnaliser-vos-gobelets-de-festival\\\/\",\"name\":\"Le Gobelet Fran\u00e7ais\u00a0: le partenaire id\u00e9al pour personnaliser vos gobelets de festival ! - Le Gobelet Fran\u00e7ais Blog\",\"isPartOf\":{\"@id\":\"https:\\\/\\\/www.legobeletfrancais.fr\\\/blog\\\/#website\"},\"primaryImageOfPage\":{\"@id\":\"https:\\\/\\\/www.legobeletfrancais.fr\\\/blog\\\/le-gobelet-francais-le-partenaire-ideal-pour-personnaliser-vos-gobelets-de-festival\\\/#primaryimage\"},\"image\":{\"@id\":\"https:\\\/\\\/www.legobeletfrancais.fr\\\/blog\\\/le-gobelet-francais-le-partenaire-ideal-pour-personnaliser-vos-gobelets-de-festival\\\/#primaryimage\"},\"thumbnailUrl\":\"https:\\\/\\\/www.legobeletfrancais.fr\\\/blog\\\/wp-content\\\/uploads\\\/2024\\\/04\\\/Le-Gobelet-Francais-festival-blog-scaled.jpg\",\"datePublished\":\"2024-04-22T13:05:19+00:00\",\"dateModified\":\"2025-09-10T15:24:40+00:00\",\"author\":{\"@id\":\"https:\\\/\\\/www.legobeletfrancais.fr\\\/blog\\\/#\\\/schema\\\/person\\\/97e9d4ba17eee9d4e2f0affeff6224ab\"},\"breadcrumb\":{\"@id\":\"https:\\\/\\\/www.legobeletfrancais.fr\\\/blog\\\/le-gobelet-francais-le-partenaire-ideal-pour-personnaliser-vos-gobelets-de-festival\\\/#breadcrumb\"},\"inLanguage\":\"fr-FR\",\"potentialAction\":[{\"@type\":\"ReadAction\",\"target\":[\"https:\\\/\\\/www.legobeletfrancais.fr\\\/blog\\\/le-gobelet-francais-le-partenaire-ideal-pour-personnaliser-vos-gobelets-de-festival\\\/\"]}]},{\"@type\":\"ImageObject\",\"inLanguage\":\"fr-FR\",\"@id\":\"https:\\\/\\\/www.legobeletfrancais.fr\\\/blog\\\/le-gobelet-francais-le-partenaire-ideal-pour-personnaliser-vos-gobelets-de-festival\\\/#primaryimage\",\"url\":\"https:\\\/\\\/www.legobeletfrancais.fr\\\/blog\\\/wp-content\\\/uploads\\\/2024\\\/04\\\/Le-Gobelet-Francais-festival-blog-scaled.jpg\",\"contentUrl\":\"https:\\\/\\\/www.legobeletfrancais.fr\\\/blog\\\/wp-content\\\/uploads\\\/2024\\\/04\\\/Le-Gobelet-Francais-festival-blog-scaled.jpg\",\"width\":2560,\"height\":1707,\"caption\":\"Le Gobelet Francais festival gobelets r\u00e9utilisables\"},{\"@type\":\"BreadcrumbList\",\"@id\":\"https:\\\/\\\/www.legobeletfrancais.fr\\\/blog\\\/le-gobelet-francais-le-partenaire-ideal-pour-personnaliser-vos-gobelets-de-festival\\\/#breadcrumb\",\"itemListElement\":[{\"@type\":\"ListItem\",\"position\":1,\"name\":\"Accueil\",\"item\":\"https:\\\/\\\/www.legobeletfrancais.fr\\\/blog\\\/\"},{\"@type\":\"ListItem\",\"position\":2,\"name\":\"Le Gobelet Fran\u00e7ais\u00a0: le partenaire id\u00e9al pour personnaliser vos gobelets de festival !\"}]},{\"@type\":\"WebSite\",\"@id\":\"https:\\\/\\\/www.legobeletfrancais.fr\\\/blog\\\/#website\",\"url\":\"https:\\\/\\\/www.legobeletfrancais.fr\\\/blog\\\/\",\"name\":\"Le Gobelet Fran\u00e7ais Blog\",\"description\":\"\",\"potentialAction\":[{\"@type\":\"SearchAction\",\"target\":{\"@type\":\"EntryPoint\",\"urlTemplate\":\"https:\\\/\\\/www.legobeletfrancais.fr\\\/blog\\\/?s={search_term_string}\"},\"query-input\":{\"@type\":\"PropertyValueSpecification\",\"valueRequired\":true,\"valueName\":\"search_term_string\"}}],\"inLanguage\":\"fr-FR\"},{\"@type\":\"Person\",\"@id\":\"https:\\\/\\\/www.legobeletfrancais.fr\\\/blog\\\/#\\\/schema\\\/person\\\/97e9d4ba17eee9d4e2f0affeff6224ab\",\"name\":\"Chloe\",\"image\":{\"@type\":\"ImageObject\",\"inLanguage\":\"fr-FR\",\"@id\":\"https:\\\/\\\/secure.gravatar.com\\\/avatar\\\/034a27b7d6642242f7118dbd8351632ec8409743d928553d16d4d508be9cc1e0?s=96&d=mm&r=g\",\"url\":\"https:\\\/\\\/secure.gravatar.com\\\/avatar\\\/034a27b7d6642242f7118dbd8351632ec8409743d928553d16d4d508be9cc1e0?s=96&d=mm&r=g\",\"contentUrl\":\"https:\\\/\\\/secure.gravatar.com\\\/avatar\\\/034a27b7d6642242f7118dbd8351632ec8409743d928553d16d4d508be9cc1e0?s=96&d=mm&r=g\",\"caption\":\"Chloe\"},\"sameAs\":[\"https:\\\/\\\/www.legobeletfrancais.fr\\\/\"],\"url\":\"https:\\\/\\\/www.legobeletfrancais.fr\\\/blog\\\/author\\\/chloe\\\/\"}]}<\/script>\n<!-- \/ Yoast SEO plugin. -->","yoast_head_json":{"title":"Le Gobelet Fran\u00e7ais\u00a0: le partenaire id\u00e9al pour personnaliser vos gobelets de festival ! - Le Gobelet Fran\u00e7ais Blog","robots":{"index":"index","follow":"follow","max-snippet":"max-snippet:-1","max-image-preview":"max-image-preview:large","max-video-preview":"max-video-preview:-1"},"canonical":"https:\/\/www.legobeletfrancais.fr\/blog\/le-gobelet-francais-le-partenaire-ideal-pour-personnaliser-vos-gobelets-de-festival\/","og_locale":"fr_FR","og_type":"article","og_title":"Le Gobelet Fran\u00e7ais\u00a0: le partenaire id\u00e9al pour personnaliser vos gobelets de festival ! - Le Gobelet Fran\u00e7ais Blog","og_description":"Sublimez votre festival avec des gobelets personnalis\u00e9s La personnalisation des gobelets pour les festivals est devenue un incontournable pour offrir une exp\u00e9rience m\u00e9morable aux participants. Le Gobelet Fran\u00e7ais excelle dans la cr\u00e9ation de gobelets personnalis\u00e9s qui non seulement servent \u00e0 d\u00e9guster des boissons, mais agissent \u00e9galement comme de v\u00e9ritables souvenirs de l&rsquo;\u00e9v\u00e9nement. Chaque gobelet devient [&hellip;]","og_url":"https:\/\/www.legobeletfrancais.fr\/blog\/le-gobelet-francais-le-partenaire-ideal-pour-personnaliser-vos-gobelets-de-festival\/","og_site_name":"Le Gobelet Fran\u00e7ais Blog","article_published_time":"2024-04-22T13:05:19+00:00","article_modified_time":"2025-09-10T15:24:40+00:00","og_image":[{"width":2560,"height":1707,"url":"https:\/\/www.legobeletfrancais.fr\/blog\/wp-content\/uploads\/2024\/04\/Le-Gobelet-Francais-festival-blog-scaled.jpg","type":"image\/jpeg"}],"author":"Chloe","twitter_card":"summary_large_image","twitter_misc":{"\u00c9crit par":"Chloe","Dur\u00e9e de lecture estim\u00e9e":"5 minutes"},"schema":{"@context":"https:\/\/schema.org","@graph":[{"@type":"Article","@id":"https:\/\/www.legobeletfrancais.fr\/blog\/le-gobelet-francais-le-partenaire-ideal-pour-personnaliser-vos-gobelets-de-festival\/#article","isPartOf":{"@id":"https:\/\/www.legobeletfrancais.fr\/blog\/le-gobelet-francais-le-partenaire-ideal-pour-personnaliser-vos-gobelets-de-festival\/"},"author":{"name":"Chloe","@id":"https:\/\/www.legobeletfrancais.fr\/blog\/#\/schema\/person\/97e9d4ba17eee9d4e2f0affeff6224ab"},"headline":"Le Gobelet Fran\u00e7ais\u00a0: le partenaire id\u00e9al pour personnaliser vos gobelets de festival !","datePublished":"2024-04-22T13:05:19+00:00","dateModified":"2025-09-10T15:24:40+00:00","mainEntityOfPage":{"@id":"https:\/\/www.legobeletfrancais.fr\/blog\/le-gobelet-francais-le-partenaire-ideal-pour-personnaliser-vos-gobelets-de-festival\/"},"wordCount":991,"commentCount":0,"image":{"@id":"https:\/\/www.legobeletfrancais.fr\/blog\/le-gobelet-francais-le-partenaire-ideal-pour-personnaliser-vos-gobelets-de-festival\/#primaryimage"},"thumbnailUrl":"https:\/\/www.legobeletfrancais.fr\/blog\/wp-content\/uploads\/2024\/04\/Le-Gobelet-Francais-festival-blog-scaled.jpg","articleSection":["Entreprise"],"inLanguage":"fr-FR","potentialAction":[{"@type":"CommentAction","name":"Comment","target":["https:\/\/www.legobeletfrancais.fr\/blog\/le-gobelet-francais-le-partenaire-ideal-pour-personnaliser-vos-gobelets-de-festival\/#respond"]}]},{"@type":"WebPage","@id":"https:\/\/www.legobeletfrancais.fr\/blog\/le-gobelet-francais-le-partenaire-ideal-pour-personnaliser-vos-gobelets-de-festival\/","url":"https:\/\/www.legobeletfrancais.fr\/blog\/le-gobelet-francais-le-partenaire-ideal-pour-personnaliser-vos-gobelets-de-festival\/","name":"Le Gobelet Fran\u00e7ais\u00a0: le partenaire id\u00e9al pour personnaliser vos gobelets de festival ! - Le Gobelet Fran\u00e7ais Blog","isPartOf":{"@id":"https:\/\/www.legobeletfrancais.fr\/blog\/#website"},"primaryImageOfPage":{"@id":"https:\/\/www.legobeletfrancais.fr\/blog\/le-gobelet-francais-le-partenaire-ideal-pour-personnaliser-vos-gobelets-de-festival\/#primaryimage"},"image":{"@id":"https:\/\/www.legobeletfrancais.fr\/blog\/le-gobelet-francais-le-partenaire-ideal-pour-personnaliser-vos-gobelets-de-festival\/#primaryimage"},"thumbnailUrl":"https:\/\/www.legobeletfrancais.fr\/blog\/wp-content\/uploads\/2024\/04\/Le-Gobelet-Francais-festival-blog-scaled.jpg","datePublished":"2024-04-22T13:05:19+00:00","dateModified":"2025-09-10T15:24:40+00:00","author":{"@id":"https:\/\/www.legobeletfrancais.fr\/blog\/#\/schema\/person\/97e9d4ba17eee9d4e2f0affeff6224ab"},"breadcrumb":{"@id":"https:\/\/www.legobeletfrancais.fr\/blog\/le-gobelet-francais-le-partenaire-ideal-pour-personnaliser-vos-gobelets-de-festival\/#breadcrumb"},"inLanguage":"fr-FR","potentialAction":[{"@type":"ReadAction","target":["https:\/\/www.legobeletfrancais.fr\/blog\/le-gobelet-francais-le-partenaire-ideal-pour-personnaliser-vos-gobelets-de-festival\/"]}]},{"@type":"ImageObject","inLanguage":"fr-FR","@id":"https:\/\/www.legobeletfrancais.fr\/blog\/le-gobelet-francais-le-partenaire-ideal-pour-personnaliser-vos-gobelets-de-festival\/#primaryimage","url":"https:\/\/www.legobeletfrancais.fr\/blog\/wp-content\/uploads\/2024\/04\/Le-Gobelet-Francais-festival-blog-scaled.jpg","contentUrl":"https:\/\/www.legobeletfrancais.fr\/blog\/wp-content\/uploads\/2024\/04\/Le-Gobelet-Francais-festival-blog-scaled.jpg","width":2560,"height":1707,"caption":"Le Gobelet Francais festival gobelets r\u00e9utilisables"},{"@type":"BreadcrumbList","@id":"https:\/\/www.legobeletfrancais.fr\/blog\/le-gobelet-francais-le-partenaire-ideal-pour-personnaliser-vos-gobelets-de-festival\/#breadcrumb","itemListElement":[{"@type":"ListItem","position":1,"name":"Accueil","item":"https:\/\/www.legobeletfrancais.fr\/blog\/"},{"@type":"ListItem","position":2,"name":"Le Gobelet Fran\u00e7ais\u00a0: le partenaire id\u00e9al pour personnaliser vos gobelets de festival !"}]},{"@type":"WebSite","@id":"https:\/\/www.legobeletfrancais.fr\/blog\/#website","url":"https:\/\/www.legobeletfrancais.fr\/blog\/","name":"Le Gobelet Fran\u00e7ais Blog","description":"","potentialAction":[{"@type":"SearchAction","target":{"@type":"EntryPoint","urlTemplate":"https:\/\/www.legobeletfrancais.fr\/blog\/?s={search_term_string}"},"query-input":{"@type":"PropertyValueSpecification","valueRequired":true,"valueName":"search_term_string"}}],"inLanguage":"fr-FR"},{"@type":"Person","@id":"https:\/\/www.legobeletfrancais.fr\/blog\/#\/schema\/person\/97e9d4ba17eee9d4e2f0affeff6224ab","name":"Chloe","image":{"@type":"ImageObject","inLanguage":"fr-FR","@id":"https:\/\/secure.gravatar.com\/avatar\/034a27b7d6642242f7118dbd8351632ec8409743d928553d16d4d508be9cc1e0?s=96&d=mm&r=g","url":"https:\/\/secure.gravatar.com\/avatar\/034a27b7d6642242f7118dbd8351632ec8409743d928553d16d4d508be9cc1e0?s=96&d=mm&r=g","contentUrl":"https:\/\/secure.gravatar.com\/avatar\/034a27b7d6642242f7118dbd8351632ec8409743d928553d16d4d508be9cc1e0?s=96&d=mm&r=g","caption":"Chloe"},"sameAs":["https:\/\/www.legobeletfrancais.fr\/"],"url":"https:\/\/www.legobeletfrancais.fr\/blog\/author\/chloe\/"}]}},"_links":{"self":[{"href":"https:\/\/www.legobeletfrancais.fr\/blog\/wp-json\/wp\/v2\/posts\/497","targetHints":{"allow":["GET"]}}],"collection":[{"href":"https:\/\/www.legobeletfrancais.fr\/blog\/wp-json\/wp\/v2\/posts"}],"about":[{"href":"https:\/\/www.legobeletfrancais.fr\/blog\/wp-json\/wp\/v2\/types\/post"}],"author":[{"embeddable":true,"href":"https:\/\/www.legobeletfrancais.fr\/blog\/wp-json\/wp\/v2\/users\/2"}],"replies":[{"embeddable":true,"href":"https:\/\/www.legobeletfrancais.fr\/blog\/wp-json\/wp\/v2\/comments?post=497"}],"version-history":[{"count":3,"href":"https:\/\/www.legobeletfrancais.fr\/blog\/wp-json\/wp\/v2\/posts\/497\/revisions"}],"predecessor-version":[{"id":1617,"href":"https:\/\/www.legobeletfrancais.fr\/blog\/wp-json\/wp\/v2\/posts\/497\/revisions\/1617"}],"wp:featuredmedia":[{"embeddable":true,"href":"https:\/\/www.legobeletfrancais.fr\/blog\/wp-json\/wp\/v2\/media\/498"}],"wp:attachment":[{"href":"https:\/\/www.legobeletfrancais.fr\/blog\/wp-json\/wp\/v2\/media?parent=497"}],"wp:term":[{"taxonomy":"category","embeddable":true,"href":"https:\/\/www.legobeletfrancais.fr\/blog\/wp-json\/wp\/v2\/categories?post=497"},{"taxonomy":"post_tag","embeddable":true,"href":"https:\/\/www.legobeletfrancais.fr\/blog\/wp-json\/wp\/v2\/tags?post=497"}],"curies":[{"name":"wp","href":"https:\/\/api.w.org\/{rel}","templated":true}]}}