{"id":2227,"date":"2026-04-06T18:00:00","date_gmt":"2026-04-06T16:00:00","guid":{"rendered":"https:\/\/www.legobeletfrancais.fr\/blog\/?p=2227"},"modified":"2026-03-18T16:18:24","modified_gmt":"2026-03-18T15:18:24","slug":"gobelets-reutilisables-en-logistique-evenementielle-retour-dexperience","status":"publish","type":"post","link":"https:\/\/www.legobeletfrancais.fr\/blog\/gobelets-reutilisables-en-logistique-evenementielle-retour-dexperience\/","title":{"rendered":"Gobelets r\u00e9utilisables en logistique \u00e9v\u00e9nementielle : retour d&rsquo;exp\u00e9rience"},"content":{"rendered":"\n<p>Int\u00e9grer des <strong>gobelets r\u00e9utilisables<\/strong> dans la logistique d&rsquo;un \u00e9v\u00e9nement, \u00e7a para\u00eet simple sur le papier. Dans la pratique, \u00e7a soul\u00e8ve rapidement des questions tr\u00e8s concr\u00e8tes : Combien en commander ? Comment g\u00e9rer la distribution ? Que faire des gobelets en fin de soir\u00e9e ? Et est-ce que c&rsquo;est vraiment pertinent quand il y a 800 personnes qui arrivent en m\u00eame temps au bar ?<\/p>\n\n\n\n<p>Au <strong><a href=\"https:\/\/www.legobeletfrancais.fr\/\">Gobelet Fran\u00e7ais<\/a><\/strong>, on travaille avec des organisateurs d&rsquo;<strong>\u00e9v\u00e9nements de toutes tailles<\/strong> : petites soir\u00e9es priv\u00e9es, s\u00e9minaires d&rsquo;entreprise, festivals de plein air, et au fil des ann\u00e9es, on a accumul\u00e9 bon nombre de retour d&rsquo;exp\u00e9rience sur ce qui fonctionne et ce qui fait vraiment la diff\u00e9rence dans une logistique \u00e9v\u00e9nementielle r\u00e9ussie.<\/p>\n\n\n\n<h2 class=\"wp-block-heading\" style=\"font-size:clamp(16.293px, 1.018rem + ((1vw - 3.2px) * 0.68), 25px);\">Cas n\u00b01 \u2014 La soir\u00e9e d&rsquo;entreprise <\/h2>\n\n\n\n<p>C&rsquo;est souvent sur ce format que les organisateurs font leurs premiers pas avec les <strong>ecocups personnalis\u00e9s<\/strong>. Une soir\u00e9e de fin d&rsquo;ann\u00e9e, un s\u00e9minaire avec d\u00eener, un afterwork entre collaborateurs : l&rsquo;\u00e9chelle est ma\u00eetrisable, et les <strong>b\u00e9n\u00e9fices <\/strong>sont imm\u00e9diatement <strong>visibles<\/strong>.<\/p>\n\n\n\n<div class=\"wp-block-media-text is-stacked-on-mobile is-image-fill-element\"><figure class=\"wp-block-media-text__media\"><img fetchpriority=\"high\" decoding=\"async\" width=\"768\" height=\"1024\" src=\"https:\/\/www.legobeletfrancais.fr\/blog\/wp-content\/uploads\/2026\/03\/Gobelets-personnalises-pour-une-soiree-dentreprise-768x1024.jpg\" alt=\"Gobelets personnalis\u00e9s pour une soir\u00e9e d'entreprise\" class=\"wp-image-2234 size-full\" style=\"object-position:59% 62%\" srcset=\"https:\/\/www.legobeletfrancais.fr\/blog\/wp-content\/uploads\/2026\/03\/Gobelets-personnalises-pour-une-soiree-dentreprise-768x1024.jpg 768w, https:\/\/www.legobeletfrancais.fr\/blog\/wp-content\/uploads\/2026\/03\/Gobelets-personnalises-pour-une-soiree-dentreprise-225x300.jpg 225w, https:\/\/www.legobeletfrancais.fr\/blog\/wp-content\/uploads\/2026\/03\/Gobelets-personnalises-pour-une-soiree-dentreprise-1152x1536.jpg 1152w, https:\/\/www.legobeletfrancais.fr\/blog\/wp-content\/uploads\/2026\/03\/Gobelets-personnalises-pour-une-soiree-dentreprise.jpg 1200w\" sizes=\"(max-width: 768px) 100vw, 768px\" \/><\/figure><div class=\"wp-block-media-text__content\">\n<p>Ce que les organisateurs constatent syst\u00e9matiquement : la <strong>gestion <\/strong>des boissons est nettement <strong>simplifi\u00e9e<\/strong>. Chaque participant re\u00e7oit son gobelet \u00e0 l&rsquo;entr\u00e9e, le conserve toute la soir\u00e9e, et le ram\u00e8ne naturellement au bar pour se resservir. Plus besoin de multiplier les verres propres, plus de confusion sur les tables, et surtout une nette <strong>r\u00e9duction <\/strong>du volume de <strong>d\u00e9chets<\/strong> en fin de soir\u00e9e.<\/p>\n\n\n\n<p>Sur le plan logistique, la pr\u00e9paration est simple : pr\u00e9voir un gobelet par personne plus une petite marge (10 \u00e0 15 % suppl\u00e9mentaires pour les casses ou les pertes) et installer un point de distribution clairement identifi\u00e9 \u00e0 l&rsquo;entr\u00e9.<\/p>\n<\/div><\/div>\n\n\n\n<p>Ce qui fonctionne particuli\u00e8rement bien sur ce format<em> <\/em>: personnaliser les <strong>gobelets <\/strong>avec le nom ou le logo de <strong><a href=\"https:\/\/www.legobeletfrancais.fr\/entreprises\">l&rsquo;entreprise<\/a><\/strong>. Les collaborateurs repartent avec un souvenir concret, utile et aux couleurs de leur entreprise. C&rsquo;est discret, mais \u00e7a marque. Et \u00e7a co\u00fbte infiniment moins cher qu&rsquo;un cadeau d&rsquo;entreprise classique pour un impact au moins \u00e9quivalent.<\/p>\n\n\n\n<h2 class=\"wp-block-heading\" style=\"font-size:clamp(16.293px, 1.018rem + ((1vw - 3.2px) * 0.68), 25px);\">Cas n\u00b02 \u2014 Le festival ou l&rsquo;\u00e9v\u00e9nement culturel <\/h2>\n\n\n\n<p>Sur des \u00e9v\u00e9nements de taille interm\u00e9diaire, la <strong>question de la logistique<\/strong> devient <strong>centrale<\/strong>. Il ne suffit plus de distribuer des gobelets \u00e0 l&rsquo;entr\u00e9e : il faut penser le syst\u00e8me dans son ensemble, de la r\u00e9ception de la commande jusqu&rsquo;\u00e0 la gestion de fin d&rsquo;\u00e9v\u00e9nement.<\/p>\n\n\n\n<p>Le mod\u00e8le qui a fait ses preuves sur ce type de format, c&rsquo;est le <strong>syst\u00e8me de caution<\/strong>. Chaque participant verse une caution symbolique en \u00e9change de son <strong>ecocup<\/strong> \u00e0 l&rsquo;entr\u00e9e. \u00c0 la fin de l&rsquo;\u00e9v\u00e9nement, il peut soit le rendre pour r\u00e9cup\u00e9rer sa caution, soit le garder en souvenir. Dans la pratique, une majorit\u00e9 des participants choisit de le garder, ce qui r\u00e9duit consid\u00e9rablement la charge de collecte pour l&rsquo;\u00e9quipe organisatrice.<\/p>\n\n\n\n<p>Ce syst\u00e8me pr\u00e9sente un autre avantage souvent sous-estim\u00e9 : il <strong>responsabilise<\/strong> naturellement les <strong>participants<\/strong>. Quand on a donn\u00e9 deux euros pour son gobelet, on ne le pose pas n&rsquo;importe o\u00f9. Les pertes diminuent, le site reste plus propre, et le personnel passe moins de temps \u00e0 ramasser des verres abandonn\u00e9s entre deux concerts.<\/p>\n\n\n\n<p>Le point de vigilance sur ce format : bien dimensionner les points de distribution et pr\u00e9voir un espace de collecte propre et visible pour la restitution en fin d&rsquo;\u00e9v\u00e9nement. L&rsquo;organisation de ces deux points est ce qui d\u00e9termine en grande partie la fluidit\u00e9 de l&rsquo;exp\u00e9rience participant. Au<strong> Gobelet Fran\u00e7ais<\/strong>, on peut vous conseiller sur les quantit\u00e9s \u00e0 pr\u00e9voir selon le profil de votre \u00e9v\u00e9nement.<\/p>\n\n\n\n<h2 class=\"wp-block-heading\" style=\"font-size:clamp(16.293px, 1.018rem + ((1vw - 3.2px) * 0.68), 25px);\">Cas n\u00b03 \u2014 Le grand \u00e9v\u00e9nement ou festival multi-jours <\/h2>\n\n\n\n<p>Sur les grands \u00e9v\u00e9nemenents,<strong> la moindre approximation logistique se voit imm\u00e9diatement<\/strong>. Une mauvaise estimation des quantit\u00e9s, un point de distribution mal positionn\u00e9 ou un syst\u00e8me de caution mal expliqu\u00e9, et c&rsquo;est la queue qui s&rsquo;allonge, le personnel qui s&#8217;emballe et les participants qui s&rsquo;impatientent.<\/p>\n\n\n\n<div class=\"wp-block-media-text has-media-on-the-right is-stacked-on-mobile is-image-fill-element\"><div class=\"wp-block-media-text__content\">\n<p>Ce que les organisateurs exp\u00e9riment\u00e9s ont appris \u00e0 faire : traiter la gestion des <strong>gobelets r\u00e9utilisables<\/strong> comme un poste logistique \u00e0 part enti\u00e8re, au m\u00eame titre que la sc\u00e8ne, le son ou la restauration. \u00c7a suppose de nommer un responsable d\u00e9di\u00e9, de cartographier les points de distribution sur le plan du site, et de pr\u00e9voir des stocks en cas d&rsquo;afflux impr\u00e9vu.<\/p>\n\n\n\n<p>Sur les \u00e9v\u00e9nements multi-jours, la question du lavage se pose \u00e9galement. Soit les participants conservent leur ecocup d&rsquo;un jour sur l&rsquo;autre, soit un <strong>syst\u00e8me de roulement<\/strong> est mis en place avec des postes de lavage et d&rsquo;\u00e9change sur site. Les deux options fonctionnent, selon le niveau d&rsquo;organisation disponible.<\/p>\n<\/div><figure class=\"wp-block-media-text__media\"><img decoding=\"async\" width=\"683\" height=\"1024\" src=\"https:\/\/www.legobeletfrancais.fr\/blog\/wp-content\/uploads\/2026\/03\/Gobelets-personnalises-pour-un-festival-683x1024.jpg\" alt=\"Gobelets personnalis\u00e9s pour un festival\" class=\"wp-image-2236 size-full\" style=\"object-position:50% 53%\" srcset=\"https:\/\/www.legobeletfrancais.fr\/blog\/wp-content\/uploads\/2026\/03\/Gobelets-personnalises-pour-un-festival-683x1024.jpg 683w, https:\/\/www.legobeletfrancais.fr\/blog\/wp-content\/uploads\/2026\/03\/Gobelets-personnalises-pour-un-festival-200x300.jpg 200w, https:\/\/www.legobeletfrancais.fr\/blog\/wp-content\/uploads\/2026\/03\/Gobelets-personnalises-pour-un-festival-768x1152.jpg 768w, https:\/\/www.legobeletfrancais.fr\/blog\/wp-content\/uploads\/2026\/03\/Gobelets-personnalises-pour-un-festival-1024x1536.jpg 1024w, https:\/\/www.legobeletfrancais.fr\/blog\/wp-content\/uploads\/2026\/03\/Gobelets-personnalises-pour-un-festival-1365x2048.jpg 1365w, https:\/\/www.legobeletfrancais.fr\/blog\/wp-content\/uploads\/2026\/03\/Gobelets-personnalises-pour-un-festival-scaled.jpg 1707w\" sizes=\"(max-width: 683px) 100vw, 683px\" \/><\/figure><\/div>\n\n\n\n<p>Ce qui surprend souvent les organisateurs : la quantit\u00e9 de d\u00e9chets \u00e9vit\u00e9e est spectaculaire. Sur un festival de 3 000 personnes sur deux jours, le passage aux <strong>ecocups<\/strong> peut repr\u00e9senter plusieurs milliers de gobelets jetables en moins. C&rsquo;est visible, mesurable, et de plus en plus valoris\u00e9 dans les bilans RSE des \u00e9v\u00e9nements. Un argument qui p\u00e8se lourd quand on cherche \u00e0 renouveler une autorisation de site ou \u00e0 convaincre un sponsor engag\u00e9.<\/p>\n\n\n\n<h2 class=\"wp-block-heading\" style=\"font-size:clamp(16.293px, 1.018rem + ((1vw - 3.2px) * 0.68), 25px);\">Ce que tous ces retours ont en commun : trois enseignements cl\u00e9s<\/h2>\n\n\n\n<p>Quelle que soit la taille de l&rsquo;\u00e9v\u00e9nement, les organisateurs qui ont int\u00e9gr\u00e9 des <strong>gobelets r\u00e9utilisables<\/strong> dans leur logistique tirent les m\u00eames conclusions. En voici trois qui reviennent syst\u00e9matiquement.<\/p>\n\n\n\n<p><strong>1. La communication aupr\u00e8s des participants est d\u00e9cisive.<\/strong> Que ce soit via les r\u00e9seaux sociaux avant l&rsquo;\u00e9v\u00e9nement, les affichages sur site ou le discours du personnel \u00e0 l&rsquo;entr\u00e9e, expliquer le syst\u00e8me en amont \u00e9vite 90 % des frictions. Les participants qui comprennent la d\u00e9marche ne se contentent pas de l&rsquo;accepter : ils y adh\u00e8rent, et parfois m\u00eame la valorisent aupr\u00e8s de leurs proches.<\/p>\n\n\n\n<p><strong>2. La personnalisation change la perception de l&rsquo;objet.<\/strong> Un gobelet blanc g\u00e9n\u00e9rique, \u00e7a reste un verre. Un <strong>gobelet personnalis\u00e9<\/strong> aux couleurs de l&rsquo;\u00e9v\u00e9nement, avec son nom et sa date, \u00e7a devient un souvenir. Cette distinction est fondamentale : elle d\u00e9termine si le gobelet finit dans un sac en sortant du site ou dans un placard \u00e0 la maison. Et un gobelet conserv\u00e9, c&rsquo;est un gobelet qui continue \u00e0 <strong>faire vivre l&rsquo;image<\/strong> de votre \u00e9v\u00e9nement longtemps apr\u00e8s qu&rsquo;il soit termin\u00e9.<\/p>\n\n\n\n<p><strong>3. L&rsquo;amortissement est rapide.<\/strong> C&rsquo;est la question que tout organisateur se pose en premier : est-ce que \u00e7a co\u00fbte plus cher que les jetables ? Sur un seul \u00e9v\u00e9nement, la diff\u00e9rence est minime. D\u00e8s le deuxi\u00e8me ou troisi\u00e8me \u00e9v\u00e9nement avec les m\u00eames gobelets, la <strong>balance <\/strong>penche clairement <strong>en faveur du r\u00e9utilisable<\/strong>. Et si les participants les gardent, le stock se renouvelle naturellement \u00e0 chaque \u00e9dition.<\/p>\n\n\n\n<h2 class=\"wp-block-heading\" style=\"font-size:clamp(16.293px, 1.018rem + ((1vw - 3.2px) * 0.68), 25px);\">Comment Le Gobelet Fran\u00e7ais accompagne les organisateurs<\/h2>\n\n\n\n<p>Au-del\u00e0 de la fabrication des <strong>ecocups<\/strong>, <strong>Le Gobelet Fran\u00e7ais<\/strong> s&rsquo;est construit une expertise dans l&rsquo;accompagnement des organisateurs d&rsquo;\u00e9v\u00e9nements durables.<\/p>\n\n\n\n<div class=\"wp-block-media-text is-stacked-on-mobile is-image-fill-element\"><figure class=\"wp-block-media-text__media\"><img decoding=\"async\" width=\"768\" height=\"1024\" src=\"https:\/\/www.legobeletfrancais.fr\/blog\/wp-content\/uploads\/2026\/03\/Gobelets-personnalises-pour-un-evenement-768x1024.jpg\" alt=\"Gobelets personnalis\u00e9s pour un \u00e9v\u00e9nement\" class=\"wp-image-2238 size-full\" style=\"object-position:63% 39%\" srcset=\"https:\/\/www.legobeletfrancais.fr\/blog\/wp-content\/uploads\/2026\/03\/Gobelets-personnalises-pour-un-evenement-768x1024.jpg 768w, https:\/\/www.legobeletfrancais.fr\/blog\/wp-content\/uploads\/2026\/03\/Gobelets-personnalises-pour-un-evenement-225x300.jpg 225w, https:\/\/www.legobeletfrancais.fr\/blog\/wp-content\/uploads\/2026\/03\/Gobelets-personnalises-pour-un-evenement-1152x1536.jpg 1152w, https:\/\/www.legobeletfrancais.fr\/blog\/wp-content\/uploads\/2026\/03\/Gobelets-personnalises-pour-un-evenement-1536x2048.jpg 1536w, https:\/\/www.legobeletfrancais.fr\/blog\/wp-content\/uploads\/2026\/03\/Gobelets-personnalises-pour-un-evenement.jpg 1920w\" sizes=\"(max-width: 768px) 100vw, 768px\" \/><\/figure><div class=\"wp-block-media-text__content\">\n<p>Cela passe par des conseils sur les quantit\u00e9s \u00e0 pr\u00e9voir, le choix des formats (25 cl, 33 cl, 50 cl) selon le type de boissons servies, la personnalisation adapt\u00e9e \u00e0 l&rsquo;identit\u00e9 visuelle de l&rsquo;\u00e9v\u00e9nement, et les d\u00e9lais de livraison \u00e0 respecter pour \u00eatre serein le jour J.<\/p>\n\n\n\n<p>La fabrication fran\u00e7aise est un point qui compte de plus en plus pour les organisateurs soucieux de leur bilan carbone. Travailler avec un partenaire hexagonal, c&rsquo;est raccourcir la cha\u00eene logistique, ma\u00eetriser les d\u00e9lais et s&rsquo;assurer d&rsquo;une qualit\u00e9 constante : trois arguments qui p\u00e8sent lourd quand on organise un <strong>\u00e9v\u00e9nement durable<\/strong> et qu&rsquo;on veut que chaque <strong>d\u00e9cision <\/strong>soit <strong>coh\u00e9rente <\/strong>avec cet engagement.<\/p>\n<\/div><\/div>\n\n\n\n<h2 class=\"wp-block-heading\" style=\"font-size:clamp(16.293px, 1.018rem + ((1vw - 3.2px) * 0.68), 25px);\">Le gobelet r\u00e9utilisable : un choix logistique autant qu&rsquo;un choix de valeurs<\/h2>\n\n\n\n<p>Ce que ces retours d&rsquo;exp\u00e9rience confirment avant tout, c&rsquo;est que le passage aux <strong>gobelets r\u00e9utilisables<\/strong> n&rsquo;est pas une contrainte impos\u00e9e de l&rsquo;ext\u00e9rieur : c&rsquo;est une d\u00e9cision qui <strong>simplifie <\/strong>r\u00e9ellement la <strong>logistique<\/strong>, r\u00e9duit les d\u00e9chets de fa\u00e7on mesurable et am\u00e9liore l&rsquo;image de l&rsquo;\u00e9v\u00e9nement aupr\u00e8s des participants.<\/p>\n\n\n\n<p>Qu&rsquo;on organise une soir\u00e9e pour 80 personnes ou un festival pour 5 000, les principes de base restent les m\u00eames : anticiper les quantit\u00e9s, soigner la communication, personnaliser les <strong>ecocups<\/strong> et penser la fin d&rsquo;\u00e9v\u00e9nement autant que le d\u00e9but. <\/p>\n\n\n\n<p>Vous organisez un \u00e9v\u00e9nement et vous voulez passer \u00e0 la vitesse sup\u00e9rieure sur la question des boissons ? Contactez<a href=\"https:\/\/www.legobeletfrancais.fr\/contactez-nous\"> <strong>Le Gobelet Fran\u00e7ais<\/strong><\/a> pour un accompagnement sur mesure et un devis adapt\u00e9 \u00e0 votre format. On a le gobelet qu&rsquo;il vous faut !<\/p>\n","protected":false},"excerpt":{"rendered":"<p>Int\u00e9grer des gobelets r\u00e9utilisables dans la logistique d&rsquo;un \u00e9v\u00e9nement, \u00e7a para\u00eet simple sur le papier. Dans la pratique, \u00e7a soul\u00e8ve rapidement des questions tr\u00e8s concr\u00e8tes : Combien en commander ? Comment g\u00e9rer la distribution ? Que faire des gobelets en fin de soir\u00e9e ? Et est-ce que c&rsquo;est vraiment pertinent quand il y a 800 [&hellip;]<\/p>\n","protected":false},"author":5,"featured_media":2240,"comment_status":"open","ping_status":"open","sticky":false,"template":"","format":"standard","meta":{"footnotes":""},"categories":[16],"tags":[],"class_list":["post-2227","post","type-post","status-publish","format-standard","has-post-thumbnail","hentry","category-evenements"],"blocksy_meta":[],"yoast_head":"<!-- This site is optimized with the Yoast SEO plugin v27.4 - https:\/\/yoast.com\/product\/yoast-seo-wordpress\/ -->\n<title>Gobelets r\u00e9utilisables en logistique \u00e9v\u00e9nementielle : retour d&#039;exp\u00e9rience - Le Gobelet Fran\u00e7ais Blog<\/title>\n<meta name=\"robots\" content=\"index, follow, max-snippet:-1, max-image-preview:large, max-video-preview:-1\" \/>\n<link rel=\"canonical\" href=\"https:\/\/www.legobeletfrancais.fr\/blog\/gobelets-reutilisables-en-logistique-evenementielle-retour-dexperience\/\" \/>\n<meta property=\"og:locale\" content=\"fr_FR\" \/>\n<meta property=\"og:type\" content=\"article\" \/>\n<meta property=\"og:title\" content=\"Gobelets r\u00e9utilisables en logistique \u00e9v\u00e9nementielle : retour d&#039;exp\u00e9rience - Le Gobelet Fran\u00e7ais Blog\" \/>\n<meta property=\"og:description\" content=\"Int\u00e9grer des gobelets r\u00e9utilisables dans la logistique d&rsquo;un \u00e9v\u00e9nement, \u00e7a para\u00eet simple sur le papier. Dans la pratique, \u00e7a soul\u00e8ve rapidement des questions tr\u00e8s concr\u00e8tes : Combien en commander ? Comment g\u00e9rer la distribution ? Que faire des gobelets en fin de soir\u00e9e ? Et est-ce que c&rsquo;est vraiment pertinent quand il y a 800 [&hellip;]\" \/>\n<meta property=\"og:url\" content=\"https:\/\/www.legobeletfrancais.fr\/blog\/gobelets-reutilisables-en-logistique-evenementielle-retour-dexperience\/\" \/>\n<meta property=\"og:site_name\" content=\"Le Gobelet Fran\u00e7ais Blog\" \/>\n<meta property=\"article:published_time\" content=\"2026-04-06T16:00:00+00:00\" \/>\n<meta property=\"og:image\" content=\"https:\/\/www.legobeletfrancais.fr\/blog\/wp-content\/uploads\/2026\/03\/Gobelets-personnalises-pour-un-evenement-1.jpg\" \/>\n\t<meta property=\"og:image:width\" content=\"750\" \/>\n\t<meta property=\"og:image:height\" content=\"500\" \/>\n\t<meta property=\"og:image:type\" content=\"image\/jpeg\" \/>\n<meta name=\"author\" content=\"Danae\" \/>\n<meta name=\"twitter:card\" content=\"summary_large_image\" \/>\n<meta name=\"twitter:label1\" content=\"\u00c9crit par\" \/>\n\t<meta name=\"twitter:data1\" content=\"Danae\" \/>\n\t<meta name=\"twitter:label2\" content=\"Dur\u00e9e de lecture estim\u00e9e\" \/>\n\t<meta name=\"twitter:data2\" content=\"8 minutes\" \/>\n<script type=\"application\/ld+json\" class=\"yoast-schema-graph\">{\"@context\":\"https:\\\/\\\/schema.org\",\"@graph\":[{\"@type\":\"Article\",\"@id\":\"https:\\\/\\\/www.legobeletfrancais.fr\\\/blog\\\/gobelets-reutilisables-en-logistique-evenementielle-retour-dexperience\\\/#article\",\"isPartOf\":{\"@id\":\"https:\\\/\\\/www.legobeletfrancais.fr\\\/blog\\\/gobelets-reutilisables-en-logistique-evenementielle-retour-dexperience\\\/\"},\"author\":{\"name\":\"Danae\",\"@id\":\"https:\\\/\\\/www.legobeletfrancais.fr\\\/blog\\\/#\\\/schema\\\/person\\\/e1b9137e6e34f7b77751fe88b51d1e30\"},\"headline\":\"Gobelets r\u00e9utilisables en logistique \u00e9v\u00e9nementielle : retour d&rsquo;exp\u00e9rience\",\"datePublished\":\"2026-04-06T16:00:00+00:00\",\"mainEntityOfPage\":{\"@id\":\"https:\\\/\\\/www.legobeletfrancais.fr\\\/blog\\\/gobelets-reutilisables-en-logistique-evenementielle-retour-dexperience\\\/\"},\"wordCount\":1425,\"commentCount\":0,\"image\":{\"@id\":\"https:\\\/\\\/www.legobeletfrancais.fr\\\/blog\\\/gobelets-reutilisables-en-logistique-evenementielle-retour-dexperience\\\/#primaryimage\"},\"thumbnailUrl\":\"https:\\\/\\\/www.legobeletfrancais.fr\\\/blog\\\/wp-content\\\/uploads\\\/2026\\\/03\\\/Gobelets-personnalises-pour-un-evenement-1.jpg\",\"articleSection\":[\"Ev\u00e9nements\"],\"inLanguage\":\"fr-FR\",\"potentialAction\":[{\"@type\":\"CommentAction\",\"name\":\"Comment\",\"target\":[\"https:\\\/\\\/www.legobeletfrancais.fr\\\/blog\\\/gobelets-reutilisables-en-logistique-evenementielle-retour-dexperience\\\/#respond\"]}]},{\"@type\":\"WebPage\",\"@id\":\"https:\\\/\\\/www.legobeletfrancais.fr\\\/blog\\\/gobelets-reutilisables-en-logistique-evenementielle-retour-dexperience\\\/\",\"url\":\"https:\\\/\\\/www.legobeletfrancais.fr\\\/blog\\\/gobelets-reutilisables-en-logistique-evenementielle-retour-dexperience\\\/\",\"name\":\"Gobelets r\u00e9utilisables en logistique \u00e9v\u00e9nementielle : retour d'exp\u00e9rience - Le Gobelet Fran\u00e7ais Blog\",\"isPartOf\":{\"@id\":\"https:\\\/\\\/www.legobeletfrancais.fr\\\/blog\\\/#website\"},\"primaryImageOfPage\":{\"@id\":\"https:\\\/\\\/www.legobeletfrancais.fr\\\/blog\\\/gobelets-reutilisables-en-logistique-evenementielle-retour-dexperience\\\/#primaryimage\"},\"image\":{\"@id\":\"https:\\\/\\\/www.legobeletfrancais.fr\\\/blog\\\/gobelets-reutilisables-en-logistique-evenementielle-retour-dexperience\\\/#primaryimage\"},\"thumbnailUrl\":\"https:\\\/\\\/www.legobeletfrancais.fr\\\/blog\\\/wp-content\\\/uploads\\\/2026\\\/03\\\/Gobelets-personnalises-pour-un-evenement-1.jpg\",\"datePublished\":\"2026-04-06T16:00:00+00:00\",\"author\":{\"@id\":\"https:\\\/\\\/www.legobeletfrancais.fr\\\/blog\\\/#\\\/schema\\\/person\\\/e1b9137e6e34f7b77751fe88b51d1e30\"},\"breadcrumb\":{\"@id\":\"https:\\\/\\\/www.legobeletfrancais.fr\\\/blog\\\/gobelets-reutilisables-en-logistique-evenementielle-retour-dexperience\\\/#breadcrumb\"},\"inLanguage\":\"fr-FR\",\"potentialAction\":[{\"@type\":\"ReadAction\",\"target\":[\"https:\\\/\\\/www.legobeletfrancais.fr\\\/blog\\\/gobelets-reutilisables-en-logistique-evenementielle-retour-dexperience\\\/\"]}]},{\"@type\":\"ImageObject\",\"inLanguage\":\"fr-FR\",\"@id\":\"https:\\\/\\\/www.legobeletfrancais.fr\\\/blog\\\/gobelets-reutilisables-en-logistique-evenementielle-retour-dexperience\\\/#primaryimage\",\"url\":\"https:\\\/\\\/www.legobeletfrancais.fr\\\/blog\\\/wp-content\\\/uploads\\\/2026\\\/03\\\/Gobelets-personnalises-pour-un-evenement-1.jpg\",\"contentUrl\":\"https:\\\/\\\/www.legobeletfrancais.fr\\\/blog\\\/wp-content\\\/uploads\\\/2026\\\/03\\\/Gobelets-personnalises-pour-un-evenement-1.jpg\",\"width\":750,\"height\":500,\"caption\":\"Gobelets personnalis\u00e9s pour un \u00e9v\u00e9nement\"},{\"@type\":\"BreadcrumbList\",\"@id\":\"https:\\\/\\\/www.legobeletfrancais.fr\\\/blog\\\/gobelets-reutilisables-en-logistique-evenementielle-retour-dexperience\\\/#breadcrumb\",\"itemListElement\":[{\"@type\":\"ListItem\",\"position\":1,\"name\":\"Accueil\",\"item\":\"https:\\\/\\\/www.legobeletfrancais.fr\\\/blog\\\/\"},{\"@type\":\"ListItem\",\"position\":2,\"name\":\"Gobelets r\u00e9utilisables en logistique \u00e9v\u00e9nementielle : retour d&rsquo;exp\u00e9rience\"}]},{\"@type\":\"WebSite\",\"@id\":\"https:\\\/\\\/www.legobeletfrancais.fr\\\/blog\\\/#website\",\"url\":\"https:\\\/\\\/www.legobeletfrancais.fr\\\/blog\\\/\",\"name\":\"Le Gobelet Fran\u00e7ais Blog\",\"description\":\"\",\"potentialAction\":[{\"@type\":\"SearchAction\",\"target\":{\"@type\":\"EntryPoint\",\"urlTemplate\":\"https:\\\/\\\/www.legobeletfrancais.fr\\\/blog\\\/?s={search_term_string}\"},\"query-input\":{\"@type\":\"PropertyValueSpecification\",\"valueRequired\":true,\"valueName\":\"search_term_string\"}}],\"inLanguage\":\"fr-FR\"},{\"@type\":\"Person\",\"@id\":\"https:\\\/\\\/www.legobeletfrancais.fr\\\/blog\\\/#\\\/schema\\\/person\\\/e1b9137e6e34f7b77751fe88b51d1e30\",\"name\":\"Danae\",\"image\":{\"@type\":\"ImageObject\",\"inLanguage\":\"fr-FR\",\"@id\":\"https:\\\/\\\/secure.gravatar.com\\\/avatar\\\/2b97231c0d0791a87ddfe33479c44c585a079f5c48341a53fcc3965ab7baf856?s=96&d=mm&r=g\",\"url\":\"https:\\\/\\\/secure.gravatar.com\\\/avatar\\\/2b97231c0d0791a87ddfe33479c44c585a079f5c48341a53fcc3965ab7baf856?s=96&d=mm&r=g\",\"contentUrl\":\"https:\\\/\\\/secure.gravatar.com\\\/avatar\\\/2b97231c0d0791a87ddfe33479c44c585a079f5c48341a53fcc3965ab7baf856?s=96&d=mm&r=g\",\"caption\":\"Danae\"},\"url\":\"https:\\\/\\\/www.legobeletfrancais.fr\\\/blog\\\/author\\\/danae\\\/\"}]}<\/script>\n<!-- \/ Yoast SEO plugin. -->","yoast_head_json":{"title":"Gobelets r\u00e9utilisables en logistique \u00e9v\u00e9nementielle : retour d'exp\u00e9rience - Le Gobelet Fran\u00e7ais Blog","robots":{"index":"index","follow":"follow","max-snippet":"max-snippet:-1","max-image-preview":"max-image-preview:large","max-video-preview":"max-video-preview:-1"},"canonical":"https:\/\/www.legobeletfrancais.fr\/blog\/gobelets-reutilisables-en-logistique-evenementielle-retour-dexperience\/","og_locale":"fr_FR","og_type":"article","og_title":"Gobelets r\u00e9utilisables en logistique \u00e9v\u00e9nementielle : retour d'exp\u00e9rience - Le Gobelet Fran\u00e7ais Blog","og_description":"Int\u00e9grer des gobelets r\u00e9utilisables dans la logistique d&rsquo;un \u00e9v\u00e9nement, \u00e7a para\u00eet simple sur le papier. Dans la pratique, \u00e7a soul\u00e8ve rapidement des questions tr\u00e8s concr\u00e8tes : Combien en commander ? Comment g\u00e9rer la distribution ? Que faire des gobelets en fin de soir\u00e9e ? Et est-ce que c&rsquo;est vraiment pertinent quand il y a 800 [&hellip;]","og_url":"https:\/\/www.legobeletfrancais.fr\/blog\/gobelets-reutilisables-en-logistique-evenementielle-retour-dexperience\/","og_site_name":"Le Gobelet Fran\u00e7ais Blog","article_published_time":"2026-04-06T16:00:00+00:00","og_image":[{"width":750,"height":500,"url":"https:\/\/www.legobeletfrancais.fr\/blog\/wp-content\/uploads\/2026\/03\/Gobelets-personnalises-pour-un-evenement-1.jpg","type":"image\/jpeg"}],"author":"Danae","twitter_card":"summary_large_image","twitter_misc":{"\u00c9crit par":"Danae","Dur\u00e9e de lecture estim\u00e9e":"8 minutes"},"schema":{"@context":"https:\/\/schema.org","@graph":[{"@type":"Article","@id":"https:\/\/www.legobeletfrancais.fr\/blog\/gobelets-reutilisables-en-logistique-evenementielle-retour-dexperience\/#article","isPartOf":{"@id":"https:\/\/www.legobeletfrancais.fr\/blog\/gobelets-reutilisables-en-logistique-evenementielle-retour-dexperience\/"},"author":{"name":"Danae","@id":"https:\/\/www.legobeletfrancais.fr\/blog\/#\/schema\/person\/e1b9137e6e34f7b77751fe88b51d1e30"},"headline":"Gobelets r\u00e9utilisables en logistique \u00e9v\u00e9nementielle : retour d&rsquo;exp\u00e9rience","datePublished":"2026-04-06T16:00:00+00:00","mainEntityOfPage":{"@id":"https:\/\/www.legobeletfrancais.fr\/blog\/gobelets-reutilisables-en-logistique-evenementielle-retour-dexperience\/"},"wordCount":1425,"commentCount":0,"image":{"@id":"https:\/\/www.legobeletfrancais.fr\/blog\/gobelets-reutilisables-en-logistique-evenementielle-retour-dexperience\/#primaryimage"},"thumbnailUrl":"https:\/\/www.legobeletfrancais.fr\/blog\/wp-content\/uploads\/2026\/03\/Gobelets-personnalises-pour-un-evenement-1.jpg","articleSection":["Ev\u00e9nements"],"inLanguage":"fr-FR","potentialAction":[{"@type":"CommentAction","name":"Comment","target":["https:\/\/www.legobeletfrancais.fr\/blog\/gobelets-reutilisables-en-logistique-evenementielle-retour-dexperience\/#respond"]}]},{"@type":"WebPage","@id":"https:\/\/www.legobeletfrancais.fr\/blog\/gobelets-reutilisables-en-logistique-evenementielle-retour-dexperience\/","url":"https:\/\/www.legobeletfrancais.fr\/blog\/gobelets-reutilisables-en-logistique-evenementielle-retour-dexperience\/","name":"Gobelets r\u00e9utilisables en logistique \u00e9v\u00e9nementielle : retour d'exp\u00e9rience - Le Gobelet Fran\u00e7ais Blog","isPartOf":{"@id":"https:\/\/www.legobeletfrancais.fr\/blog\/#website"},"primaryImageOfPage":{"@id":"https:\/\/www.legobeletfrancais.fr\/blog\/gobelets-reutilisables-en-logistique-evenementielle-retour-dexperience\/#primaryimage"},"image":{"@id":"https:\/\/www.legobeletfrancais.fr\/blog\/gobelets-reutilisables-en-logistique-evenementielle-retour-dexperience\/#primaryimage"},"thumbnailUrl":"https:\/\/www.legobeletfrancais.fr\/blog\/wp-content\/uploads\/2026\/03\/Gobelets-personnalises-pour-un-evenement-1.jpg","datePublished":"2026-04-06T16:00:00+00:00","author":{"@id":"https:\/\/www.legobeletfrancais.fr\/blog\/#\/schema\/person\/e1b9137e6e34f7b77751fe88b51d1e30"},"breadcrumb":{"@id":"https:\/\/www.legobeletfrancais.fr\/blog\/gobelets-reutilisables-en-logistique-evenementielle-retour-dexperience\/#breadcrumb"},"inLanguage":"fr-FR","potentialAction":[{"@type":"ReadAction","target":["https:\/\/www.legobeletfrancais.fr\/blog\/gobelets-reutilisables-en-logistique-evenementielle-retour-dexperience\/"]}]},{"@type":"ImageObject","inLanguage":"fr-FR","@id":"https:\/\/www.legobeletfrancais.fr\/blog\/gobelets-reutilisables-en-logistique-evenementielle-retour-dexperience\/#primaryimage","url":"https:\/\/www.legobeletfrancais.fr\/blog\/wp-content\/uploads\/2026\/03\/Gobelets-personnalises-pour-un-evenement-1.jpg","contentUrl":"https:\/\/www.legobeletfrancais.fr\/blog\/wp-content\/uploads\/2026\/03\/Gobelets-personnalises-pour-un-evenement-1.jpg","width":750,"height":500,"caption":"Gobelets personnalis\u00e9s pour un \u00e9v\u00e9nement"},{"@type":"BreadcrumbList","@id":"https:\/\/www.legobeletfrancais.fr\/blog\/gobelets-reutilisables-en-logistique-evenementielle-retour-dexperience\/#breadcrumb","itemListElement":[{"@type":"ListItem","position":1,"name":"Accueil","item":"https:\/\/www.legobeletfrancais.fr\/blog\/"},{"@type":"ListItem","position":2,"name":"Gobelets r\u00e9utilisables en logistique \u00e9v\u00e9nementielle : retour d&rsquo;exp\u00e9rience"}]},{"@type":"WebSite","@id":"https:\/\/www.legobeletfrancais.fr\/blog\/#website","url":"https:\/\/www.legobeletfrancais.fr\/blog\/","name":"Le Gobelet Fran\u00e7ais Blog","description":"","potentialAction":[{"@type":"SearchAction","target":{"@type":"EntryPoint","urlTemplate":"https:\/\/www.legobeletfrancais.fr\/blog\/?s={search_term_string}"},"query-input":{"@type":"PropertyValueSpecification","valueRequired":true,"valueName":"search_term_string"}}],"inLanguage":"fr-FR"},{"@type":"Person","@id":"https:\/\/www.legobeletfrancais.fr\/blog\/#\/schema\/person\/e1b9137e6e34f7b77751fe88b51d1e30","name":"Danae","image":{"@type":"ImageObject","inLanguage":"fr-FR","@id":"https:\/\/secure.gravatar.com\/avatar\/2b97231c0d0791a87ddfe33479c44c585a079f5c48341a53fcc3965ab7baf856?s=96&d=mm&r=g","url":"https:\/\/secure.gravatar.com\/avatar\/2b97231c0d0791a87ddfe33479c44c585a079f5c48341a53fcc3965ab7baf856?s=96&d=mm&r=g","contentUrl":"https:\/\/secure.gravatar.com\/avatar\/2b97231c0d0791a87ddfe33479c44c585a079f5c48341a53fcc3965ab7baf856?s=96&d=mm&r=g","caption":"Danae"},"url":"https:\/\/www.legobeletfrancais.fr\/blog\/author\/danae\/"}]}},"_links":{"self":[{"href":"https:\/\/www.legobeletfrancais.fr\/blog\/wp-json\/wp\/v2\/posts\/2227","targetHints":{"allow":["GET"]}}],"collection":[{"href":"https:\/\/www.legobeletfrancais.fr\/blog\/wp-json\/wp\/v2\/posts"}],"about":[{"href":"https:\/\/www.legobeletfrancais.fr\/blog\/wp-json\/wp\/v2\/types\/post"}],"author":[{"embeddable":true,"href":"https:\/\/www.legobeletfrancais.fr\/blog\/wp-json\/wp\/v2\/users\/5"}],"replies":[{"embeddable":true,"href":"https:\/\/www.legobeletfrancais.fr\/blog\/wp-json\/wp\/v2\/comments?post=2227"}],"version-history":[{"count":9,"href":"https:\/\/www.legobeletfrancais.fr\/blog\/wp-json\/wp\/v2\/posts\/2227\/revisions"}],"predecessor-version":[{"id":2239,"href":"https:\/\/www.legobeletfrancais.fr\/blog\/wp-json\/wp\/v2\/posts\/2227\/revisions\/2239"}],"wp:featuredmedia":[{"embeddable":true,"href":"https:\/\/www.legobeletfrancais.fr\/blog\/wp-json\/wp\/v2\/media\/2240"}],"wp:attachment":[{"href":"https:\/\/www.legobeletfrancais.fr\/blog\/wp-json\/wp\/v2\/media?parent=2227"}],"wp:term":[{"taxonomy":"category","embeddable":true,"href":"https:\/\/www.legobeletfrancais.fr\/blog\/wp-json\/wp\/v2\/categories?post=2227"},{"taxonomy":"post_tag","embeddable":true,"href":"https:\/\/www.legobeletfrancais.fr\/blog\/wp-json\/wp\/v2\/tags?post=2227"}],"curies":[{"name":"wp","href":"https:\/\/api.w.org\/{rel}","templated":true}]}}