{"id":2192,"date":"2026-03-30T18:00:00","date_gmt":"2026-03-30T16:00:00","guid":{"rendered":"https:\/\/www.legobeletfrancais.fr\/blog\/?p=2192"},"modified":"2026-02-25T16:43:46","modified_gmt":"2026-02-25T15:43:46","slug":"quel-gobelet-pour-quel-metier-le-guide-tres-serieux-du-gobelet-pro","status":"publish","type":"post","link":"https:\/\/www.legobeletfrancais.fr\/blog\/quel-gobelet-pour-quel-metier-le-guide-tres-serieux-du-gobelet-pro\/","title":{"rendered":"Quel gobelet pour quel m\u00e9tier ? Le guide tr\u00e8s s\u00e9rieux du gobelet pro"},"content":{"rendered":"\n<p>Il y a des questions qui m\u00e9ritent qu&rsquo;on s&rsquo;y arr\u00eate vraiment. Quel est le sens de la vie ? Pourquoi les imprimantes tombent-elles toujours en panne le jour d&rsquo;une r\u00e9union importante ? Et surtout : <strong>quel gobelet pour quel m\u00e9tier ?<\/strong><\/p>\n\n\n\n<p>Parce qu&rsquo;au <strong><a href=\"https:\/\/www.legobeletfrancais.fr\/\">Gobelet Fran\u00e7ais<\/a><\/strong>, on prend les <strong>goodies durables pour les salari\u00e9s<\/strong> tr\u00e8s au s\u00e9rieux, on a men\u00e9 l&rsquo;enqu\u00eate. Apr\u00e8s des ann\u00e9es pass\u00e9es \u00e0 personnaliser des <strong>ecocups<\/strong> pour toutes sortes d&rsquo;entreprises, on a une certitude : chaque profil de collaborateur a son gobelet id\u00e9al. Voici le guide de r\u00e9f\u00e9rence pour trouver le <strong>gobelet personnalis\u00e9 parfait<\/strong> pour chacun de vos coll\u00e8gues.<\/p>\n\n\n\n<h2 class=\"wp-block-heading\" style=\"font-size:clamp(16.293px, 1.018rem + ((1vw - 3.2px) * 0.68), 25px);\">Le Comptable : l&rsquo;ecocup sobre et pr\u00e9cis <\/h2>\n\n\n\n<p>Le comptable n&rsquo;a pas de temps \u00e0 perdre avec les gadgets. Ce qu&rsquo;il veut, c&rsquo;est un <strong>gobelet fiable<\/strong>, <strong>r\u00e9sistant<\/strong>, et qui<strong> ne le l\u00e2chera pas <\/strong>en pleine cl\u00f4ture fiscale. Pas de motifs fantaisie, pas de message d\u00e9cal\u00e9. Juste le logo de l&rsquo;entreprise, bien centr\u00e9, avec les bonnes marges.<\/p>\n\n\n\n<p>Le <strong>petit plus<\/strong> qu&rsquo;il appr\u00e9ciera vraiment : un ecocup avec<strong> une graduation<\/strong> sur le c\u00f4t\u00e9. Parce que m\u00eame son caf\u00e9, il le dose avec pr\u00e9cision. C&rsquo;est exactement le genre de<a href=\"https:\/\/www.legobeletfrancais.fr\/entreprises\"> <strong>cadeau d&rsquo;entreprise original<\/strong><\/a> qui lui fera lever les yeux de son tableur, au moins deux secondes !<\/p>\n\n\n\n<h2 class=\"wp-block-heading\" style=\"font-size:clamp(16.293px, 1.018rem + ((1vw - 3.2px) * 0.68), 25px);\">Le RH : le gobelet bienveillant, inclusif et positif<\/h2>\n\n\n\n<div class=\"wp-block-media-text is-stacked-on-mobile\"><figure class=\"wp-block-media-text__media\"><img fetchpriority=\"high\" decoding=\"async\" width=\"819\" height=\"1024\" src=\"https:\/\/www.legobeletfrancais.fr\/blog\/wp-content\/uploads\/2026\/02\/Gobelets-personnalises-pour-un-RH-819x1024.jpg\" alt=\"Gobelets personnalis\u00e9s pour un RH\" class=\"wp-image-2209 size-full\" srcset=\"https:\/\/www.legobeletfrancais.fr\/blog\/wp-content\/uploads\/2026\/02\/Gobelets-personnalises-pour-un-RH-819x1024.jpg 819w, https:\/\/www.legobeletfrancais.fr\/blog\/wp-content\/uploads\/2026\/02\/Gobelets-personnalises-pour-un-RH-240x300.jpg 240w, https:\/\/www.legobeletfrancais.fr\/blog\/wp-content\/uploads\/2026\/02\/Gobelets-personnalises-pour-un-RH-768x960.jpg 768w, https:\/\/www.legobeletfrancais.fr\/blog\/wp-content\/uploads\/2026\/02\/Gobelets-personnalises-pour-un-RH.jpg 1080w\" sizes=\"(max-width: 819px) 100vw, 819px\" \/><\/figure><div class=\"wp-block-media-text__content\">\n<p>Le RH, c&rsquo;est la personne qui s&rsquo;assure que tout le monde va bien dans l&rsquo;open space. Son gobelet doit refl\u00e9ter \u00e7a : <strong>chaleureux<\/strong>, <strong>accessible<\/strong>, avec un <strong>message qui donne envie de commencer la journ\u00e9e<\/strong>. Une couleur douce : terracotta, vert sauge ou vieux rose et une phrase inspirante soigneusement choisie apr\u00e8s consultation du comit\u00e9 de pilotage.<\/p>\n\n\n\n<p>C\u00f4t\u00e9 pratique, le RH boira probablement <strong>de la tisane<\/strong>. Beaucoup de tisane. Son ecocup devra donc \u00eatre thermo-r\u00e9sistant tel que le propose Le Gobelet Fran\u00e7ais et \u00eatre pr\u00e9sentable lors des r\u00e9unions. Un <strong>gobelet personnalis\u00e9<\/strong> aux couleurs de la marque employeur, \u00e7a peut d&rsquo;ailleurs faire un tr\u00e8s bel outil de communication interne. <\/p>\n<\/div><\/div>\n\n\n\n<h2 class=\"wp-block-heading\" style=\"font-size:clamp(16.293px, 1.018rem + ((1vw - 3.2px) * 0.68), 25px);\">Le Chef de projet : le gobelet multi-t\u00e2ches, toujours en mouvement<\/h2>\n\n\n\n<p>Le chef de projet ne boit jamais son caf\u00e9 chaud. Pas parce qu&rsquo;il n&rsquo;aime pas le caf\u00e9 chaud mais parce qu&rsquo;entre deux r\u00e9unions, une relance urgente et une mise \u00e0 jour du planning, il n&rsquo;a tout simplement <strong>pas le temps<\/strong>. Son <strong>gobelet <\/strong>doit donc \u00eatre <strong>solide<\/strong> et surtout ne pas se renverser quand il pose son ordinateur dessus par inadvertance.<\/p>\n\n\n\n<p>L&rsquo;ecocup id\u00e9al pour lui : <strong>personnalis\u00e9<\/strong> avec le nom du projet en cours (m\u00eame si \u00e7a change tous les trimestres), <strong>r\u00e9sistant <\/strong>aux chocs, et <strong>disponible en quantit\u00e9 suffisante<\/strong> pour en offrir un \u00e0 toute son \u00e9quipe. Parce que le chef de projet qui distribue des <strong>goodies durables<\/strong> \u00e0 ses collaborateurs, c&rsquo;est le chef de projet qu&rsquo;on a envie de suivre.<\/p>\n\n\n\n<h2 class=\"wp-block-heading\" style=\"font-size:clamp(16.293px, 1.018rem + ((1vw - 3.2px) * 0.68), 25px);\">Le Stagiaire : le gobelet enthousiaste, motiv\u00e9 et l\u00e9g\u00e8rement perdu<\/h2>\n\n\n\n<div class=\"wp-block-media-text has-media-on-the-right is-stacked-on-mobile\"><div class=\"wp-block-media-text__content\">\n<p>Le <strong>stagiaire <\/strong>arrive le premier jour avec les yeux grands ouverts et un sac \u00e0 dos trop charg\u00e9. Il cherche la machine \u00e0 caf\u00e9, la salle de r\u00e9union B et quelqu&rsquo;un qui veuille bien lui expliquer comment fonctionne l&rsquo;imprimante. Ce qu&rsquo;il ne sait pas encore, c&rsquo;est qu&rsquo;il va passer les trois prochains mois \u00e0 faire du caf\u00e9 pour tout le monde et <strong>qu&rsquo;un bon gobelet<\/strong>, dans ces conditions, c&rsquo;est <strong>son meilleur alli\u00e9<\/strong>.<\/p>\n\n\n\n<p>Lui offrir un <strong>ecocup r\u00e9utilisable<\/strong> d\u00e8s son arriv\u00e9e, c&rsquo;est un geste simple qui dit beaucoup. \u00c7a montre qu&rsquo;il est <strong>attendu<\/strong>, <strong>int\u00e9gr\u00e9<\/strong>, <strong>consid\u00e9r\u00e9 <\/strong>comme un <strong>vrai membre de l&rsquo;\u00e9quipe.<\/strong> C&rsquo;est le genre d&rsquo;attention qui marque et qui donne envie de revenir apr\u00e8s le dipl\u00f4me. <\/p>\n<\/div><figure class=\"wp-block-media-text__media\"><img decoding=\"async\" width=\"819\" height=\"1024\" src=\"https:\/\/www.legobeletfrancais.fr\/blog\/wp-content\/uploads\/2026\/02\/Gobelets-personnalises-pour-un-stagiaire-1-819x1024.jpg\" alt=\"Gobelets personnalis\u00e9s pour un stagiaire\" class=\"wp-image-2207 size-full\" srcset=\"https:\/\/www.legobeletfrancais.fr\/blog\/wp-content\/uploads\/2026\/02\/Gobelets-personnalises-pour-un-stagiaire-1-819x1024.jpg 819w, https:\/\/www.legobeletfrancais.fr\/blog\/wp-content\/uploads\/2026\/02\/Gobelets-personnalises-pour-un-stagiaire-1-240x300.jpg 240w, https:\/\/www.legobeletfrancais.fr\/blog\/wp-content\/uploads\/2026\/02\/Gobelets-personnalises-pour-un-stagiaire-1-768x960.jpg 768w, https:\/\/www.legobeletfrancais.fr\/blog\/wp-content\/uploads\/2026\/02\/Gobelets-personnalises-pour-un-stagiaire-1.jpg 1080w\" sizes=\"(max-width: 819px) 100vw, 819px\" \/><\/figure><\/div>\n\n\n\n<p>Un bel exemple de <strong>cadeau d&rsquo;entreprise original<\/strong> qui <strong>ne co\u00fbte pas grand chose<\/strong> mais qui a un vrai impact sur l&rsquo;exp\u00e9rience collaborateur.<\/p>\n\n\n\n<h2 class=\"wp-block-heading\" style=\"font-size:clamp(16.293px, 1.018rem + ((1vw - 3.2px) * 0.68), 25px);\">Le Commercial : le gobelet premium, visible et toujours en d\u00e9placement<\/h2>\n\n\n\n<p>Le commercial est rarement \u00e0 son bureau. Il est chez un client, dans un train, dans un a\u00e9roport, ou au t\u00e9l\u00e9phone dans le couloir depuis 40 minutes. Son <strong>gobelet <\/strong>doit donc \u00eatre <strong>nomade<\/strong>, <strong>robuste<\/strong>, et si possible <strong>impressionnant <\/strong>: parce qu&rsquo;un commercial avec un bel ecocup aux couleurs de sa bo\u00eete, c&rsquo;est d\u00e9j\u00e0 une entr\u00e9e en mati\u00e8re.<\/p>\n\n\n\n<p>Pour lui, le gobelet devient presque un outil de repr\u00e9sentation. Au<strong> Gobelet Fran\u00e7ais<\/strong>, on peut travailler sur des visuels percutants pour que le gobelet soit \u00e0 la hauteur de l&rsquo;image que le commercial porte sur le terrain. Un <strong>ecocup personnalis\u00e9<\/strong> taill\u00e9 pour les grands comptes !<\/p>\n\n\n\n<h2 class=\"wp-block-heading\" style=\"font-size:clamp(16.293px, 1.018rem + ((1vw - 3.2px) * 0.68), 25px);\">La Direction : le gobelet sobre, made in France et \u00e0 offrir en comit\u00e9<\/h2>\n\n\n\n<p>La direction, elle, <strong>ne<\/strong> <strong>plaisante pas avec la qualit\u00e9<\/strong>. Elle veut un objet qui <strong>refl\u00e8te <\/strong>les<strong> valeurs de l&rsquo;entreprise<\/strong>,<strong> fabriqu\u00e9 en France<\/strong>, avec une <strong>finition irr\u00e9prochable<\/strong>. Le message doit \u00eatre discret mais \u00e9l\u00e9gant. Les couleurs, celles de la charte graphique. Le tout pr\u00e9sent\u00e9 dans un bel emballage pour les occasions officielles.<\/p>\n\n\n\n<p>Bonne nouvelle : c&rsquo;est exactement ce que propose <strong>Le Gobelet Fran\u00e7ais<\/strong> : une fabrication fran\u00e7aise, des mat\u00e9riaux de qualit\u00e9, une personnalisation sur mesure et la possibilit\u00e9 de commander en grande quantit\u00e9 pour les s\u00e9minaires, les cadeaux de fin d&rsquo;ann\u00e9e ou les \u00e9v\u00e9nements d&rsquo;entreprise !<\/p>\n\n\n\n<h2 class=\"wp-block-heading\" style=\"font-size:clamp(16.293px, 1.018rem + ((1vw - 3.2px) * 0.68), 25px);\">Au-del\u00e0 du sourire : pourquoi offrir des gobelets personnalis\u00e9s en entreprise ?<\/h2>\n\n\n\n<p>On a plaisant\u00e9, certes. Mais derri\u00e8re ce guide tr\u00e8s s\u00e9rieux se cache une vraie conviction : le <strong>gobelet personnalis\u00e9<\/strong> est l&rsquo;un des <strong>goodies durables pour salari\u00e9s<\/strong> les plus <strong>pertinents <\/strong>qu&rsquo;une entreprise puisse offrir.<\/p>\n\n\n\n<div class=\"wp-block-media-text is-stacked-on-mobile is-image-fill-element\"><figure class=\"wp-block-media-text__media\"><img decoding=\"async\" width=\"683\" height=\"1024\" src=\"https:\/\/www.legobeletfrancais.fr\/blog\/wp-content\/uploads\/2026\/02\/Gobelets-personnalises-pour-une-entreprise-1-683x1024.jpg\" alt=\"Gobelets personnalis\u00e9s pour une entreprise\" class=\"wp-image-2204 size-full\" style=\"object-position:43% 71%\" srcset=\"https:\/\/www.legobeletfrancais.fr\/blog\/wp-content\/uploads\/2026\/02\/Gobelets-personnalises-pour-une-entreprise-1-683x1024.jpg 683w, https:\/\/www.legobeletfrancais.fr\/blog\/wp-content\/uploads\/2026\/02\/Gobelets-personnalises-pour-une-entreprise-1-200x300.jpg 200w, https:\/\/www.legobeletfrancais.fr\/blog\/wp-content\/uploads\/2026\/02\/Gobelets-personnalises-pour-une-entreprise-1-768x1152.jpg 768w, https:\/\/www.legobeletfrancais.fr\/blog\/wp-content\/uploads\/2026\/02\/Gobelets-personnalises-pour-une-entreprise-1-1024x1536.jpg 1024w, https:\/\/www.legobeletfrancais.fr\/blog\/wp-content\/uploads\/2026\/02\/Gobelets-personnalises-pour-une-entreprise-1-1365x2048.jpg 1365w, https:\/\/www.legobeletfrancais.fr\/blog\/wp-content\/uploads\/2026\/02\/Gobelets-personnalises-pour-une-entreprise-1-scaled.jpg 1707w\" sizes=\"(max-width: 683px) 100vw, 683px\" \/><\/figure><div class=\"wp-block-media-text__content\">\n<p>Contrairement aux stylos qui finissent au fond d&rsquo;un tiroir ou aux carnets qu&rsquo;on n&rsquo;ouvre jamais, l&rsquo;<strong>ecocup<\/strong> est utilis\u00e9 au <strong>quotidien<\/strong>. Au bureau, \u00e0 la maison, en d\u00e9placement. Il est visible, pratique et durable. C&rsquo;est un objet qui accompagne les moments de pause, les r\u00e9unions, les trajets : autant de contextes o\u00f9 la marque de l&rsquo;entreprise s&rsquo;imprime discr\u00e8tement mais s\u00fbrement dans le quotidien du collaborateur.<\/p>\n<\/div><\/div>\n\n\n\n<p>C&rsquo;est aussi un<strong> signal fort<\/strong> envoy\u00e9 en interne : l&rsquo;entreprise fait des choix responsables, elle pense \u00e0 ses collaborateurs, et elle investit dans des objets qui durent plut\u00f4t que dans du gadget jetable. Dans un contexte o\u00f9 la <strong>marque employeur<\/strong> est devenue un enjeu strat\u00e9gique, ce genre de d\u00e9tail compte vraiment.<\/p>\n\n\n\n<p>Et pour vos clients ou partenaires, un <strong>cadeau d&rsquo;entreprise original<\/strong> sous forme d&rsquo;ecocup personnalis\u00e9, c&rsquo;est toujours <strong>une bonne surprise<\/strong>. Original, utile, \u00e9coresponsable : la combinaison gagnante.<\/p>\n\n\n\n<h2 class=\"wp-block-heading\" style=\"font-size:clamp(16.293px, 1.018rem + ((1vw - 3.2px) * 0.68), 25px);\">Alors, quel gobelet allez-vous commander ?<\/h2>\n\n\n\n<p>Que vous cherchiez \u00e0 \u00e9quiper toute une \u00e9quipe, \u00e0 marquer un s\u00e9minaire ou \u00e0 trouver le <strong>cadeau d&rsquo;entreprise original<\/strong> qui changera pour une fois du traditionnel agenda, Le Gobelet Fran\u00e7ais a la solution.<\/p>\n\n\n\n<p>Des <strong><a href=\"https:\/\/www.legobeletfrancais.fr\/configurator?themeType=custom\">ecocups personnalis\u00e9s<\/a><\/strong> fabriqu\u00e9s en France, dans les couleurs et avec le message de votre choix, livr\u00e9s dans les d\u00e9lais qui vous conviennent. Et pour chaque profil : le comptable minutieux, le RH bienveillant, le chef de projet d\u00e9bord\u00e9, le stagiaire enthousiaste, le commercial toujours en route et la direction exigeante, il y a forc\u00e9ment le gobelet qui correspond !<\/p>\n","protected":false},"excerpt":{"rendered":"<p>Il y a des questions qui m\u00e9ritent qu&rsquo;on s&rsquo;y arr\u00eate vraiment. Quel est le sens de la vie ? Pourquoi les imprimantes tombent-elles toujours en panne le jour d&rsquo;une r\u00e9union importante ? Et surtout : quel gobelet pour quel m\u00e9tier ? Parce qu&rsquo;au Gobelet Fran\u00e7ais, on prend les goodies durables pour les salari\u00e9s tr\u00e8s au [&hellip;]<\/p>\n","protected":false},"author":5,"featured_media":2210,"comment_status":"open","ping_status":"open","sticky":false,"template":"","format":"standard","meta":{"footnotes":""},"categories":[14],"tags":[],"class_list":["post-2192","post","type-post","status-publish","format-standard","has-post-thumbnail","hentry","category-entreprise"],"blocksy_meta":[],"yoast_head":"<!-- This site is optimized with the Yoast SEO plugin v27.4 - https:\/\/yoast.com\/product\/yoast-seo-wordpress\/ -->\n<title>Quel gobelet pour quel m\u00e9tier ? Le guide tr\u00e8s s\u00e9rieux du gobelet pro - Le Gobelet Fran\u00e7ais Blog<\/title>\n<meta name=\"robots\" content=\"index, follow, max-snippet:-1, max-image-preview:large, max-video-preview:-1\" \/>\n<link rel=\"canonical\" href=\"https:\/\/www.legobeletfrancais.fr\/blog\/quel-gobelet-pour-quel-metier-le-guide-tres-serieux-du-gobelet-pro\/\" \/>\n<meta property=\"og:locale\" content=\"fr_FR\" \/>\n<meta property=\"og:type\" content=\"article\" \/>\n<meta property=\"og:title\" content=\"Quel gobelet pour quel m\u00e9tier ? Le guide tr\u00e8s s\u00e9rieux du gobelet pro - Le Gobelet Fran\u00e7ais Blog\" \/>\n<meta property=\"og:description\" content=\"Il y a des questions qui m\u00e9ritent qu&rsquo;on s&rsquo;y arr\u00eate vraiment. Quel est le sens de la vie ? Pourquoi les imprimantes tombent-elles toujours en panne le jour d&rsquo;une r\u00e9union importante ? Et surtout : quel gobelet pour quel m\u00e9tier ? Parce qu&rsquo;au Gobelet Fran\u00e7ais, on prend les goodies durables pour les salari\u00e9s tr\u00e8s au [&hellip;]\" \/>\n<meta property=\"og:url\" content=\"https:\/\/www.legobeletfrancais.fr\/blog\/quel-gobelet-pour-quel-metier-le-guide-tres-serieux-du-gobelet-pro\/\" \/>\n<meta property=\"og:site_name\" content=\"Le Gobelet Fran\u00e7ais Blog\" \/>\n<meta property=\"article:published_time\" content=\"2026-03-30T16:00:00+00:00\" \/>\n<meta property=\"og:image\" content=\"https:\/\/www.legobeletfrancais.fr\/blog\/wp-content\/uploads\/2026\/02\/Gobelets-personnalises-pour-le-travail.jpg\" \/>\n\t<meta property=\"og:image:width\" content=\"750\" \/>\n\t<meta property=\"og:image:height\" content=\"500\" \/>\n\t<meta property=\"og:image:type\" content=\"image\/jpeg\" \/>\n<meta name=\"author\" content=\"Danae\" \/>\n<meta name=\"twitter:card\" content=\"summary_large_image\" \/>\n<meta name=\"twitter:label1\" content=\"\u00c9crit par\" \/>\n\t<meta name=\"twitter:data1\" content=\"Danae\" \/>\n\t<meta name=\"twitter:label2\" content=\"Dur\u00e9e de lecture estim\u00e9e\" \/>\n\t<meta name=\"twitter:data2\" content=\"7 minutes\" \/>\n<script type=\"application\/ld+json\" class=\"yoast-schema-graph\">{\"@context\":\"https:\\\/\\\/schema.org\",\"@graph\":[{\"@type\":\"Article\",\"@id\":\"https:\\\/\\\/www.legobeletfrancais.fr\\\/blog\\\/quel-gobelet-pour-quel-metier-le-guide-tres-serieux-du-gobelet-pro\\\/#article\",\"isPartOf\":{\"@id\":\"https:\\\/\\\/www.legobeletfrancais.fr\\\/blog\\\/quel-gobelet-pour-quel-metier-le-guide-tres-serieux-du-gobelet-pro\\\/\"},\"author\":{\"name\":\"Danae\",\"@id\":\"https:\\\/\\\/www.legobeletfrancais.fr\\\/blog\\\/#\\\/schema\\\/person\\\/e1b9137e6e34f7b77751fe88b51d1e30\"},\"headline\":\"Quel gobelet pour quel m\u00e9tier ? Le guide tr\u00e8s s\u00e9rieux du gobelet pro\",\"datePublished\":\"2026-03-30T16:00:00+00:00\",\"mainEntityOfPage\":{\"@id\":\"https:\\\/\\\/www.legobeletfrancais.fr\\\/blog\\\/quel-gobelet-pour-quel-metier-le-guide-tres-serieux-du-gobelet-pro\\\/\"},\"wordCount\":1165,\"commentCount\":0,\"image\":{\"@id\":\"https:\\\/\\\/www.legobeletfrancais.fr\\\/blog\\\/quel-gobelet-pour-quel-metier-le-guide-tres-serieux-du-gobelet-pro\\\/#primaryimage\"},\"thumbnailUrl\":\"https:\\\/\\\/www.legobeletfrancais.fr\\\/blog\\\/wp-content\\\/uploads\\\/2026\\\/02\\\/Gobelets-personnalises-pour-le-travail.jpg\",\"articleSection\":[\"Entreprise\"],\"inLanguage\":\"fr-FR\",\"potentialAction\":[{\"@type\":\"CommentAction\",\"name\":\"Comment\",\"target\":[\"https:\\\/\\\/www.legobeletfrancais.fr\\\/blog\\\/quel-gobelet-pour-quel-metier-le-guide-tres-serieux-du-gobelet-pro\\\/#respond\"]}]},{\"@type\":\"WebPage\",\"@id\":\"https:\\\/\\\/www.legobeletfrancais.fr\\\/blog\\\/quel-gobelet-pour-quel-metier-le-guide-tres-serieux-du-gobelet-pro\\\/\",\"url\":\"https:\\\/\\\/www.legobeletfrancais.fr\\\/blog\\\/quel-gobelet-pour-quel-metier-le-guide-tres-serieux-du-gobelet-pro\\\/\",\"name\":\"Quel gobelet pour quel m\u00e9tier ? Le guide tr\u00e8s s\u00e9rieux du gobelet pro - Le Gobelet Fran\u00e7ais Blog\",\"isPartOf\":{\"@id\":\"https:\\\/\\\/www.legobeletfrancais.fr\\\/blog\\\/#website\"},\"primaryImageOfPage\":{\"@id\":\"https:\\\/\\\/www.legobeletfrancais.fr\\\/blog\\\/quel-gobelet-pour-quel-metier-le-guide-tres-serieux-du-gobelet-pro\\\/#primaryimage\"},\"image\":{\"@id\":\"https:\\\/\\\/www.legobeletfrancais.fr\\\/blog\\\/quel-gobelet-pour-quel-metier-le-guide-tres-serieux-du-gobelet-pro\\\/#primaryimage\"},\"thumbnailUrl\":\"https:\\\/\\\/www.legobeletfrancais.fr\\\/blog\\\/wp-content\\\/uploads\\\/2026\\\/02\\\/Gobelets-personnalises-pour-le-travail.jpg\",\"datePublished\":\"2026-03-30T16:00:00+00:00\",\"author\":{\"@id\":\"https:\\\/\\\/www.legobeletfrancais.fr\\\/blog\\\/#\\\/schema\\\/person\\\/e1b9137e6e34f7b77751fe88b51d1e30\"},\"breadcrumb\":{\"@id\":\"https:\\\/\\\/www.legobeletfrancais.fr\\\/blog\\\/quel-gobelet-pour-quel-metier-le-guide-tres-serieux-du-gobelet-pro\\\/#breadcrumb\"},\"inLanguage\":\"fr-FR\",\"potentialAction\":[{\"@type\":\"ReadAction\",\"target\":[\"https:\\\/\\\/www.legobeletfrancais.fr\\\/blog\\\/quel-gobelet-pour-quel-metier-le-guide-tres-serieux-du-gobelet-pro\\\/\"]}]},{\"@type\":\"ImageObject\",\"inLanguage\":\"fr-FR\",\"@id\":\"https:\\\/\\\/www.legobeletfrancais.fr\\\/blog\\\/quel-gobelet-pour-quel-metier-le-guide-tres-serieux-du-gobelet-pro\\\/#primaryimage\",\"url\":\"https:\\\/\\\/www.legobeletfrancais.fr\\\/blog\\\/wp-content\\\/uploads\\\/2026\\\/02\\\/Gobelets-personnalises-pour-le-travail.jpg\",\"contentUrl\":\"https:\\\/\\\/www.legobeletfrancais.fr\\\/blog\\\/wp-content\\\/uploads\\\/2026\\\/02\\\/Gobelets-personnalises-pour-le-travail.jpg\",\"width\":750,\"height\":500,\"caption\":\"Gobelets personnalis\u00e9s pour le travail\"},{\"@type\":\"BreadcrumbList\",\"@id\":\"https:\\\/\\\/www.legobeletfrancais.fr\\\/blog\\\/quel-gobelet-pour-quel-metier-le-guide-tres-serieux-du-gobelet-pro\\\/#breadcrumb\",\"itemListElement\":[{\"@type\":\"ListItem\",\"position\":1,\"name\":\"Accueil\",\"item\":\"https:\\\/\\\/www.legobeletfrancais.fr\\\/blog\\\/\"},{\"@type\":\"ListItem\",\"position\":2,\"name\":\"Quel gobelet pour quel m\u00e9tier ? Le guide tr\u00e8s s\u00e9rieux du gobelet pro\"}]},{\"@type\":\"WebSite\",\"@id\":\"https:\\\/\\\/www.legobeletfrancais.fr\\\/blog\\\/#website\",\"url\":\"https:\\\/\\\/www.legobeletfrancais.fr\\\/blog\\\/\",\"name\":\"Le Gobelet Fran\u00e7ais Blog\",\"description\":\"\",\"potentialAction\":[{\"@type\":\"SearchAction\",\"target\":{\"@type\":\"EntryPoint\",\"urlTemplate\":\"https:\\\/\\\/www.legobeletfrancais.fr\\\/blog\\\/?s={search_term_string}\"},\"query-input\":{\"@type\":\"PropertyValueSpecification\",\"valueRequired\":true,\"valueName\":\"search_term_string\"}}],\"inLanguage\":\"fr-FR\"},{\"@type\":\"Person\",\"@id\":\"https:\\\/\\\/www.legobeletfrancais.fr\\\/blog\\\/#\\\/schema\\\/person\\\/e1b9137e6e34f7b77751fe88b51d1e30\",\"name\":\"Danae\",\"image\":{\"@type\":\"ImageObject\",\"inLanguage\":\"fr-FR\",\"@id\":\"https:\\\/\\\/secure.gravatar.com\\\/avatar\\\/2b97231c0d0791a87ddfe33479c44c585a079f5c48341a53fcc3965ab7baf856?s=96&d=mm&r=g\",\"url\":\"https:\\\/\\\/secure.gravatar.com\\\/avatar\\\/2b97231c0d0791a87ddfe33479c44c585a079f5c48341a53fcc3965ab7baf856?s=96&d=mm&r=g\",\"contentUrl\":\"https:\\\/\\\/secure.gravatar.com\\\/avatar\\\/2b97231c0d0791a87ddfe33479c44c585a079f5c48341a53fcc3965ab7baf856?s=96&d=mm&r=g\",\"caption\":\"Danae\"},\"url\":\"https:\\\/\\\/www.legobeletfrancais.fr\\\/blog\\\/author\\\/danae\\\/\"}]}<\/script>\n<!-- \/ Yoast SEO plugin. -->","yoast_head_json":{"title":"Quel gobelet pour quel m\u00e9tier ? Le guide tr\u00e8s s\u00e9rieux du gobelet pro - Le Gobelet Fran\u00e7ais Blog","robots":{"index":"index","follow":"follow","max-snippet":"max-snippet:-1","max-image-preview":"max-image-preview:large","max-video-preview":"max-video-preview:-1"},"canonical":"https:\/\/www.legobeletfrancais.fr\/blog\/quel-gobelet-pour-quel-metier-le-guide-tres-serieux-du-gobelet-pro\/","og_locale":"fr_FR","og_type":"article","og_title":"Quel gobelet pour quel m\u00e9tier ? Le guide tr\u00e8s s\u00e9rieux du gobelet pro - Le Gobelet Fran\u00e7ais Blog","og_description":"Il y a des questions qui m\u00e9ritent qu&rsquo;on s&rsquo;y arr\u00eate vraiment. Quel est le sens de la vie ? Pourquoi les imprimantes tombent-elles toujours en panne le jour d&rsquo;une r\u00e9union importante ? Et surtout : quel gobelet pour quel m\u00e9tier ? Parce qu&rsquo;au Gobelet Fran\u00e7ais, on prend les goodies durables pour les salari\u00e9s tr\u00e8s au [&hellip;]","og_url":"https:\/\/www.legobeletfrancais.fr\/blog\/quel-gobelet-pour-quel-metier-le-guide-tres-serieux-du-gobelet-pro\/","og_site_name":"Le Gobelet Fran\u00e7ais Blog","article_published_time":"2026-03-30T16:00:00+00:00","og_image":[{"width":750,"height":500,"url":"https:\/\/www.legobeletfrancais.fr\/blog\/wp-content\/uploads\/2026\/02\/Gobelets-personnalises-pour-le-travail.jpg","type":"image\/jpeg"}],"author":"Danae","twitter_card":"summary_large_image","twitter_misc":{"\u00c9crit par":"Danae","Dur\u00e9e de lecture estim\u00e9e":"7 minutes"},"schema":{"@context":"https:\/\/schema.org","@graph":[{"@type":"Article","@id":"https:\/\/www.legobeletfrancais.fr\/blog\/quel-gobelet-pour-quel-metier-le-guide-tres-serieux-du-gobelet-pro\/#article","isPartOf":{"@id":"https:\/\/www.legobeletfrancais.fr\/blog\/quel-gobelet-pour-quel-metier-le-guide-tres-serieux-du-gobelet-pro\/"},"author":{"name":"Danae","@id":"https:\/\/www.legobeletfrancais.fr\/blog\/#\/schema\/person\/e1b9137e6e34f7b77751fe88b51d1e30"},"headline":"Quel gobelet pour quel m\u00e9tier ? Le guide tr\u00e8s s\u00e9rieux du gobelet pro","datePublished":"2026-03-30T16:00:00+00:00","mainEntityOfPage":{"@id":"https:\/\/www.legobeletfrancais.fr\/blog\/quel-gobelet-pour-quel-metier-le-guide-tres-serieux-du-gobelet-pro\/"},"wordCount":1165,"commentCount":0,"image":{"@id":"https:\/\/www.legobeletfrancais.fr\/blog\/quel-gobelet-pour-quel-metier-le-guide-tres-serieux-du-gobelet-pro\/#primaryimage"},"thumbnailUrl":"https:\/\/www.legobeletfrancais.fr\/blog\/wp-content\/uploads\/2026\/02\/Gobelets-personnalises-pour-le-travail.jpg","articleSection":["Entreprise"],"inLanguage":"fr-FR","potentialAction":[{"@type":"CommentAction","name":"Comment","target":["https:\/\/www.legobeletfrancais.fr\/blog\/quel-gobelet-pour-quel-metier-le-guide-tres-serieux-du-gobelet-pro\/#respond"]}]},{"@type":"WebPage","@id":"https:\/\/www.legobeletfrancais.fr\/blog\/quel-gobelet-pour-quel-metier-le-guide-tres-serieux-du-gobelet-pro\/","url":"https:\/\/www.legobeletfrancais.fr\/blog\/quel-gobelet-pour-quel-metier-le-guide-tres-serieux-du-gobelet-pro\/","name":"Quel gobelet pour quel m\u00e9tier ? Le guide tr\u00e8s s\u00e9rieux du gobelet pro - Le Gobelet Fran\u00e7ais Blog","isPartOf":{"@id":"https:\/\/www.legobeletfrancais.fr\/blog\/#website"},"primaryImageOfPage":{"@id":"https:\/\/www.legobeletfrancais.fr\/blog\/quel-gobelet-pour-quel-metier-le-guide-tres-serieux-du-gobelet-pro\/#primaryimage"},"image":{"@id":"https:\/\/www.legobeletfrancais.fr\/blog\/quel-gobelet-pour-quel-metier-le-guide-tres-serieux-du-gobelet-pro\/#primaryimage"},"thumbnailUrl":"https:\/\/www.legobeletfrancais.fr\/blog\/wp-content\/uploads\/2026\/02\/Gobelets-personnalises-pour-le-travail.jpg","datePublished":"2026-03-30T16:00:00+00:00","author":{"@id":"https:\/\/www.legobeletfrancais.fr\/blog\/#\/schema\/person\/e1b9137e6e34f7b77751fe88b51d1e30"},"breadcrumb":{"@id":"https:\/\/www.legobeletfrancais.fr\/blog\/quel-gobelet-pour-quel-metier-le-guide-tres-serieux-du-gobelet-pro\/#breadcrumb"},"inLanguage":"fr-FR","potentialAction":[{"@type":"ReadAction","target":["https:\/\/www.legobeletfrancais.fr\/blog\/quel-gobelet-pour-quel-metier-le-guide-tres-serieux-du-gobelet-pro\/"]}]},{"@type":"ImageObject","inLanguage":"fr-FR","@id":"https:\/\/www.legobeletfrancais.fr\/blog\/quel-gobelet-pour-quel-metier-le-guide-tres-serieux-du-gobelet-pro\/#primaryimage","url":"https:\/\/www.legobeletfrancais.fr\/blog\/wp-content\/uploads\/2026\/02\/Gobelets-personnalises-pour-le-travail.jpg","contentUrl":"https:\/\/www.legobeletfrancais.fr\/blog\/wp-content\/uploads\/2026\/02\/Gobelets-personnalises-pour-le-travail.jpg","width":750,"height":500,"caption":"Gobelets personnalis\u00e9s pour le travail"},{"@type":"BreadcrumbList","@id":"https:\/\/www.legobeletfrancais.fr\/blog\/quel-gobelet-pour-quel-metier-le-guide-tres-serieux-du-gobelet-pro\/#breadcrumb","itemListElement":[{"@type":"ListItem","position":1,"name":"Accueil","item":"https:\/\/www.legobeletfrancais.fr\/blog\/"},{"@type":"ListItem","position":2,"name":"Quel gobelet pour quel m\u00e9tier ? Le guide tr\u00e8s s\u00e9rieux du gobelet pro"}]},{"@type":"WebSite","@id":"https:\/\/www.legobeletfrancais.fr\/blog\/#website","url":"https:\/\/www.legobeletfrancais.fr\/blog\/","name":"Le Gobelet Fran\u00e7ais Blog","description":"","potentialAction":[{"@type":"SearchAction","target":{"@type":"EntryPoint","urlTemplate":"https:\/\/www.legobeletfrancais.fr\/blog\/?s={search_term_string}"},"query-input":{"@type":"PropertyValueSpecification","valueRequired":true,"valueName":"search_term_string"}}],"inLanguage":"fr-FR"},{"@type":"Person","@id":"https:\/\/www.legobeletfrancais.fr\/blog\/#\/schema\/person\/e1b9137e6e34f7b77751fe88b51d1e30","name":"Danae","image":{"@type":"ImageObject","inLanguage":"fr-FR","@id":"https:\/\/secure.gravatar.com\/avatar\/2b97231c0d0791a87ddfe33479c44c585a079f5c48341a53fcc3965ab7baf856?s=96&d=mm&r=g","url":"https:\/\/secure.gravatar.com\/avatar\/2b97231c0d0791a87ddfe33479c44c585a079f5c48341a53fcc3965ab7baf856?s=96&d=mm&r=g","contentUrl":"https:\/\/secure.gravatar.com\/avatar\/2b97231c0d0791a87ddfe33479c44c585a079f5c48341a53fcc3965ab7baf856?s=96&d=mm&r=g","caption":"Danae"},"url":"https:\/\/www.legobeletfrancais.fr\/blog\/author\/danae\/"}]}},"_links":{"self":[{"href":"https:\/\/www.legobeletfrancais.fr\/blog\/wp-json\/wp\/v2\/posts\/2192","targetHints":{"allow":["GET"]}}],"collection":[{"href":"https:\/\/www.legobeletfrancais.fr\/blog\/wp-json\/wp\/v2\/posts"}],"about":[{"href":"https:\/\/www.legobeletfrancais.fr\/blog\/wp-json\/wp\/v2\/types\/post"}],"author":[{"embeddable":true,"href":"https:\/\/www.legobeletfrancais.fr\/blog\/wp-json\/wp\/v2\/users\/5"}],"replies":[{"embeddable":true,"href":"https:\/\/www.legobeletfrancais.fr\/blog\/wp-json\/wp\/v2\/comments?post=2192"}],"version-history":[{"count":13,"href":"https:\/\/www.legobeletfrancais.fr\/blog\/wp-json\/wp\/v2\/posts\/2192\/revisions"}],"predecessor-version":[{"id":2211,"href":"https:\/\/www.legobeletfrancais.fr\/blog\/wp-json\/wp\/v2\/posts\/2192\/revisions\/2211"}],"wp:featuredmedia":[{"embeddable":true,"href":"https:\/\/www.legobeletfrancais.fr\/blog\/wp-json\/wp\/v2\/media\/2210"}],"wp:attachment":[{"href":"https:\/\/www.legobeletfrancais.fr\/blog\/wp-json\/wp\/v2\/media?parent=2192"}],"wp:term":[{"taxonomy":"category","embeddable":true,"href":"https:\/\/www.legobeletfrancais.fr\/blog\/wp-json\/wp\/v2\/categories?post=2192"},{"taxonomy":"post_tag","embeddable":true,"href":"https:\/\/www.legobeletfrancais.fr\/blog\/wp-json\/wp\/v2\/tags?post=2192"}],"curies":[{"name":"wp","href":"https:\/\/api.w.org\/{rel}","templated":true}]}}