{"id":2177,"date":"2026-03-23T13:20:45","date_gmt":"2026-03-23T12:20:45","guid":{"rendered":"https:\/\/www.legobeletfrancais.fr\/blog\/?p=2177"},"modified":"2026-03-23T13:20:46","modified_gmt":"2026-03-23T12:20:46","slug":"evenements-etudiants-et-festivals-gerez-vos-boissons-de-maniere-responsable","status":"publish","type":"post","link":"https:\/\/www.legobeletfrancais.fr\/blog\/evenements-etudiants-et-festivals-gerez-vos-boissons-de-maniere-responsable\/","title":{"rendered":"\u00c9v\u00e9nements \u00e9tudiants et festivals : g\u00e9rez vos boissons de mani\u00e8re responsable"},"content":{"rendered":"\n<p>Week-end d&rsquo;int\u00e9gration, soir\u00e9e BDE, forum, festival de printemps\u2026 Les \u00e9v\u00e9nements \u00e9tudiants ont un point commun : ils rassemblent beaucoup de monde, souvent en peu de temps, et avec des budgets serr\u00e9s. Et si on ajoutait \u00e0 \u00e7a la question des boissons \u00e0 g\u00e9rer, on obtient vite une logistique difficile \u00e0 g\u00e9rer doubl\u00e9 d&rsquo;un<strong> bilan d\u00e9chet catastrophique<\/strong>.<\/p>\n\n\n\n<p>Des centaines de <strong>gobelets jetables<\/strong> qui <strong>s&rsquo;accumulent<\/strong> d\u00e8s la premi\u00e8re heure, des verres en cartons qui tra\u00eenent partout, une poubelle d\u00e9bordante avant m\u00eame la moiti\u00e9 de la soir\u00e9e\u2026 Le sc\u00e9nario est connu. Pourtant, il existe une solution simple, \u00e9conomique et nettement plus responsable : le <strong>gobelet r\u00e9utilisable personnalis\u00e9<\/strong> tel que le propose <strong><a href=\"https:\/\/www.legobeletfrancais.fr\/\">Le Gobelet Fran\u00e7ais<\/a><\/strong>. Voici pourquoi les BDE, associations \u00e9tudiantes et organisateurs de festivals ont tout int\u00e9r\u00eat \u00e0 opter pour les ecocups r\u00e9utilisables et comment s&rsquo;y prendre concr\u00e8tement.<\/p>\n\n\n\n<h2 class=\"wp-block-heading\" style=\"font-size:clamp(16.293px, 1.018rem + ((1vw - 3.2px) * 0.68), 25px);\">Le vrai co\u00fbt des gobelets jetables dans un \u00e9v\u00e9nement \u00e9tudiant<\/h2>\n\n\n\n<p>On a tendance \u00e0 croire que le <strong>gobelet jetable<\/strong>, c&rsquo;est l&rsquo;option la <strong>moins ch\u00e8re<\/strong>. C&rsquo;est une <strong>id\u00e9e re\u00e7ue<\/strong> qu&rsquo;il vaut mieux d\u00e9construire avant d&rsquo;organiser son prochain \u00e9v\u00e9nement.<\/p>\n\n\n\n<div class=\"wp-block-media-text is-stacked-on-mobile is-image-fill-element\"><figure class=\"wp-block-media-text__media\"><img fetchpriority=\"high\" decoding=\"async\" width=\"768\" height=\"1024\" src=\"https:\/\/www.legobeletfrancais.fr\/blog\/wp-content\/uploads\/2026\/02\/Gobelets-personnalises-pour-un-evenement-etudiant-768x1024.jpg\" alt=\"Gobelets personnalis\u00e9s pour un \u00e9v\u00e9nement \u00e9tudiant\" class=\"wp-image-2183 size-full\" style=\"object-position:50% 50%\" srcset=\"https:\/\/www.legobeletfrancais.fr\/blog\/wp-content\/uploads\/2026\/02\/Gobelets-personnalises-pour-un-evenement-etudiant-768x1024.jpg 768w, https:\/\/www.legobeletfrancais.fr\/blog\/wp-content\/uploads\/2026\/02\/Gobelets-personnalises-pour-un-evenement-etudiant-225x300.jpg 225w, https:\/\/www.legobeletfrancais.fr\/blog\/wp-content\/uploads\/2026\/02\/Gobelets-personnalises-pour-un-evenement-etudiant-1152x1536.jpg 1152w, https:\/\/www.legobeletfrancais.fr\/blog\/wp-content\/uploads\/2026\/02\/Gobelets-personnalises-pour-un-evenement-etudiant.jpg 1536w\" sizes=\"(max-width: 768px) 100vw, 768px\" \/><\/figure><div class=\"wp-block-media-text__content\">\n<p>En r\u00e9alit\u00e9, sur un <strong><a href=\"https:\/\/www.legobeletfrancais.fr\/festivites\">\u00e9v\u00e9nement<\/a><\/strong> de 200 personnes, les gobelets en cartons \u00e0 usage unique repr\u00e9sentent une d\u00e9pense r\u00e9currente \u00e0 chaque soir\u00e9e. Multipli\u00e9e par le nombre d&rsquo;\u00e9v\u00e9nements organis\u00e9s dans l&rsquo;ann\u00e9e par une association ou un BDE, <strong>la facture grimpe vite<\/strong>. Sans parler du temps pass\u00e9 \u00e0 ramasser et \u00e9vacuer les d\u00e9chets apr\u00e8s l&rsquo;\u00e9v\u00e9nement, ou des p\u00e9nalit\u00e9s que certaines salles et espaces ext\u00e9rieurs imposent d\u00e9sormais pour les d\u00e9p\u00f4ts de d\u00e9chets excessifs.<\/p>\n<\/div><\/div>\n\n\n\n<p>Investir dans des ecocups r\u00e9utilisables comme propos\u00e9s par <strong>Le Gobelet Fran\u00e7ais<\/strong>, c&rsquo;est faire un <strong>achat <\/strong>unique qui <strong>s&rsquo;amortit sur la dur\u00e9e<\/strong>. Les gobelets r\u00e9utilisables sont robustes, lavables, et peuvent \u00eatre r\u00e9utilis\u00e9s plus de 150 fois. R\u00e9sultat : d\u00e8s le deuxi\u00e8me ou troisi\u00e8me \u00e9v\u00e9nement, le <strong>co\u00fbt<\/strong> par gobelet devient <strong>d\u00e9risoire <\/strong>par rapport \u00e0 l&rsquo;option jetable.<\/p>\n\n\n\n<h2 class=\"wp-block-heading\" style=\"font-size:clamp(16.293px, 1.018rem + ((1vw - 3.2px) * 0.68), 25px);\">La gestion des boissons en festival et soir\u00e9e \u00e9tudiante : les bonnes pratiques<\/h2>\n\n\n\n<p><strong>G\u00e9rer les boissons<\/strong> sur un \u00e9v\u00e9nement de grande envergure, \u00e7a <strong>se pr\u00e9pare<\/strong>. Que vous organisiez une soir\u00e9e dans une salle, un \u00e9v\u00e9nement en plein air ou un festival \u00e9tudiant sur plusieurs jours, quelques r\u00e9flexes de base changent radicalement la donne.<\/p>\n\n\n\n<p>Un gobelet par invit\u00e9 : le principe du <strong>gobelet <\/strong>r\u00e9utilisable repose sur un syst\u00e8me simple : chaque participant re\u00e7oit son ecocup \u00e0 l&rsquo;entr\u00e9e, souvent contre une caution symbolique, et le conserve toute la soir\u00e9e. \u00c0 la fin, il peut soit le rendre pour r\u00e9cup\u00e9rer sa caution, soit le <strong>garder en souvenir<\/strong>. Ce syst\u00e8me, d\u00e9j\u00e0 largement adopt\u00e9 dans les grands festivals fran\u00e7ais, r\u00e9duit consid\u00e9rablement le nombre de d\u00e9chets et simplifie la logistique sur le terrain.<\/p>\n\n\n\n<p>Un bar centralis\u00e9 et organis\u00e9 : plut\u00f4t que de multiplier les points de distribution avec des verres en cartons qui partent dans tous les sens, optez pour un ou plusieurs bars bien identifi\u00e9s o\u00f9 les boissons sont servies directement dans les <a href=\"https:\/\/www.legobeletfrancais.fr\/configurator?themeType=custom\"><strong>ecocups<\/strong> <strong>personnalis\u00e9s<\/strong><\/a>.<\/p>\n\n\n\n<p>Des grandes contenances plut\u00f4t que des formats individuels : canettes et petites bouteilles \u00e0 usage unique, c&rsquo;est le combo parfait pour <strong>g\u00e9n\u00e9rer un maximum de d\u00e9chets en un minimum de temps<\/strong>. Servir les boissons depuis des f\u00fbts, des grands bidons ou des bouteilles en verre est beaucoup plus coh\u00e9rent, tant sur le plan logistique qu&rsquo;\u00e9cologique. <\/p>\n\n\n\n<h2 class=\"wp-block-heading\" style=\"font-size:clamp(16.293px, 1.018rem + ((1vw - 3.2px) * 0.68), 25px);\">Des ecocups personnalis\u00e9s aux couleurs de votre \u00e9v\u00e9nement<\/h2>\n\n\n\n<p>C&rsquo;est l\u00e0 que \u00e7a devient vraiment int\u00e9ressant pour les organisateurs. Un <strong>gobelet personnalis\u00e9<\/strong>, ce n&rsquo;est pas juste un contenant : c&rsquo;est un <strong>support de communication \u00e0 part enti\u00e8re.<\/strong><\/p>\n\n\n\n<p>Imaginez des ecocups floqu\u00e9s du logo de votre BDE, du nom de votre festival ou du th\u00e8me de votre soir\u00e9e d&rsquo;int\u00e9gration. Chaque participant devient, le temps d&rsquo;une soir\u00e9e, un <strong>ambassadeur visuel<\/strong> de votre \u00e9v\u00e9nement. Et quand il repart avec son gobelet, il continue \u00e0 faire vivre votre image bien apr\u00e8s la fin de la f\u00eate.<\/p>\n\n\n\n<div class=\"wp-block-media-text has-media-on-the-right is-stacked-on-mobile is-image-fill-element\"><div class=\"wp-block-media-text__content\">\n<p>Au <strong>Gobelet Fran\u00e7ais<\/strong>, les gobelets personnalis\u00e9s sont disponibles en petites comme en grandes quantit\u00e9s (\u00e0 partir de 10 unit\u00e9s), avec des d\u00e9lais de production adapt\u00e9s aux plannings parfois serr\u00e9s des associations \u00e9tudiantes. Format du gobelet (15cl, 25cl, 50cl, fl\u00fbtes, verres \u00e0 vin), couleurs, logo, texte, visuel\u2026 tout est param\u00e9trable pour coller \u00e0 votre identit\u00e9 visuelle. Et parce qu&rsquo;ils sont fabriqu\u00e9s en France, vous <strong>ma\u00eetrisez <\/strong>aussi la <strong>qualit\u00e9<\/strong> et les <strong>d\u00e9lais<\/strong>.<\/p>\n<\/div><figure class=\"wp-block-media-text__media\"><img decoding=\"async\" width=\"576\" height=\"1024\" src=\"https:\/\/www.legobeletfrancais.fr\/blog\/wp-content\/uploads\/2026\/02\/Ecocups-personnalises-pour-un-BDE-576x1024.jpg\" alt=\"Ecocups personnalis\u00e9s pour un BDE\" class=\"wp-image-2185 size-full\" style=\"object-position:49% 58%\" srcset=\"https:\/\/www.legobeletfrancais.fr\/blog\/wp-content\/uploads\/2026\/02\/Ecocups-personnalises-pour-un-BDE-576x1024.jpg 576w, https:\/\/www.legobeletfrancais.fr\/blog\/wp-content\/uploads\/2026\/02\/Ecocups-personnalises-pour-un-BDE-169x300.jpg 169w, https:\/\/www.legobeletfrancais.fr\/blog\/wp-content\/uploads\/2026\/02\/Ecocups-personnalises-pour-un-BDE.jpg 720w\" sizes=\"(max-width: 576px) 100vw, 576px\" \/><\/figure><\/div>\n\n\n\n<p>Pour un festival ou un grand \u00e9v\u00e9nement \u00e9tudiant, les ecocup r\u00e9utilisables peuvent m\u00eame devenir un argument de communication en amont : \u00ab\u00a0\u00c0 l&rsquo;entr\u00e9e, chaque participant re\u00e7oit son ecocup aux couleurs de l&rsquo;\u00e9v\u00e9nement.\u00a0\u00bb C&rsquo;est le genre de <strong>d\u00e9tail qui fait parler<\/strong>, qui donne une image soign\u00e9e et engag\u00e9e, et qui se retrouve sur les stories Instagram des participants avant m\u00eame la fin de la soir\u00e9e.<\/p>\n\n\n\n<h2 class=\"wp-block-heading\" style=\"font-size:clamp(16.293px, 1.018rem + ((1vw - 3.2px) * 0.68), 25px);\">Responsable et aussi r\u00e9glementaire<\/h2>\n\n\n\n<p>Il y a une dimension dont on parle moins, mais qui est pourtant tr\u00e8s concr\u00e8te pour les organisateurs d&rsquo;\u00e9v\u00e9nements : <strong>la r\u00e9glementation<\/strong>.<\/p>\n\n\n\n<p>Depuis la loi anti-gaspillage pour une \u00e9conomie circulaire (loi AGEC) de 2020, les \u00e9v\u00e9nements rassemblant plus de 5 000 participants ont <strong>l&rsquo;obligation <\/strong>de proposer des <strong>contenants r\u00e9utilisables<\/strong> pour les boissons. Et m\u00eame en dessous de ce seuil, de plus en plus de communes, d&rsquo;universit\u00e9s et de sites d&rsquo;accueil imposent leurs propres r\u00e8gles en mati\u00e8re de d\u00e9chets lors des \u00e9v\u00e9nements organis\u00e9s sur leurs espaces.<\/p>\n\n\n\n<p>Choisir des gobelets r\u00e9utilisables d\u00e8s maintenant, c&rsquo;est donc non seulement un <strong>geste responsable<\/strong>, mais aussi une fa\u00e7on d&rsquo;<strong>anticiper des obligations<\/strong> qui vont s&rsquo;\u00e9tendre progressivement \u00e0 tous les types d&rsquo;\u00e9v\u00e9nements. Les BDE et associations qui s&rsquo;y mettent d\u00e8s aujourd&rsquo;hui ont une longueur d&rsquo;avance sur le plan \u00e9cologique, mais aussi sur le plan organisationnel.<\/p>\n\n\n\n<h2 class=\"wp-block-heading\" style=\"font-size:clamp(16.293px, 1.018rem + ((1vw - 3.2px) * 0.68), 25px);\">Comment passer commande et anticiper la logistique ?<\/h2>\n\n\n\n<p>Vous \u00eates convaincus ? Voici comment \u00e7a se passe concr\u00e8tement pour commander vos <strong>ecocups r\u00e9utilisables<\/strong> aupr\u00e8s du <strong>Gobelet Fran\u00e7ais<\/strong>.<\/p>\n\n\n\n<p>D\u00e9finissez vos besoins en amont : combien de participants attendez-vous ? Souhaitez-vous mettre en place un syst\u00e8me de caution ? Voulez-vous que les gobelets soient gard\u00e9s en souvenir ou r\u00e9cup\u00e9r\u00e9s en fin de soir\u00e9e ? Ces questions d\u00e9termineront la quantit\u00e9 \u00e0 commander et le type d&rsquo;ecocup le plus adapt\u00e9 \u00e0 votre \u00e9v\u00e9nement.<\/p>\n\n\n\n<div class=\"wp-block-media-text is-stacked-on-mobile is-image-fill-element\"><figure class=\"wp-block-media-text__media\"><img decoding=\"async\" width=\"819\" height=\"1024\" src=\"https:\/\/www.legobeletfrancais.fr\/blog\/wp-content\/uploads\/2026\/02\/Gobelets-personnalises-Le-Gobelet-Francais-819x1024.jpg\" alt=\"Gobelets personnalis\u00e9s Le Gobelet Fran\u00e7ais\" class=\"wp-image-2187 size-full\" style=\"object-position:58% 93%\" srcset=\"https:\/\/www.legobeletfrancais.fr\/blog\/wp-content\/uploads\/2026\/02\/Gobelets-personnalises-Le-Gobelet-Francais-819x1024.jpg 819w, https:\/\/www.legobeletfrancais.fr\/blog\/wp-content\/uploads\/2026\/02\/Gobelets-personnalises-Le-Gobelet-Francais-240x300.jpg 240w, https:\/\/www.legobeletfrancais.fr\/blog\/wp-content\/uploads\/2026\/02\/Gobelets-personnalises-Le-Gobelet-Francais-768x960.jpg 768w, https:\/\/www.legobeletfrancais.fr\/blog\/wp-content\/uploads\/2026\/02\/Gobelets-personnalises-Le-Gobelet-Francais.jpg 1080w\" sizes=\"(max-width: 819px) 100vw, 819px\" \/><\/figure><div class=\"wp-block-media-text__content\">\n<p>Choisissez votre personnalisation : format, logo, couleurs, texte, th\u00e8me de l&rsquo;\u00e9v\u00e9nement\u2026 L&rsquo;\u00e9quipe du Gobelet Fran\u00e7ais vous accompagne dans la cr\u00e9ation de votre visuel pour un r\u00e9sultat \u00e0 la hauteur de vos attentes.<\/p>\n\n\n\n<p>Anticipez les d\u00e9lais : comme pour tout objet personnalis\u00e9, mieux vaut ne pas s&rsquo;y prendre \u00e0 la derni\u00e8re minute. <strong>Le Gobelet Fran\u00e7ais<\/strong> propose des d\u00e9lais de livraison g\u00e9n\u00e9ralement de <strong>10 \u00e0 15 jours ouvr\u00e9s<\/strong> (du lundi au vendredi, hors jours f\u00e9ri\u00e9s). Si vous en avez besoin plus rapidement, vous pouvez opter pour une livraison express, en <strong>5 jours ouvr\u00e9s<\/strong>.<\/p>\n<\/div><\/div>\n\n\n\n<p>Pensez \u00e0 l&rsquo;apr\u00e8s : une fois l&rsquo;\u00e9v\u00e9nement termin\u00e9, les gobelets r\u00e9cup\u00e9r\u00e9s peuvent \u00eatre <strong>lav\u00e9s et r\u00e9utilis\u00e9s<\/strong> lors de la prochaine soir\u00e9e. Certaines associations mutualisent m\u00eame leurs stocks avec d&rsquo;autres organisations du campus. <\/p>\n\n\n\n<h2 class=\"wp-block-heading\" style=\"font-size:clamp(16.293px, 1.018rem + ((1vw - 3.2px) * 0.68), 25px);\">Un \u00e9v\u00e9nement responsable, c&rsquo;est aussi un \u00e9v\u00e9nement qui marque les esprits<\/h2>\n\n\n\n<p>Organiser un \u00e9v\u00e9nement \u00e9tudiant ou un festival avec des gobelets r\u00e9utilisables, c&rsquo;est faire le choix d&rsquo;une <strong>image coh\u00e9rente<\/strong> et <strong>moderne<\/strong>. C&rsquo;est montrer que votre association ou votre BDE ne se contente pas d&rsquo;organiser des soir\u00e9es, mais qu&rsquo;il le fait avec une <strong>vraie r\u00e9flexion derri\u00e8re<\/strong>. Et dans un contexte o\u00f9 les questions environnementales sont de plus en plus pr\u00e9sentes chez les \u00e9tudiants, <strong>ce positionnement compte<\/strong>.<\/p>\n\n\n\n<p>La <strong>gestion des boissons<\/strong> en \u00e9v\u00e9nement n&rsquo;a pas \u00e0 \u00eatre synonyme de montagnes de plastique. Avec les <strong>ecocups personnalis\u00e9s<\/strong>, vous avez entre les mains un outil simple, efficace et visuellement impactant pour faire la diff\u00e9rence avant, pendant et apr\u00e8s votre \u00e9v\u00e9nement !<\/p>\n\n\n\n<p>Pr\u00eats \u00e0 passer \u00e0 l&rsquo;action ? Contactez <strong>Le Gobelet Fran\u00e7ais<\/strong> pour obtenir un devis personnalis\u00e9 et donner \u00e0 votre prochain \u00e9v\u00e9nement l&rsquo;image qu&rsquo;il m\u00e9rite !<\/p>\n","protected":false},"excerpt":{"rendered":"<p>Week-end d&rsquo;int\u00e9gration, soir\u00e9e BDE, forum, festival de printemps\u2026 Les \u00e9v\u00e9nements \u00e9tudiants ont un point commun : ils rassemblent beaucoup de monde, souvent en peu de temps, et avec des budgets serr\u00e9s. Et si on ajoutait \u00e0 \u00e7a la question des boissons \u00e0 g\u00e9rer, on obtient vite une logistique difficile \u00e0 g\u00e9rer doubl\u00e9 d&rsquo;un bilan d\u00e9chet [&hellip;]<\/p>\n","protected":false},"author":5,"featured_media":2189,"comment_status":"open","ping_status":"open","sticky":false,"template":"","format":"standard","meta":{"footnotes":""},"categories":[22],"tags":[],"class_list":["post-2177","post","type-post","status-publish","format-standard","has-post-thumbnail","hentry","category-bde"],"blocksy_meta":[],"yoast_head":"<!-- This site is optimized with the Yoast SEO plugin v27.4 - https:\/\/yoast.com\/product\/yoast-seo-wordpress\/ -->\n<title>\u00c9v\u00e9nements \u00e9tudiants et festivals : g\u00e9rez vos boissons de mani\u00e8re responsable - Le Gobelet Fran\u00e7ais Blog<\/title>\n<meta name=\"robots\" content=\"index, follow, max-snippet:-1, max-image-preview:large, max-video-preview:-1\" \/>\n<link rel=\"canonical\" href=\"https:\/\/www.legobeletfrancais.fr\/blog\/evenements-etudiants-et-festivals-gerez-vos-boissons-de-maniere-responsable\/\" \/>\n<meta property=\"og:locale\" content=\"fr_FR\" \/>\n<meta property=\"og:type\" content=\"article\" \/>\n<meta property=\"og:title\" content=\"\u00c9v\u00e9nements \u00e9tudiants et festivals : g\u00e9rez vos boissons de mani\u00e8re responsable - Le Gobelet Fran\u00e7ais Blog\" \/>\n<meta property=\"og:description\" content=\"Week-end d&rsquo;int\u00e9gration, soir\u00e9e BDE, forum, festival de printemps\u2026 Les \u00e9v\u00e9nements \u00e9tudiants ont un point commun : ils rassemblent beaucoup de monde, souvent en peu de temps, et avec des budgets serr\u00e9s. Et si on ajoutait \u00e0 \u00e7a la question des boissons \u00e0 g\u00e9rer, on obtient vite une logistique difficile \u00e0 g\u00e9rer doubl\u00e9 d&rsquo;un bilan d\u00e9chet [&hellip;]\" \/>\n<meta property=\"og:url\" content=\"https:\/\/www.legobeletfrancais.fr\/blog\/evenements-etudiants-et-festivals-gerez-vos-boissons-de-maniere-responsable\/\" \/>\n<meta property=\"og:site_name\" content=\"Le Gobelet Fran\u00e7ais Blog\" \/>\n<meta property=\"article:published_time\" content=\"2026-03-23T12:20:45+00:00\" \/>\n<meta property=\"article:modified_time\" content=\"2026-03-23T12:20:46+00:00\" \/>\n<meta property=\"og:image\" content=\"https:\/\/www.legobeletfrancais.fr\/blog\/wp-content\/uploads\/2026\/02\/Gobelets-reutilisables-pour-une-soiree-etudiante.jpg\" \/>\n\t<meta property=\"og:image:width\" content=\"750\" \/>\n\t<meta property=\"og:image:height\" content=\"500\" \/>\n\t<meta property=\"og:image:type\" content=\"image\/jpeg\" \/>\n<meta name=\"author\" content=\"Danae\" \/>\n<meta name=\"twitter:card\" content=\"summary_large_image\" \/>\n<meta name=\"twitter:label1\" content=\"\u00c9crit par\" \/>\n\t<meta name=\"twitter:data1\" content=\"Danae\" \/>\n\t<meta name=\"twitter:label2\" content=\"Dur\u00e9e de lecture estim\u00e9e\" \/>\n\t<meta name=\"twitter:data2\" content=\"7 minutes\" \/>\n<script type=\"application\/ld+json\" class=\"yoast-schema-graph\">{\"@context\":\"https:\\\/\\\/schema.org\",\"@graph\":[{\"@type\":\"Article\",\"@id\":\"https:\\\/\\\/www.legobeletfrancais.fr\\\/blog\\\/evenements-etudiants-et-festivals-gerez-vos-boissons-de-maniere-responsable\\\/#article\",\"isPartOf\":{\"@id\":\"https:\\\/\\\/www.legobeletfrancais.fr\\\/blog\\\/evenements-etudiants-et-festivals-gerez-vos-boissons-de-maniere-responsable\\\/\"},\"author\":{\"name\":\"Danae\",\"@id\":\"https:\\\/\\\/www.legobeletfrancais.fr\\\/blog\\\/#\\\/schema\\\/person\\\/e1b9137e6e34f7b77751fe88b51d1e30\"},\"headline\":\"\u00c9v\u00e9nements \u00e9tudiants et festivals : g\u00e9rez vos boissons de mani\u00e8re responsable\",\"datePublished\":\"2026-03-23T12:20:45+00:00\",\"dateModified\":\"2026-03-23T12:20:46+00:00\",\"mainEntityOfPage\":{\"@id\":\"https:\\\/\\\/www.legobeletfrancais.fr\\\/blog\\\/evenements-etudiants-et-festivals-gerez-vos-boissons-de-maniere-responsable\\\/\"},\"wordCount\":1393,\"commentCount\":0,\"image\":{\"@id\":\"https:\\\/\\\/www.legobeletfrancais.fr\\\/blog\\\/evenements-etudiants-et-festivals-gerez-vos-boissons-de-maniere-responsable\\\/#primaryimage\"},\"thumbnailUrl\":\"https:\\\/\\\/www.legobeletfrancais.fr\\\/blog\\\/wp-content\\\/uploads\\\/2026\\\/02\\\/Gobelets-reutilisables-pour-une-soiree-etudiante.jpg\",\"articleSection\":[\"BDE\"],\"inLanguage\":\"fr-FR\",\"potentialAction\":[{\"@type\":\"CommentAction\",\"name\":\"Comment\",\"target\":[\"https:\\\/\\\/www.legobeletfrancais.fr\\\/blog\\\/evenements-etudiants-et-festivals-gerez-vos-boissons-de-maniere-responsable\\\/#respond\"]}]},{\"@type\":\"WebPage\",\"@id\":\"https:\\\/\\\/www.legobeletfrancais.fr\\\/blog\\\/evenements-etudiants-et-festivals-gerez-vos-boissons-de-maniere-responsable\\\/\",\"url\":\"https:\\\/\\\/www.legobeletfrancais.fr\\\/blog\\\/evenements-etudiants-et-festivals-gerez-vos-boissons-de-maniere-responsable\\\/\",\"name\":\"\u00c9v\u00e9nements \u00e9tudiants et festivals : g\u00e9rez vos boissons de mani\u00e8re responsable - Le Gobelet Fran\u00e7ais Blog\",\"isPartOf\":{\"@id\":\"https:\\\/\\\/www.legobeletfrancais.fr\\\/blog\\\/#website\"},\"primaryImageOfPage\":{\"@id\":\"https:\\\/\\\/www.legobeletfrancais.fr\\\/blog\\\/evenements-etudiants-et-festivals-gerez-vos-boissons-de-maniere-responsable\\\/#primaryimage\"},\"image\":{\"@id\":\"https:\\\/\\\/www.legobeletfrancais.fr\\\/blog\\\/evenements-etudiants-et-festivals-gerez-vos-boissons-de-maniere-responsable\\\/#primaryimage\"},\"thumbnailUrl\":\"https:\\\/\\\/www.legobeletfrancais.fr\\\/blog\\\/wp-content\\\/uploads\\\/2026\\\/02\\\/Gobelets-reutilisables-pour-une-soiree-etudiante.jpg\",\"datePublished\":\"2026-03-23T12:20:45+00:00\",\"dateModified\":\"2026-03-23T12:20:46+00:00\",\"author\":{\"@id\":\"https:\\\/\\\/www.legobeletfrancais.fr\\\/blog\\\/#\\\/schema\\\/person\\\/e1b9137e6e34f7b77751fe88b51d1e30\"},\"breadcrumb\":{\"@id\":\"https:\\\/\\\/www.legobeletfrancais.fr\\\/blog\\\/evenements-etudiants-et-festivals-gerez-vos-boissons-de-maniere-responsable\\\/#breadcrumb\"},\"inLanguage\":\"fr-FR\",\"potentialAction\":[{\"@type\":\"ReadAction\",\"target\":[\"https:\\\/\\\/www.legobeletfrancais.fr\\\/blog\\\/evenements-etudiants-et-festivals-gerez-vos-boissons-de-maniere-responsable\\\/\"]}]},{\"@type\":\"ImageObject\",\"inLanguage\":\"fr-FR\",\"@id\":\"https:\\\/\\\/www.legobeletfrancais.fr\\\/blog\\\/evenements-etudiants-et-festivals-gerez-vos-boissons-de-maniere-responsable\\\/#primaryimage\",\"url\":\"https:\\\/\\\/www.legobeletfrancais.fr\\\/blog\\\/wp-content\\\/uploads\\\/2026\\\/02\\\/Gobelets-reutilisables-pour-une-soiree-etudiante.jpg\",\"contentUrl\":\"https:\\\/\\\/www.legobeletfrancais.fr\\\/blog\\\/wp-content\\\/uploads\\\/2026\\\/02\\\/Gobelets-reutilisables-pour-une-soiree-etudiante.jpg\",\"width\":750,\"height\":500,\"caption\":\"Gobelets r\u00e9utilisables pour une soir\u00e9e \u00e9tudiante\"},{\"@type\":\"BreadcrumbList\",\"@id\":\"https:\\\/\\\/www.legobeletfrancais.fr\\\/blog\\\/evenements-etudiants-et-festivals-gerez-vos-boissons-de-maniere-responsable\\\/#breadcrumb\",\"itemListElement\":[{\"@type\":\"ListItem\",\"position\":1,\"name\":\"Accueil\",\"item\":\"https:\\\/\\\/www.legobeletfrancais.fr\\\/blog\\\/\"},{\"@type\":\"ListItem\",\"position\":2,\"name\":\"\u00c9v\u00e9nements \u00e9tudiants et festivals : g\u00e9rez vos boissons de mani\u00e8re responsable\"}]},{\"@type\":\"WebSite\",\"@id\":\"https:\\\/\\\/www.legobeletfrancais.fr\\\/blog\\\/#website\",\"url\":\"https:\\\/\\\/www.legobeletfrancais.fr\\\/blog\\\/\",\"name\":\"Le Gobelet Fran\u00e7ais Blog\",\"description\":\"\",\"potentialAction\":[{\"@type\":\"SearchAction\",\"target\":{\"@type\":\"EntryPoint\",\"urlTemplate\":\"https:\\\/\\\/www.legobeletfrancais.fr\\\/blog\\\/?s={search_term_string}\"},\"query-input\":{\"@type\":\"PropertyValueSpecification\",\"valueRequired\":true,\"valueName\":\"search_term_string\"}}],\"inLanguage\":\"fr-FR\"},{\"@type\":\"Person\",\"@id\":\"https:\\\/\\\/www.legobeletfrancais.fr\\\/blog\\\/#\\\/schema\\\/person\\\/e1b9137e6e34f7b77751fe88b51d1e30\",\"name\":\"Danae\",\"image\":{\"@type\":\"ImageObject\",\"inLanguage\":\"fr-FR\",\"@id\":\"https:\\\/\\\/secure.gravatar.com\\\/avatar\\\/2b97231c0d0791a87ddfe33479c44c585a079f5c48341a53fcc3965ab7baf856?s=96&d=mm&r=g\",\"url\":\"https:\\\/\\\/secure.gravatar.com\\\/avatar\\\/2b97231c0d0791a87ddfe33479c44c585a079f5c48341a53fcc3965ab7baf856?s=96&d=mm&r=g\",\"contentUrl\":\"https:\\\/\\\/secure.gravatar.com\\\/avatar\\\/2b97231c0d0791a87ddfe33479c44c585a079f5c48341a53fcc3965ab7baf856?s=96&d=mm&r=g\",\"caption\":\"Danae\"},\"url\":\"https:\\\/\\\/www.legobeletfrancais.fr\\\/blog\\\/author\\\/danae\\\/\"}]}<\/script>\n<!-- \/ Yoast SEO plugin. -->","yoast_head_json":{"title":"\u00c9v\u00e9nements \u00e9tudiants et festivals : g\u00e9rez vos boissons de mani\u00e8re responsable - Le Gobelet Fran\u00e7ais Blog","robots":{"index":"index","follow":"follow","max-snippet":"max-snippet:-1","max-image-preview":"max-image-preview:large","max-video-preview":"max-video-preview:-1"},"canonical":"https:\/\/www.legobeletfrancais.fr\/blog\/evenements-etudiants-et-festivals-gerez-vos-boissons-de-maniere-responsable\/","og_locale":"fr_FR","og_type":"article","og_title":"\u00c9v\u00e9nements \u00e9tudiants et festivals : g\u00e9rez vos boissons de mani\u00e8re responsable - Le Gobelet Fran\u00e7ais Blog","og_description":"Week-end d&rsquo;int\u00e9gration, soir\u00e9e BDE, forum, festival de printemps\u2026 Les \u00e9v\u00e9nements \u00e9tudiants ont un point commun : ils rassemblent beaucoup de monde, souvent en peu de temps, et avec des budgets serr\u00e9s. Et si on ajoutait \u00e0 \u00e7a la question des boissons \u00e0 g\u00e9rer, on obtient vite une logistique difficile \u00e0 g\u00e9rer doubl\u00e9 d&rsquo;un bilan d\u00e9chet [&hellip;]","og_url":"https:\/\/www.legobeletfrancais.fr\/blog\/evenements-etudiants-et-festivals-gerez-vos-boissons-de-maniere-responsable\/","og_site_name":"Le Gobelet Fran\u00e7ais Blog","article_published_time":"2026-03-23T12:20:45+00:00","article_modified_time":"2026-03-23T12:20:46+00:00","og_image":[{"width":750,"height":500,"url":"https:\/\/www.legobeletfrancais.fr\/blog\/wp-content\/uploads\/2026\/02\/Gobelets-reutilisables-pour-une-soiree-etudiante.jpg","type":"image\/jpeg"}],"author":"Danae","twitter_card":"summary_large_image","twitter_misc":{"\u00c9crit par":"Danae","Dur\u00e9e de lecture estim\u00e9e":"7 minutes"},"schema":{"@context":"https:\/\/schema.org","@graph":[{"@type":"Article","@id":"https:\/\/www.legobeletfrancais.fr\/blog\/evenements-etudiants-et-festivals-gerez-vos-boissons-de-maniere-responsable\/#article","isPartOf":{"@id":"https:\/\/www.legobeletfrancais.fr\/blog\/evenements-etudiants-et-festivals-gerez-vos-boissons-de-maniere-responsable\/"},"author":{"name":"Danae","@id":"https:\/\/www.legobeletfrancais.fr\/blog\/#\/schema\/person\/e1b9137e6e34f7b77751fe88b51d1e30"},"headline":"\u00c9v\u00e9nements \u00e9tudiants et festivals : g\u00e9rez vos boissons de mani\u00e8re responsable","datePublished":"2026-03-23T12:20:45+00:00","dateModified":"2026-03-23T12:20:46+00:00","mainEntityOfPage":{"@id":"https:\/\/www.legobeletfrancais.fr\/blog\/evenements-etudiants-et-festivals-gerez-vos-boissons-de-maniere-responsable\/"},"wordCount":1393,"commentCount":0,"image":{"@id":"https:\/\/www.legobeletfrancais.fr\/blog\/evenements-etudiants-et-festivals-gerez-vos-boissons-de-maniere-responsable\/#primaryimage"},"thumbnailUrl":"https:\/\/www.legobeletfrancais.fr\/blog\/wp-content\/uploads\/2026\/02\/Gobelets-reutilisables-pour-une-soiree-etudiante.jpg","articleSection":["BDE"],"inLanguage":"fr-FR","potentialAction":[{"@type":"CommentAction","name":"Comment","target":["https:\/\/www.legobeletfrancais.fr\/blog\/evenements-etudiants-et-festivals-gerez-vos-boissons-de-maniere-responsable\/#respond"]}]},{"@type":"WebPage","@id":"https:\/\/www.legobeletfrancais.fr\/blog\/evenements-etudiants-et-festivals-gerez-vos-boissons-de-maniere-responsable\/","url":"https:\/\/www.legobeletfrancais.fr\/blog\/evenements-etudiants-et-festivals-gerez-vos-boissons-de-maniere-responsable\/","name":"\u00c9v\u00e9nements \u00e9tudiants et festivals : g\u00e9rez vos boissons de mani\u00e8re responsable - Le Gobelet Fran\u00e7ais Blog","isPartOf":{"@id":"https:\/\/www.legobeletfrancais.fr\/blog\/#website"},"primaryImageOfPage":{"@id":"https:\/\/www.legobeletfrancais.fr\/blog\/evenements-etudiants-et-festivals-gerez-vos-boissons-de-maniere-responsable\/#primaryimage"},"image":{"@id":"https:\/\/www.legobeletfrancais.fr\/blog\/evenements-etudiants-et-festivals-gerez-vos-boissons-de-maniere-responsable\/#primaryimage"},"thumbnailUrl":"https:\/\/www.legobeletfrancais.fr\/blog\/wp-content\/uploads\/2026\/02\/Gobelets-reutilisables-pour-une-soiree-etudiante.jpg","datePublished":"2026-03-23T12:20:45+00:00","dateModified":"2026-03-23T12:20:46+00:00","author":{"@id":"https:\/\/www.legobeletfrancais.fr\/blog\/#\/schema\/person\/e1b9137e6e34f7b77751fe88b51d1e30"},"breadcrumb":{"@id":"https:\/\/www.legobeletfrancais.fr\/blog\/evenements-etudiants-et-festivals-gerez-vos-boissons-de-maniere-responsable\/#breadcrumb"},"inLanguage":"fr-FR","potentialAction":[{"@type":"ReadAction","target":["https:\/\/www.legobeletfrancais.fr\/blog\/evenements-etudiants-et-festivals-gerez-vos-boissons-de-maniere-responsable\/"]}]},{"@type":"ImageObject","inLanguage":"fr-FR","@id":"https:\/\/www.legobeletfrancais.fr\/blog\/evenements-etudiants-et-festivals-gerez-vos-boissons-de-maniere-responsable\/#primaryimage","url":"https:\/\/www.legobeletfrancais.fr\/blog\/wp-content\/uploads\/2026\/02\/Gobelets-reutilisables-pour-une-soiree-etudiante.jpg","contentUrl":"https:\/\/www.legobeletfrancais.fr\/blog\/wp-content\/uploads\/2026\/02\/Gobelets-reutilisables-pour-une-soiree-etudiante.jpg","width":750,"height":500,"caption":"Gobelets r\u00e9utilisables pour une soir\u00e9e \u00e9tudiante"},{"@type":"BreadcrumbList","@id":"https:\/\/www.legobeletfrancais.fr\/blog\/evenements-etudiants-et-festivals-gerez-vos-boissons-de-maniere-responsable\/#breadcrumb","itemListElement":[{"@type":"ListItem","position":1,"name":"Accueil","item":"https:\/\/www.legobeletfrancais.fr\/blog\/"},{"@type":"ListItem","position":2,"name":"\u00c9v\u00e9nements \u00e9tudiants et festivals : g\u00e9rez vos boissons de mani\u00e8re responsable"}]},{"@type":"WebSite","@id":"https:\/\/www.legobeletfrancais.fr\/blog\/#website","url":"https:\/\/www.legobeletfrancais.fr\/blog\/","name":"Le Gobelet Fran\u00e7ais Blog","description":"","potentialAction":[{"@type":"SearchAction","target":{"@type":"EntryPoint","urlTemplate":"https:\/\/www.legobeletfrancais.fr\/blog\/?s={search_term_string}"},"query-input":{"@type":"PropertyValueSpecification","valueRequired":true,"valueName":"search_term_string"}}],"inLanguage":"fr-FR"},{"@type":"Person","@id":"https:\/\/www.legobeletfrancais.fr\/blog\/#\/schema\/person\/e1b9137e6e34f7b77751fe88b51d1e30","name":"Danae","image":{"@type":"ImageObject","inLanguage":"fr-FR","@id":"https:\/\/secure.gravatar.com\/avatar\/2b97231c0d0791a87ddfe33479c44c585a079f5c48341a53fcc3965ab7baf856?s=96&d=mm&r=g","url":"https:\/\/secure.gravatar.com\/avatar\/2b97231c0d0791a87ddfe33479c44c585a079f5c48341a53fcc3965ab7baf856?s=96&d=mm&r=g","contentUrl":"https:\/\/secure.gravatar.com\/avatar\/2b97231c0d0791a87ddfe33479c44c585a079f5c48341a53fcc3965ab7baf856?s=96&d=mm&r=g","caption":"Danae"},"url":"https:\/\/www.legobeletfrancais.fr\/blog\/author\/danae\/"}]}},"_links":{"self":[{"href":"https:\/\/www.legobeletfrancais.fr\/blog\/wp-json\/wp\/v2\/posts\/2177","targetHints":{"allow":["GET"]}}],"collection":[{"href":"https:\/\/www.legobeletfrancais.fr\/blog\/wp-json\/wp\/v2\/posts"}],"about":[{"href":"https:\/\/www.legobeletfrancais.fr\/blog\/wp-json\/wp\/v2\/types\/post"}],"author":[{"embeddable":true,"href":"https:\/\/www.legobeletfrancais.fr\/blog\/wp-json\/wp\/v2\/users\/5"}],"replies":[{"embeddable":true,"href":"https:\/\/www.legobeletfrancais.fr\/blog\/wp-json\/wp\/v2\/comments?post=2177"}],"version-history":[{"count":10,"href":"https:\/\/www.legobeletfrancais.fr\/blog\/wp-json\/wp\/v2\/posts\/2177\/revisions"}],"predecessor-version":[{"id":2256,"href":"https:\/\/www.legobeletfrancais.fr\/blog\/wp-json\/wp\/v2\/posts\/2177\/revisions\/2256"}],"wp:featuredmedia":[{"embeddable":true,"href":"https:\/\/www.legobeletfrancais.fr\/blog\/wp-json\/wp\/v2\/media\/2189"}],"wp:attachment":[{"href":"https:\/\/www.legobeletfrancais.fr\/blog\/wp-json\/wp\/v2\/media?parent=2177"}],"wp:term":[{"taxonomy":"category","embeddable":true,"href":"https:\/\/www.legobeletfrancais.fr\/blog\/wp-json\/wp\/v2\/categories?post=2177"},{"taxonomy":"post_tag","embeddable":true,"href":"https:\/\/www.legobeletfrancais.fr\/blog\/wp-json\/wp\/v2\/tags?post=2177"}],"curies":[{"name":"wp","href":"https:\/\/api.w.org\/{rel}","templated":true}]}}