{"id":2052,"date":"2026-02-16T13:45:17","date_gmt":"2026-02-16T12:45:17","guid":{"rendered":"https:\/\/www.legobeletfrancais.fr\/blog\/?p=2052"},"modified":"2026-02-16T13:45:18","modified_gmt":"2026-02-16T12:45:18","slug":"printemps-zero-dechet-10-petits-gestes-pour-commencer","status":"publish","type":"post","link":"https:\/\/www.legobeletfrancais.fr\/blog\/printemps-zero-dechet-10-petits-gestes-pour-commencer\/","title":{"rendered":"Printemps z\u00e9ro d\u00e9chet : 10 petits gestes pour commencer"},"content":{"rendered":"\n<p>Le printemps est enfin l\u00e0, avec ses journ\u00e9es qui s\u2019allongent, ses fleurs qui bourgeonnent et une irr\u00e9sistible <strong>envie de renouveau<\/strong>. C\u2019est la saison parfaite pour adopter de nouveaux <strong>r\u00e9flexes durables <\/strong>et donner un petit coup de <strong>vert<\/strong> \u00e0 notre quotidien. Apr\u00e8s tout, qui dit grand m\u00e9nage de printemps dit aussi grand nettoyage de nos mauvaises habitudes !<\/p>\n\n\n\n<p>Pourquoi ne pas profiter de cette \u00e9nergie du printemps pour<strong> entamer une transition z\u00e9ro d\u00e9chet<\/strong> tout en douceur ? Nous vous proposons des gestes simples pour un printemps \u00e9colo. Des actions concr\u00e8tes, faciles \u00e0 adopter par toute la famille, qui prouvent qu\u2019avec quelques objets r\u00e9utilisables et un brin de motivation, chacun peut r\u00e9duire ses d\u00e9chets sans perte de confort. Pr\u00eat(e) \u00e0 faire le plein de bonnes id\u00e9es et de bonne humeur ? Suivez le guide !<\/p>\n\n\n\n<h2 class=\"wp-block-heading\" style=\"font-size:clamp(16.293px, 1.018rem + ((1vw - 3.2px) * 0.68), 25px);\">Pourquoi viser le z\u00e9ro d\u00e9chet petit \u00e0 petit ?<\/h2>\n\n\n\n<p>Se lancer dans le z\u00e9ro d\u00e9chet ne signifie pas devenir parfaitement ecoresponsable du jour au lendemain, et heureusement ! Mieux vaut avancer un geste apr\u00e8s l\u2019autre. En adoptant de petites habitudes successives, on \u00e9vite de se d\u00e9courager et on c\u00e9l\u00e8bre chaque progr\u00e8s. C\u2019est motivant, r\u00e9aliste, et on constate rapidement l\u2019impact positif de nos actions.<\/p>\n\n\n\n<p>En France, chaque habitant produit en moyenne <strong>environ 500 kg de d\u00e9chets par an<\/strong>. Imaginez la montagne de d\u00e9chets g\u00e9n\u00e9r\u00e9e par une famille en une ann\u00e9e ! Chaque petit geste compte, surtout s\u2019il s\u2019inscrit dans la dur\u00e9e. Vous verrez qu\u2019avec le temps, ces gestes simples deviendront des r\u00e9flexes, et que diminuer ses d\u00e9chets apporte aussi beaucoup de satisfaction personnelle. On se sent acteur du changement, et \u00e7a fait du bien !<\/p>\n\n\n\n<p>Passons maintenant aux actions concr\u00e8tes. Voici <strong>10 petits gestes \u00e0 adopter ce printemps<\/strong> pour amorcer votre transition z\u00e9ro d\u00e9chet en douceur. Chaque occasion est bonne pour essayer une alternative plus durable. Ces id\u00e9es sont particuli\u00e8rement adapt\u00e9es aux d\u00e9butants de la d\u00e9marche eoresponsable : simples, motivantes et \u00e0 la port\u00e9e de tous. \u00c0 vous de jouer !<\/p>\n\n\n\n<h2 class=\"wp-block-heading\" style=\"font-size:clamp(16.293px, 1.018rem + ((1vw - 3.2px) * 0.68), 25px);\">Les 10 gestes \u00e0 adopter<\/h2>\n\n\n\n<h2 class=\"wp-block-heading\" style=\"font-size:clamp(16.293px, 1.018rem + ((1vw - 3.2px) * 0.68), 25px);\">Passer au gobelet r\u00e9utilisable pour les pique-niques et caf\u00e9s \u00e0 emporter<\/h2>\n\n\n\n<div class=\"wp-block-media-text is-stacked-on-mobile is-image-fill-element\"><figure class=\"wp-block-media-text__media\"><img fetchpriority=\"high\" decoding=\"async\" width=\"768\" height=\"1024\" src=\"https:\/\/www.legobeletfrancais.fr\/blog\/wp-content\/uploads\/2026\/01\/Gobelets-reutilisables-pour-les-barbecues-768x1024.jpg\" alt=\"Gobelets r\u00e9utilisables pour les barbecues\" class=\"wp-image-2070 size-full\" style=\"object-position:50% 50%\" srcset=\"https:\/\/www.legobeletfrancais.fr\/blog\/wp-content\/uploads\/2026\/01\/Gobelets-reutilisables-pour-les-barbecues-768x1024.jpg 768w, https:\/\/www.legobeletfrancais.fr\/blog\/wp-content\/uploads\/2026\/01\/Gobelets-reutilisables-pour-les-barbecues-225x300.jpg 225w, https:\/\/www.legobeletfrancais.fr\/blog\/wp-content\/uploads\/2026\/01\/Gobelets-reutilisables-pour-les-barbecues-1152x1536.jpg 1152w, https:\/\/www.legobeletfrancais.fr\/blog\/wp-content\/uploads\/2026\/01\/Gobelets-reutilisables-pour-les-barbecues.jpg 1200w\" sizes=\"(max-width: 768px) 100vw, 768px\" \/><\/figure><div class=\"wp-block-media-text__content\">\n<p>Emportez un gobelet r\u00e9utilisable partout avec vous (par exemple un ecocup personnalis\u00e9 de <strong>chez <a href=\"https:\/\/www.legobeletfrancais.fr\/\">Le Gobelet Fran\u00e7ais<\/a><\/strong>). Cela vous permettra de dire adieu aux gobelets jetables lors des pique-niques, barbecues ou pauses-caf\u00e9. Rappelons qu\u2019en France, on utilise encore environ <strong>4 milliards de gobelets jetables par an<\/strong>, soit 126 gobelets <strong>chaque seconde<\/strong> qui finissent \u00e0 la poubelle. Le simple fait d\u2019avoir votre gobelet durable \u00e0 disposition \u00e9vite de contribuer \u00e0 ce gaspillage. En plus, un bon gobelet r\u00e9utilisable peut servir des centaines de fois : <strong>jusqu\u2019\u00e0 150 utilisations<\/strong> ! Un seul ecocup peut donc remplacer des centaines de gobelets en plastique sur sa dur\u00e9e de vie, le calcul est vite fait !<\/p>\n<\/div><\/div>\n\n\n\n<p>Vous pouvez utiliser votre gobelet pour votre caf\u00e9 \u00e0 emporter (de plus en plus de caf\u00e9s acceptent les contenants personnels, certains offrant m\u00eame une petite r\u00e9duction) ou pour d\u00e9guster vos boissons en plein air. Fini les gobelets qui s\u2019envolent au moindre vent et les poubelles qui d\u00e9bordent apr\u00e8s le pique-nique : avec un <strong>gobelet r\u00e9utilisable<\/strong> color\u00e9 et robuste, on savoure le moment pr\u00e9sent sans produire de d\u00e9chets inutiles. Il n\u2019y a plus qu\u2019\u00e0 le rincer en rentrant, et il sera pr\u00eat pour la prochaine sortie !<\/p>\n\n\n\n<h3 class=\"wp-block-heading\" style=\"font-size:clamp(14px, 0.875rem + ((1vw - 3.2px) * 0.469), 20px);\">Glisser un tote bag pliable dans son sac \u00e0 main ou sac \u00e0 dos<\/h3>\n\n\n\n<p>Adoptez le r\u00e9flexe sac r\u00e9utilisable. Avoir toujours un <strong>tote bag<\/strong> compact sur soi, c\u2019est la garantie de ne plus jamais devoir demander de sac en plastique ou en papier lors d\u2019un achat impr\u00e9vu. Un tote bag ne prend pas de place une fois pli\u00e9, et peut vous accompagner partout. Ce geste tout simple contribue \u00e0 r\u00e9duire drastiquement les d\u00e9chets plastiques.<\/p>\n\n\n\n<p>Avec un tote bag dans votre propre sac, plus de souci : vous dites non merci aux sacs jetables. C\u2019est non seulement <strong>\u00e9cologique<\/strong>, mais aussi <strong>pratique<\/strong> et <strong>\u00e9conomique <\/strong>(plus besoin d\u2019acheter de sac). En prime, il en existe de tr\u00e8s jolis mod\u00e8les r\u00e9utilisables : de quoi joindre l\u2019utile \u00e0 l\u2019agr\u00e9able pour un printemps z\u00e9ro d\u00e9chet et styl\u00e9.<\/p>\n\n\n\n<h3 class=\"wp-block-heading\" style=\"font-size:clamp(14px, 0.875rem + ((1vw - 3.2px) * 0.469), 20px);\">Remplacer l\u2019essuie-tout jetable par du tissu lavable<\/h3>\n\n\n\n<p>En France, une famille moyenne utilise environ 3 rouleaux d\u2019essuie-tout jetable par semaine, soit <strong>150 rouleaux par an<\/strong>, pour un produit dont on se sert quelques secondes avant de le jeter. Cela repr\u00e9sente non seulement un co\u00fbt mais aussi un impact \u00e9cologique \u00e9norme : la fabrication de tout cet essuie-tout n\u00e9cessite une grande quantit\u00e9 d\u2019eau, de bois et d\u2019\u00e9nergie.<\/p>\n\n\n\n<p>Pour r\u00e9duire ces d\u00e9chets, adoptez les <strong>essuie-tout lavables<\/strong> ! Il s\u2019agit de carr\u00e9s ou rouleaux de tissu absorbant (souvent en coton ou microfibre) qu\u2019on utilise exactement comme de l&rsquo;essuie-tout, sauf qu\u2019au lieu de les jeter, on les met \u00e0 la machine. Chaque feuille r\u00e9utilisable peut <strong>remplacer <\/strong>des centaines de <strong>feuilles jetables<\/strong> sur sa dur\u00e9e de vie. Vous pouvez aussi d\u00e9tourner de vieilles serviettes \u00e9ponge ou vieux t-shirts d\u00e9coup\u00e9s en carr\u00e9s pour faire vos chiffons gratuits.<\/p>\n\n\n\n<h3 class=\"wp-block-heading\" style=\"font-size:clamp(14px, 0.875rem + ((1vw - 3.2px) * 0.469), 20px);\">Planter ses herbes aromatiques au lieu de les acheter sous plastique<\/h3>\n\n\n\n<div class=\"wp-block-columns is-layout-flex wp-container-core-columns-is-layout-28f84493 wp-block-columns-is-layout-flex\">\n<div class=\"wp-block-column is-layout-flow wp-block-column-is-layout-flow\" style=\"flex-basis:50%\">\n<p>Basilic, menthe, ciboulette, thym\u2026 Ces petites herbes qui parfument nos plats sont un bonheur en cuisine, mais souvent, lorsqu\u2019on les ach\u00e8te en supermarch\u00e9, elles sont emball\u00e9es dans du plastique (pot et film plastique, barquette, etc.).<\/p>\n\n\n\n<p>Pour \u00e9viter ces emballages superflus, pourquoi ne pas faire pousser vous-m\u00eame vos <strong>herbes aromatiques<\/strong> ? Le printemps est la saison id\u00e9ale pour semer ou rempoter du persil, de la coriandre ou du basilic sur le rebord de la fen\u00eatre ou au jardin. Quelques graines, un peu d\u2019eau et de soleil, et vous voil\u00e0 avec de belles plantes aromatiques \u00e0 port\u00e9e de main.<\/p>\n<\/div>\n\n\n\n<div class=\"wp-block-column is-layout-flow wp-block-column-is-layout-flow\" style=\"flex-basis:50%\">\n<figure class=\"wp-block-image\"><img decoding=\"async\" width=\"2560\" height=\"2560\" src=\"https:\/\/www.legobeletfrancais.fr\/blog\/wp-content\/uploads\/2026\/01\/Faire-pousser-ses-herbes-aromatiques-edited-scaled.jpg\" alt=\"Faire pousser ses herbes aromatiques\" class=\"wp-image-2096\" srcset=\"https:\/\/www.legobeletfrancais.fr\/blog\/wp-content\/uploads\/2026\/01\/Faire-pousser-ses-herbes-aromatiques-edited-scaled.jpg 2560w, https:\/\/www.legobeletfrancais.fr\/blog\/wp-content\/uploads\/2026\/01\/Faire-pousser-ses-herbes-aromatiques-edited-300x300.jpg 300w, https:\/\/www.legobeletfrancais.fr\/blog\/wp-content\/uploads\/2026\/01\/Faire-pousser-ses-herbes-aromatiques-edited-1024x1024.jpg 1024w, https:\/\/www.legobeletfrancais.fr\/blog\/wp-content\/uploads\/2026\/01\/Faire-pousser-ses-herbes-aromatiques-edited-150x150.jpg 150w, https:\/\/www.legobeletfrancais.fr\/blog\/wp-content\/uploads\/2026\/01\/Faire-pousser-ses-herbes-aromatiques-edited-768x768.jpg 768w, https:\/\/www.legobeletfrancais.fr\/blog\/wp-content\/uploads\/2026\/01\/Faire-pousser-ses-herbes-aromatiques-edited-1536x1536.jpg 1536w, https:\/\/www.legobeletfrancais.fr\/blog\/wp-content\/uploads\/2026\/01\/Faire-pousser-ses-herbes-aromatiques-edited-2048x2048.jpg 2048w\" sizes=\"(max-width: 2560px) 100vw, 2560px\" \/><\/figure>\n<\/div>\n<\/div>\n\n\n\n<p>Non seulement vous <strong>\u00e9liminez les emballages plastiques inutiles<\/strong>, mais en plus vous profitez de saveurs plus fra\u00eeches et vous faites des \u00e9conomies. Fini les bouquets d\u2019herbes qui fl\u00e9trissent en quelques jours dans le frigo : en cueillant seulement la quantit\u00e9 n\u00e9cessaire sur votre plant, il n\u2019y a <strong>pas de gaspillage<\/strong>.<\/p>\n\n\n\n<p>Et si vous n\u2019avez pas la main verte, rassurez-vous : de nombreuses herbes (comme la menthe ou la ciboulette) poussent tr\u00e8s facilement et repoussent continuellement. Un petit geste z\u00e9ro d\u00e9chet qui apporte en prime une touche de verdure et de satisfaction personnelle, quel plaisir de cuisiner avec ses propres aromates !<\/p>\n\n\n\n<h3 class=\"wp-block-heading\" style=\"font-size:clamp(14px, 0.875rem + ((1vw - 3.2px) * 0.469), 20px);\">Acheter en vrac ses produits de base (p\u00e2tes, riz, c\u00e9r\u00e9ales, etc.)<\/h3>\n\n\n\n<p>Adopter le <strong>vrac<\/strong> est l\u2019un des meilleurs moyens de r\u00e9duire les emballages dans sa poubelle. Plut\u00f4t que de multiplier les paquets plastifi\u00e9s et bo\u00eetes en carton, rendez-vous dans les rayons vrac de votre supermarch\u00e9 ou dans une \u00e9picerie sp\u00e9cialis\u00e9e avec vos contenants (sacs en tissu, bocaux\u2026). Remplissez-les de p\u00e2tes, riz, lentilles, c\u00e9r\u00e9ales, fruits secs, etc. Vous n\u2019achetez ainsi que le produit, sans l\u2019emballage qui finit \u00e0 la poubelle.<\/p>\n\n\n\n<p>Moins d\u2019emballages, c\u2019est m\u00e9caniquement <strong>moins de d\u00e9chets et moins de pollution<\/strong> en bout de course. En effet, qui dit moins de plastique dit moins de p\u00e9trole utilis\u00e9, moins d\u2019\u00e9nergie pour fabriquer et recycler, et moins de volume de d\u00e9chets \u00e0 traiter. Le vrac pr\u00e9sente aussi d\u2019autres avantages : on peut acheter <strong>juste la quantit\u00e9 n\u00e9cessaire<\/strong>, \u00e9vitant le gaspillage alimentaire, et souvent faire des \u00e9conomies (on ne paye pas le marketing ni le packaging, juste le contenu).<\/p>\n\n\n\n<p>De plus, c\u2019est l\u2019occasion de soutenir des commerces locaux et de choisir des produits de meilleure qualit\u00e9 (bio, production locale, etc.). Si vous d\u00e9butez, procurez-vous quelques sacs \u00e0 vrac en tissu ou r\u00e9utilisez des bocaux en verre, et lancez-vous avec un ou deux aliments de base. Vous verrez, faire ses courses z\u00e9ro d\u00e9chet devient vite <strong>un jeu amusant<\/strong> et <strong>valorisant<\/strong>. Vos placards seront plus \u00e9pur\u00e9s, vos poubelles plus l\u00e9g\u00e8res, et la plan\u00e8te vous dira merci.<\/p>\n\n\n\n<h3 class=\"wp-block-heading\" style=\"font-size:clamp(14px, 0.875rem + ((1vw - 3.2px) * 0.469), 20px);\">Dire non aux flyers et prospectus : prendre une photo plut\u00f4t que de ramener un prospectus<\/h3>\n\n\n\n<p>Combien de fois nous arrive-t-il de prendre un flyer distribu\u00e9 dans la rue ou un prospectus publicitaire, pour finalement le jeter quelques minutes plus tard ? Ces <strong>papiers <\/strong>distribu\u00e9s \u00e0 la vol\u00e9e repr\u00e9sentent une <strong>source massive de d\u00e9chets facilement \u00e9vitables.<\/strong><\/p>\n\n\n\n<p>Chaque ann\u00e9e en France, <strong>18 milliards<\/strong> de publicit\u00e9s non sollicit\u00e9es sont distribu\u00e9es, repr\u00e9sentant <strong>800 000 tonnes de papier<\/strong> consomm\u00e9 et jet\u00e9. Pour r\u00e9duire ce gaspillage, adoptez une approche simple : la prochaine fois qu\u2019on vous tend un flyer ou que vous h\u00e9sitez \u00e0 prendre un prospectus d\u2019information, sortez plut\u00f4t votre smartphone et <strong>prenez-le en photo<\/strong>.<\/p>\n\n\n\n<p>Vous aurez ainsi les infos qu\u2019il vous faut (horaires, r\u00e9f\u00e9rences, promo\u2026) sans emporter le papier. Idem pour un num\u00e9ro de t\u00e9l\u00e9phone ou une affiche int\u00e9ressante : un clic photo et le tour est jou\u00e9, nul besoin du support papier. <\/p>\n\n\n\n<p>Pensez aussi \u00e0 coller un autocollant \u00ab <strong>Stop Pub<\/strong> \u00bb sur votre bo\u00eete aux lettres, pour ne plus recevoir les prospectus des publicit\u00e9s commerciales \u00e0 domicile. Moins de papier gaspill\u00e9, c\u2019est moins d\u2019arbres coup\u00e9s et moins de d\u00e9chets \u00e0 traiter. Un petit geste qui, multipli\u00e9 par des milliers de citoyens, peut faire une grande diff\u00e9rence !<\/p>\n\n\n\n<h3 class=\"wp-block-heading\" style=\"font-size:clamp(14px, 0.875rem + ((1vw - 3.2px) * 0.469), 20px);\">R\u00e9parer ou recoudre au lieu de jeter (ou organiser une bourse aux objets)<\/h3>\n\n\n\n<p>Avant de mettre un objet hors d\u2019usage \u00e0 la poubelle, posez-vous la question : ne pourrait-il pas \u00eatre <strong>r\u00e9par\u00e9<\/strong> ou revaloris\u00e9 d\u2019une fa\u00e7on ou d\u2019une autre ? Dans notre soci\u00e9t\u00e9 d\u2019hyperconsommation, on a pris l\u2019habitude de jeter d\u00e8s qu\u2019une panne survient ou qu\u2019un v\u00eatement est ab\u00eem\u00e9.<\/p>\n\n\n\n<div class=\"wp-block-media-text is-stacked-on-mobile is-image-fill-element\"><figure class=\"wp-block-media-text__media\"><img decoding=\"async\" width=\"1024\" height=\"683\" src=\"https:\/\/www.legobeletfrancais.fr\/blog\/wp-content\/uploads\/2026\/01\/recoudre-au-lieu-de-jeter-1024x683.jpg\" alt=\"recoudre au lieu de jeter\" class=\"wp-image-2074 size-full\" style=\"object-position:50% 50%\" srcset=\"https:\/\/www.legobeletfrancais.fr\/blog\/wp-content\/uploads\/2026\/01\/recoudre-au-lieu-de-jeter-1024x683.jpg 1024w, https:\/\/www.legobeletfrancais.fr\/blog\/wp-content\/uploads\/2026\/01\/recoudre-au-lieu-de-jeter-300x200.jpg 300w, https:\/\/www.legobeletfrancais.fr\/blog\/wp-content\/uploads\/2026\/01\/recoudre-au-lieu-de-jeter-768x512.jpg 768w, https:\/\/www.legobeletfrancais.fr\/blog\/wp-content\/uploads\/2026\/01\/recoudre-au-lieu-de-jeter-1536x1024.jpg 1536w, https:\/\/www.legobeletfrancais.fr\/blog\/wp-content\/uploads\/2026\/01\/recoudre-au-lieu-de-jeter-2048x1365.jpg 2048w\" sizes=\"(max-width: 1024px) 100vw, 1024px\" \/><\/figure><div class=\"wp-block-media-text__content\">\n<p>R\u00e9sultat, des quantit\u00e9s astronomiques d\u2019objets finissent en d\u00e9charge alors qu\u2019ils pourraient servir encore. Par exemple, les d\u00e9chets \u00e9lectroniques sont devenus la premi\u00e8re source de d\u00e9chets au monde : en France on en produit environ <strong>20 kg par habitant chaque ann\u00e9e<\/strong>, souvent parce qu\u2019on remplace des appareils encore r\u00e9parables.<\/p>\n<\/div><\/div>\n\n\n\n<p>C\u00f4t\u00e9 textile, on estime qu\u2019un Fran\u00e7ais jette <strong>11 kg de v\u00eatements par an<\/strong> avec les ordures m\u00e9nag\u00e8res, faute de les recoudre ou recycler. Pour contrer ce gaspillage, adoptez le r\u00e9flexe \u00ab <strong>seconde vie<\/strong> \u00bb : on r\u00e9pare, on donne ou on \u00e9change ! Un trou dans un jean ou un t-shirt d\u00e9cousu ? Sortez l\u2019aiguille et le fil (ou demandez \u00e0 quelqu\u2019un de votre entourage de le faire) et prolongez la vie de vos habits plut\u00f4t que de les jeter. Un grille-pain qui ne fonctionne plus ? Avant de courir en acheter un neuf, voyez s\u2019il n\u2019est pas r\u00e9parable.<\/p>\n\n\n\n<p>M\u00eame chose pour le petit mobilier ou les jouets : un peu de colle, une nouvelle vis, et \u00e7a repart. Et si vraiment vous ne pouvez plus rien en faire, pensez aux <strong>bourses aux objets<\/strong> ou aux ressourceries pour donner ce qui peut encore servir \u00e0 d\u2019autres. Non seulement vous r\u00e9duirez vos d\u00e9chets, mais vous ferez des \u00e9conomies substantielles en n\u2019achetant pas syst\u00e9matiquement du neuf. R\u00e9parer au lieu de jeter, c\u2019est valoriser le travail et la mati\u00e8re premi\u00e8re qui se cachent derri\u00e8re chaque objet, et c\u2019est<strong> un pas de plus<\/strong> vers une<strong> consommation durable et responsable.<\/strong><\/p>\n\n\n\n<h3 class=\"wp-block-heading\" style=\"font-size:clamp(14px, 0.875rem + ((1vw - 3.2px) * 0.469), 20px);\">Passer \u00e0 la brosse \u00e0 dents rechargeable ou compostable<\/h3>\n\n\n\n<p>Voici un geste tr\u00e8s facile \u00e0 adopter dans la salle de bain. Nos brosses \u00e0 dents en plastique, on les utilise quelques mois et puis on les jette\u2026 Savez-vous que chaque ann\u00e9e, <strong>plus de 100 millions<\/strong> de brosses \u00e0 dents en plastique sont jet\u00e9es rien qu\u2019en France, soit plus de 3 000 tonnes de d\u00e9chets plastiques g\u00e9n\u00e9r\u00e9s ?<\/p>\n\n\n\n<p>Deux options principales : la <strong>brosse \u00e0 dents \u00e0 t\u00eate interchangeable<\/strong> (ou rechargeable) et la <strong>brosse \u00e0 dents compostable<\/strong>. La premi\u00e8re ressemble \u00e0 une brosse \u00e0 dents classique, sauf que lorsqu\u2019il faut la changer, on ne remplace que la t\u00eate (les poils) en clipsant une recharge neuve, tandis que le manche sert pendant des ann\u00e9es. Beaucoup de marques proposent maintenant ces brosses durables, souvent en bioplastique ou en mat\u00e9riau recycl\u00e9, et on ne jette que la petite t\u00eate tous les 3 mois environ. La seconde option, la brosse compostable, est g\u00e9n\u00e9ralement en bambou : le manche est en bois de bambou biod\u00e9gradable, qu\u2019<strong>on peut composter<\/strong> (ou jeter sans polluer) une fois us\u00e9, et les poils se recyclent \u00e0 part. Dans les deux cas, on r\u00e9duit drastiquement le plastique jet\u00e9.<\/p>\n\n\n\n<p>L\u2019adoption est tr\u00e8s simple : la prochaine fois que vous devez renouveler votre brosse \u00e0 dents, essayez l\u2019une de ces alternatives. Elles se trouvent facilement en magasin bio, pharmacie ou en ligne. Votre salle de bain n\u2019en sera que plus <strong>ecoresponsable<\/strong>, <strong>sans <\/strong>aucun <strong>compromis <\/strong>sur la propret\u00e9 de vos dents. Un petit geste de plus pour la plan\u00e8te, r\u00e9alis\u00e9 en un clin d\u2019\u0153il chaque fois que vous brossez vos dents !<\/p>\n\n\n\n<h3 class=\"wp-block-heading\" style=\"font-size:clamp(14px, 0.875rem + ((1vw - 3.2px) * 0.469), 20px);\">Utiliser du savon solide ou du shampoing solide<\/h3>\n\n\n\n<p>Transformez votre routine salle de bain en v\u00e9ritable rituel z\u00e9ro d\u00e9chet en rempla\u00e7ant les flacons en plastique par des cosm\u00e9tiques solides. Le <strong>savon solide<\/strong> (pain de savon) pour se laver les mains ou le corps, et le <strong>shampoing solide<\/strong> pour les cheveux, pr\u00e9sentent de multiples atouts : ils sont efficaces, \u00e9conomiques, et surtout ils n\u2019ont pas d\u2019emballage plastique (ou juste une petite bo\u00eete en carton recyclable). Fini les bouteilles et flacons qui s\u2019entassent !<\/p>\n\n\n\n<div class=\"wp-block-media-text has-media-on-the-right is-stacked-on-mobile is-image-fill-element\"><div class=\"wp-block-media-text__content\">\n<p>Selon une \u00e9tude, g\u00e9n\u00e9raliser le shampoing solide pourrait permettre d\u2019\u00e9viter la pollution de <strong>552 millions<\/strong> de bouteilles en plastique par an, oui, vous avez bien lu, plus d\u2019un demi-milliard d\u2019emballages en moins chaque ann\u00e9e. C\u2019est dire l\u2019impact qu\u2019on peut avoir avec ce geste tout simple dans sa salle de bain. Un pain de shampoing \u00e9quivaut en moyenne \u00e0 2 ou 3 bouteilles de shampoing liquide en nombre d\u2019utilisations, pour un co\u00fbt souvent \u00e9quivalent voire inf\u00e9rieur.<\/p>\n<\/div><figure class=\"wp-block-media-text__media\"><img loading=\"lazy\" decoding=\"async\" width=\"1024\" height=\"683\" src=\"https:\/\/www.legobeletfrancais.fr\/blog\/wp-content\/uploads\/2026\/01\/Savon-solide-ecoresponsable-1024x683.jpg\" alt=\"Savon solide \u00e9coresponsable\" class=\"wp-image-2076 size-full\" style=\"object-position:50% 50%\" srcset=\"https:\/\/www.legobeletfrancais.fr\/blog\/wp-content\/uploads\/2026\/01\/Savon-solide-ecoresponsable-1024x683.jpg 1024w, https:\/\/www.legobeletfrancais.fr\/blog\/wp-content\/uploads\/2026\/01\/Savon-solide-ecoresponsable-300x200.jpg 300w, https:\/\/www.legobeletfrancais.fr\/blog\/wp-content\/uploads\/2026\/01\/Savon-solide-ecoresponsable-768x512.jpg 768w, https:\/\/www.legobeletfrancais.fr\/blog\/wp-content\/uploads\/2026\/01\/Savon-solide-ecoresponsable-1536x1025.jpg 1536w, https:\/\/www.legobeletfrancais.fr\/blog\/wp-content\/uploads\/2026\/01\/Savon-solide-ecoresponsable-2048x1366.jpg 2048w\" sizes=\"(max-width: 1024px) 100vw, 1024px\" \/><\/figure><\/div>\n\n\n\n<p>Idem pour un savon solide versus plusieurs flacons de gel douche. En plus de r\u00e9duire les d\u00e9chets, ces produits solides sont souvent compos\u00e9s d\u2019<strong>ingr\u00e9dients plus naturels <\/strong>et <strong>biod\u00e9gradables<\/strong>, sans substances controvers\u00e9es pour la sant\u00e9. Votre peau et vos cheveux vous remercieront autant que la plan\u00e8te !<\/p>\n\n\n\n<p>Pour les adopter, rien de plus facile : de nombreuses marques proposent d\u00e9sormais des<strong> shampoings solide<\/strong>s pour tous types de cheveux, ainsi que des savons saponifi\u00e9s \u00e0 froid tout doux pour la peau. Essayez-en un \u00e0 la place de votre produit habituel lorsque celui-ci sera termin\u00e9.<\/p>\n\n\n\n<p>Vous <strong>d\u00e9couvrirez <\/strong>peut-\u00eatre une nouvelle <strong>fa\u00e7on <\/strong>plus <strong>\u00e9cologique <\/strong>et <strong>sensorielle <\/strong>de prendre soin de vous. Petit conseil pratique : conservez vos produits solides sur un porte-savon au sec, pour les faire durer plus longtemps. Une fois qu\u2019on y a go\u00fbt\u00e9, difficile de revenir en arri\u00e8re tant les avantages sont nombreux.<\/p>\n\n\n\n<h3 class=\"wp-block-heading\" style=\"font-size:clamp(14px, 0.875rem + ((1vw - 3.2px) * 0.469), 20px);\">Pr\u00e9parer soi-m\u00eame ses produits m\u00e9nagers de base (vinaigre blanc, bicarbonate, etc.)<\/h3>\n\n\n\n<p>Et si on terminait ce tour d\u2019horizon par un geste de grand m\u00e9nage de printemps <strong>100% \u00e9coresponsable <\/strong>? Nos armoires d\u00e9bordent souvent de produits d\u2019entretien chimiques : d\u00e9tergents, nettoyants multi-usages, sprays pour les vitres, javel, etc., vendus dans des flacons plastiques et contenant des substances parfois nocives.<\/p>\n\n\n\n<p>On peut avantageusement les remplacer par quelques ingr\u00e9dients maison \u00e0 la fois sains, bon march\u00e9 et sans d\u00e9chet. Les indispensables ? <strong>Vinaigre blanc<\/strong>, <strong>bicarbonate de soude<\/strong>, savon de Marseille, citron, cristaux de soude\u2026<\/p>\n\n\n\n<p>Le bicarbonate de soude sert \u00e0 r\u00e9curer les \u00e9viers, d\u00e9tacher le four, d\u00e9sodoriser les tapis ou le frigo. Ajoutez quelques gouttes d\u2019huiles essentielles (citron, tea tree\u2026) pour parfumer et renforcer l\u2019effet <strong>antibact\u00e9rien<\/strong>, et vous voil\u00e0 avec un nettoyant multi-usage maison ultra efficace.<\/p>\n\n\n\n<p>L\u2019int\u00e9r\u00eat ? Vous <strong>\u00e9vitez les emballages plastiques<\/strong> de tous ces produits du commerce, et vous <strong>\u00e9liminez <\/strong>aussi les <strong>\u00e9manations <\/strong>de <strong>compos\u00e9s chimiques volatils<\/strong> dans votre int\u00e9rieur (certains produits m\u00e9nagers industriels contribuent \u00e0 la pollution de l\u2019air int\u00e9rieur \u00e0 hauteur de 20%).<\/p>\n\n\n\n<p>Voil\u00e0 10 gestes simples pour un <strong>printemps z\u00e9ro d\u00e9chet<\/strong> plac\u00e9 sous le signe de l\u2019action positive. Du gobelet <strong>r\u00e9utilisable <\/strong>et <strong><a href=\"https:\/\/www.legobeletfrancais.fr\/configurator?themeType=custom\">personnalisable<\/a><\/strong> tel que le propose <strong>Le Gobelet Fran\u00e7ais<\/strong>, \u00e0 la brosse \u00e0 dents compostable, en passant par le vrac et le DIY m\u00e9nager, chaque petit pas compte. L\u2019important est de commencer, puis de continuer sur la dur\u00e9e : c\u2019est la <strong>r\u00e9gularit\u00e9 <\/strong>de ces r\u00e9flexes qui fera la diff\u00e9rence sur le long terme. Ne sous-estimez jamais le pouvoir de vos actions quotidiennes, additionn\u00e9s, tous ces petits gestes individuels deviennent un grand mouvement collectif pour r\u00e9duire les d\u00e9chets et prot\u00e9ger notre environnement !<\/p>\n\n\n\n<p>En plus, vous constaterez que vivre avec moins de d\u00e9chets apporte une certaine <strong>satisfaction personnelle<\/strong> et souvent des \u00e9conomies. C\u2019est gratifiant de voir sa poubelle diminuer de volume semaine apr\u00e8s semaine et de se dire qu\u2019on fait sa part pour un avenir plus propre. N\u2019h\u00e9sitez pas \u00e0<strong> partager ces astuces autour de vous<\/strong> !<\/p>\n","protected":false},"excerpt":{"rendered":"<p>Le printemps est enfin l\u00e0, avec ses journ\u00e9es qui s\u2019allongent, ses fleurs qui bourgeonnent et une irr\u00e9sistible envie de renouveau. C\u2019est la saison parfaite pour adopter de nouveaux r\u00e9flexes durables et donner un petit coup de vert \u00e0 notre quotidien. Apr\u00e8s tout, qui dit grand m\u00e9nage de printemps dit aussi grand nettoyage de nos mauvaises [&hellip;]<\/p>\n","protected":false},"author":5,"featured_media":2078,"comment_status":"open","ping_status":"open","sticky":false,"template":"","format":"standard","meta":{"footnotes":""},"categories":[1],"tags":[],"class_list":["post-2052","post","type-post","status-publish","format-standard","has-post-thumbnail","hentry","category-divers"],"blocksy_meta":[],"yoast_head":"<!-- This site is optimized with the Yoast SEO plugin v27.4 - https:\/\/yoast.com\/product\/yoast-seo-wordpress\/ -->\n<title>Printemps z\u00e9ro d\u00e9chet : 10 petits gestes pour commencer - Le Gobelet Fran\u00e7ais Blog<\/title>\n<meta name=\"robots\" content=\"index, follow, max-snippet:-1, max-image-preview:large, max-video-preview:-1\" \/>\n<link rel=\"canonical\" href=\"https:\/\/www.legobeletfrancais.fr\/blog\/printemps-zero-dechet-10-petits-gestes-pour-commencer\/\" \/>\n<meta property=\"og:locale\" content=\"fr_FR\" \/>\n<meta property=\"og:type\" content=\"article\" \/>\n<meta property=\"og:title\" content=\"Printemps z\u00e9ro d\u00e9chet : 10 petits gestes pour commencer - Le Gobelet Fran\u00e7ais Blog\" \/>\n<meta property=\"og:description\" content=\"Le printemps est enfin l\u00e0, avec ses journ\u00e9es qui s\u2019allongent, ses fleurs qui bourgeonnent et une irr\u00e9sistible envie de renouveau. C\u2019est la saison parfaite pour adopter de nouveaux r\u00e9flexes durables et donner un petit coup de vert \u00e0 notre quotidien. Apr\u00e8s tout, qui dit grand m\u00e9nage de printemps dit aussi grand nettoyage de nos mauvaises [&hellip;]\" \/>\n<meta property=\"og:url\" content=\"https:\/\/www.legobeletfrancais.fr\/blog\/printemps-zero-dechet-10-petits-gestes-pour-commencer\/\" \/>\n<meta property=\"og:site_name\" content=\"Le Gobelet Fran\u00e7ais Blog\" \/>\n<meta property=\"article:published_time\" content=\"2026-02-16T12:45:17+00:00\" \/>\n<meta property=\"article:modified_time\" content=\"2026-02-16T12:45:18+00:00\" \/>\n<meta property=\"og:image\" content=\"https:\/\/www.legobeletfrancais.fr\/blog\/wp-content\/uploads\/2026\/01\/10-gestes-pour-un-printemps-zero-dechet.jpg\" \/>\n\t<meta property=\"og:image:width\" content=\"750\" \/>\n\t<meta property=\"og:image:height\" content=\"500\" \/>\n\t<meta property=\"og:image:type\" content=\"image\/jpeg\" \/>\n<meta name=\"author\" content=\"Danae\" \/>\n<meta name=\"twitter:card\" content=\"summary_large_image\" \/>\n<meta name=\"twitter:label1\" content=\"\u00c9crit par\" \/>\n\t<meta name=\"twitter:data1\" content=\"Danae\" \/>\n\t<meta name=\"twitter:label2\" content=\"Dur\u00e9e de lecture estim\u00e9e\" \/>\n\t<meta name=\"twitter:data2\" content=\"15 minutes\" \/>\n<script type=\"application\/ld+json\" class=\"yoast-schema-graph\">{\"@context\":\"https:\\\/\\\/schema.org\",\"@graph\":[{\"@type\":\"Article\",\"@id\":\"https:\\\/\\\/www.legobeletfrancais.fr\\\/blog\\\/printemps-zero-dechet-10-petits-gestes-pour-commencer\\\/#article\",\"isPartOf\":{\"@id\":\"https:\\\/\\\/www.legobeletfrancais.fr\\\/blog\\\/printemps-zero-dechet-10-petits-gestes-pour-commencer\\\/\"},\"author\":{\"name\":\"Danae\",\"@id\":\"https:\\\/\\\/www.legobeletfrancais.fr\\\/blog\\\/#\\\/schema\\\/person\\\/e1b9137e6e34f7b77751fe88b51d1e30\"},\"headline\":\"Printemps z\u00e9ro d\u00e9chet : 10 petits gestes pour commencer\",\"datePublished\":\"2026-02-16T12:45:17+00:00\",\"dateModified\":\"2026-02-16T12:45:18+00:00\",\"mainEntityOfPage\":{\"@id\":\"https:\\\/\\\/www.legobeletfrancais.fr\\\/blog\\\/printemps-zero-dechet-10-petits-gestes-pour-commencer\\\/\"},\"wordCount\":2877,\"commentCount\":0,\"image\":{\"@id\":\"https:\\\/\\\/www.legobeletfrancais.fr\\\/blog\\\/printemps-zero-dechet-10-petits-gestes-pour-commencer\\\/#primaryimage\"},\"thumbnailUrl\":\"https:\\\/\\\/www.legobeletfrancais.fr\\\/blog\\\/wp-content\\\/uploads\\\/2026\\\/01\\\/10-gestes-pour-un-printemps-zero-dechet.jpg\",\"articleSection\":[\"Divers\"],\"inLanguage\":\"fr-FR\",\"potentialAction\":[{\"@type\":\"CommentAction\",\"name\":\"Comment\",\"target\":[\"https:\\\/\\\/www.legobeletfrancais.fr\\\/blog\\\/printemps-zero-dechet-10-petits-gestes-pour-commencer\\\/#respond\"]}]},{\"@type\":\"WebPage\",\"@id\":\"https:\\\/\\\/www.legobeletfrancais.fr\\\/blog\\\/printemps-zero-dechet-10-petits-gestes-pour-commencer\\\/\",\"url\":\"https:\\\/\\\/www.legobeletfrancais.fr\\\/blog\\\/printemps-zero-dechet-10-petits-gestes-pour-commencer\\\/\",\"name\":\"Printemps z\u00e9ro d\u00e9chet : 10 petits gestes pour commencer - Le Gobelet Fran\u00e7ais Blog\",\"isPartOf\":{\"@id\":\"https:\\\/\\\/www.legobeletfrancais.fr\\\/blog\\\/#website\"},\"primaryImageOfPage\":{\"@id\":\"https:\\\/\\\/www.legobeletfrancais.fr\\\/blog\\\/printemps-zero-dechet-10-petits-gestes-pour-commencer\\\/#primaryimage\"},\"image\":{\"@id\":\"https:\\\/\\\/www.legobeletfrancais.fr\\\/blog\\\/printemps-zero-dechet-10-petits-gestes-pour-commencer\\\/#primaryimage\"},\"thumbnailUrl\":\"https:\\\/\\\/www.legobeletfrancais.fr\\\/blog\\\/wp-content\\\/uploads\\\/2026\\\/01\\\/10-gestes-pour-un-printemps-zero-dechet.jpg\",\"datePublished\":\"2026-02-16T12:45:17+00:00\",\"dateModified\":\"2026-02-16T12:45:18+00:00\",\"author\":{\"@id\":\"https:\\\/\\\/www.legobeletfrancais.fr\\\/blog\\\/#\\\/schema\\\/person\\\/e1b9137e6e34f7b77751fe88b51d1e30\"},\"breadcrumb\":{\"@id\":\"https:\\\/\\\/www.legobeletfrancais.fr\\\/blog\\\/printemps-zero-dechet-10-petits-gestes-pour-commencer\\\/#breadcrumb\"},\"inLanguage\":\"fr-FR\",\"potentialAction\":[{\"@type\":\"ReadAction\",\"target\":[\"https:\\\/\\\/www.legobeletfrancais.fr\\\/blog\\\/printemps-zero-dechet-10-petits-gestes-pour-commencer\\\/\"]}]},{\"@type\":\"ImageObject\",\"inLanguage\":\"fr-FR\",\"@id\":\"https:\\\/\\\/www.legobeletfrancais.fr\\\/blog\\\/printemps-zero-dechet-10-petits-gestes-pour-commencer\\\/#primaryimage\",\"url\":\"https:\\\/\\\/www.legobeletfrancais.fr\\\/blog\\\/wp-content\\\/uploads\\\/2026\\\/01\\\/10-gestes-pour-un-printemps-zero-dechet.jpg\",\"contentUrl\":\"https:\\\/\\\/www.legobeletfrancais.fr\\\/blog\\\/wp-content\\\/uploads\\\/2026\\\/01\\\/10-gestes-pour-un-printemps-zero-dechet.jpg\",\"width\":750,\"height\":500,\"caption\":\"10 gestes pour un printemps z\u00e9ro d\u00e9chet\"},{\"@type\":\"BreadcrumbList\",\"@id\":\"https:\\\/\\\/www.legobeletfrancais.fr\\\/blog\\\/printemps-zero-dechet-10-petits-gestes-pour-commencer\\\/#breadcrumb\",\"itemListElement\":[{\"@type\":\"ListItem\",\"position\":1,\"name\":\"Accueil\",\"item\":\"https:\\\/\\\/www.legobeletfrancais.fr\\\/blog\\\/\"},{\"@type\":\"ListItem\",\"position\":2,\"name\":\"Printemps z\u00e9ro d\u00e9chet : 10 petits gestes pour commencer\"}]},{\"@type\":\"WebSite\",\"@id\":\"https:\\\/\\\/www.legobeletfrancais.fr\\\/blog\\\/#website\",\"url\":\"https:\\\/\\\/www.legobeletfrancais.fr\\\/blog\\\/\",\"name\":\"Le Gobelet Fran\u00e7ais Blog\",\"description\":\"\",\"potentialAction\":[{\"@type\":\"SearchAction\",\"target\":{\"@type\":\"EntryPoint\",\"urlTemplate\":\"https:\\\/\\\/www.legobeletfrancais.fr\\\/blog\\\/?s={search_term_string}\"},\"query-input\":{\"@type\":\"PropertyValueSpecification\",\"valueRequired\":true,\"valueName\":\"search_term_string\"}}],\"inLanguage\":\"fr-FR\"},{\"@type\":\"Person\",\"@id\":\"https:\\\/\\\/www.legobeletfrancais.fr\\\/blog\\\/#\\\/schema\\\/person\\\/e1b9137e6e34f7b77751fe88b51d1e30\",\"name\":\"Danae\",\"image\":{\"@type\":\"ImageObject\",\"inLanguage\":\"fr-FR\",\"@id\":\"https:\\\/\\\/secure.gravatar.com\\\/avatar\\\/2b97231c0d0791a87ddfe33479c44c585a079f5c48341a53fcc3965ab7baf856?s=96&d=mm&r=g\",\"url\":\"https:\\\/\\\/secure.gravatar.com\\\/avatar\\\/2b97231c0d0791a87ddfe33479c44c585a079f5c48341a53fcc3965ab7baf856?s=96&d=mm&r=g\",\"contentUrl\":\"https:\\\/\\\/secure.gravatar.com\\\/avatar\\\/2b97231c0d0791a87ddfe33479c44c585a079f5c48341a53fcc3965ab7baf856?s=96&d=mm&r=g\",\"caption\":\"Danae\"},\"url\":\"https:\\\/\\\/www.legobeletfrancais.fr\\\/blog\\\/author\\\/danae\\\/\"}]}<\/script>\n<!-- \/ Yoast SEO plugin. -->","yoast_head_json":{"title":"Printemps z\u00e9ro d\u00e9chet : 10 petits gestes pour commencer - Le Gobelet Fran\u00e7ais Blog","robots":{"index":"index","follow":"follow","max-snippet":"max-snippet:-1","max-image-preview":"max-image-preview:large","max-video-preview":"max-video-preview:-1"},"canonical":"https:\/\/www.legobeletfrancais.fr\/blog\/printemps-zero-dechet-10-petits-gestes-pour-commencer\/","og_locale":"fr_FR","og_type":"article","og_title":"Printemps z\u00e9ro d\u00e9chet : 10 petits gestes pour commencer - Le Gobelet Fran\u00e7ais Blog","og_description":"Le printemps est enfin l\u00e0, avec ses journ\u00e9es qui s\u2019allongent, ses fleurs qui bourgeonnent et une irr\u00e9sistible envie de renouveau. C\u2019est la saison parfaite pour adopter de nouveaux r\u00e9flexes durables et donner un petit coup de vert \u00e0 notre quotidien. Apr\u00e8s tout, qui dit grand m\u00e9nage de printemps dit aussi grand nettoyage de nos mauvaises [&hellip;]","og_url":"https:\/\/www.legobeletfrancais.fr\/blog\/printemps-zero-dechet-10-petits-gestes-pour-commencer\/","og_site_name":"Le Gobelet Fran\u00e7ais Blog","article_published_time":"2026-02-16T12:45:17+00:00","article_modified_time":"2026-02-16T12:45:18+00:00","og_image":[{"width":750,"height":500,"url":"https:\/\/www.legobeletfrancais.fr\/blog\/wp-content\/uploads\/2026\/01\/10-gestes-pour-un-printemps-zero-dechet.jpg","type":"image\/jpeg"}],"author":"Danae","twitter_card":"summary_large_image","twitter_misc":{"\u00c9crit par":"Danae","Dur\u00e9e de lecture estim\u00e9e":"15 minutes"},"schema":{"@context":"https:\/\/schema.org","@graph":[{"@type":"Article","@id":"https:\/\/www.legobeletfrancais.fr\/blog\/printemps-zero-dechet-10-petits-gestes-pour-commencer\/#article","isPartOf":{"@id":"https:\/\/www.legobeletfrancais.fr\/blog\/printemps-zero-dechet-10-petits-gestes-pour-commencer\/"},"author":{"name":"Danae","@id":"https:\/\/www.legobeletfrancais.fr\/blog\/#\/schema\/person\/e1b9137e6e34f7b77751fe88b51d1e30"},"headline":"Printemps z\u00e9ro d\u00e9chet : 10 petits gestes pour commencer","datePublished":"2026-02-16T12:45:17+00:00","dateModified":"2026-02-16T12:45:18+00:00","mainEntityOfPage":{"@id":"https:\/\/www.legobeletfrancais.fr\/blog\/printemps-zero-dechet-10-petits-gestes-pour-commencer\/"},"wordCount":2877,"commentCount":0,"image":{"@id":"https:\/\/www.legobeletfrancais.fr\/blog\/printemps-zero-dechet-10-petits-gestes-pour-commencer\/#primaryimage"},"thumbnailUrl":"https:\/\/www.legobeletfrancais.fr\/blog\/wp-content\/uploads\/2026\/01\/10-gestes-pour-un-printemps-zero-dechet.jpg","articleSection":["Divers"],"inLanguage":"fr-FR","potentialAction":[{"@type":"CommentAction","name":"Comment","target":["https:\/\/www.legobeletfrancais.fr\/blog\/printemps-zero-dechet-10-petits-gestes-pour-commencer\/#respond"]}]},{"@type":"WebPage","@id":"https:\/\/www.legobeletfrancais.fr\/blog\/printemps-zero-dechet-10-petits-gestes-pour-commencer\/","url":"https:\/\/www.legobeletfrancais.fr\/blog\/printemps-zero-dechet-10-petits-gestes-pour-commencer\/","name":"Printemps z\u00e9ro d\u00e9chet : 10 petits gestes pour commencer - Le Gobelet Fran\u00e7ais Blog","isPartOf":{"@id":"https:\/\/www.legobeletfrancais.fr\/blog\/#website"},"primaryImageOfPage":{"@id":"https:\/\/www.legobeletfrancais.fr\/blog\/printemps-zero-dechet-10-petits-gestes-pour-commencer\/#primaryimage"},"image":{"@id":"https:\/\/www.legobeletfrancais.fr\/blog\/printemps-zero-dechet-10-petits-gestes-pour-commencer\/#primaryimage"},"thumbnailUrl":"https:\/\/www.legobeletfrancais.fr\/blog\/wp-content\/uploads\/2026\/01\/10-gestes-pour-un-printemps-zero-dechet.jpg","datePublished":"2026-02-16T12:45:17+00:00","dateModified":"2026-02-16T12:45:18+00:00","author":{"@id":"https:\/\/www.legobeletfrancais.fr\/blog\/#\/schema\/person\/e1b9137e6e34f7b77751fe88b51d1e30"},"breadcrumb":{"@id":"https:\/\/www.legobeletfrancais.fr\/blog\/printemps-zero-dechet-10-petits-gestes-pour-commencer\/#breadcrumb"},"inLanguage":"fr-FR","potentialAction":[{"@type":"ReadAction","target":["https:\/\/www.legobeletfrancais.fr\/blog\/printemps-zero-dechet-10-petits-gestes-pour-commencer\/"]}]},{"@type":"ImageObject","inLanguage":"fr-FR","@id":"https:\/\/www.legobeletfrancais.fr\/blog\/printemps-zero-dechet-10-petits-gestes-pour-commencer\/#primaryimage","url":"https:\/\/www.legobeletfrancais.fr\/blog\/wp-content\/uploads\/2026\/01\/10-gestes-pour-un-printemps-zero-dechet.jpg","contentUrl":"https:\/\/www.legobeletfrancais.fr\/blog\/wp-content\/uploads\/2026\/01\/10-gestes-pour-un-printemps-zero-dechet.jpg","width":750,"height":500,"caption":"10 gestes pour un printemps z\u00e9ro d\u00e9chet"},{"@type":"BreadcrumbList","@id":"https:\/\/www.legobeletfrancais.fr\/blog\/printemps-zero-dechet-10-petits-gestes-pour-commencer\/#breadcrumb","itemListElement":[{"@type":"ListItem","position":1,"name":"Accueil","item":"https:\/\/www.legobeletfrancais.fr\/blog\/"},{"@type":"ListItem","position":2,"name":"Printemps z\u00e9ro d\u00e9chet : 10 petits gestes pour commencer"}]},{"@type":"WebSite","@id":"https:\/\/www.legobeletfrancais.fr\/blog\/#website","url":"https:\/\/www.legobeletfrancais.fr\/blog\/","name":"Le Gobelet Fran\u00e7ais Blog","description":"","potentialAction":[{"@type":"SearchAction","target":{"@type":"EntryPoint","urlTemplate":"https:\/\/www.legobeletfrancais.fr\/blog\/?s={search_term_string}"},"query-input":{"@type":"PropertyValueSpecification","valueRequired":true,"valueName":"search_term_string"}}],"inLanguage":"fr-FR"},{"@type":"Person","@id":"https:\/\/www.legobeletfrancais.fr\/blog\/#\/schema\/person\/e1b9137e6e34f7b77751fe88b51d1e30","name":"Danae","image":{"@type":"ImageObject","inLanguage":"fr-FR","@id":"https:\/\/secure.gravatar.com\/avatar\/2b97231c0d0791a87ddfe33479c44c585a079f5c48341a53fcc3965ab7baf856?s=96&d=mm&r=g","url":"https:\/\/secure.gravatar.com\/avatar\/2b97231c0d0791a87ddfe33479c44c585a079f5c48341a53fcc3965ab7baf856?s=96&d=mm&r=g","contentUrl":"https:\/\/secure.gravatar.com\/avatar\/2b97231c0d0791a87ddfe33479c44c585a079f5c48341a53fcc3965ab7baf856?s=96&d=mm&r=g","caption":"Danae"},"url":"https:\/\/www.legobeletfrancais.fr\/blog\/author\/danae\/"}]}},"_links":{"self":[{"href":"https:\/\/www.legobeletfrancais.fr\/blog\/wp-json\/wp\/v2\/posts\/2052","targetHints":{"allow":["GET"]}}],"collection":[{"href":"https:\/\/www.legobeletfrancais.fr\/blog\/wp-json\/wp\/v2\/posts"}],"about":[{"href":"https:\/\/www.legobeletfrancais.fr\/blog\/wp-json\/wp\/v2\/types\/post"}],"author":[{"embeddable":true,"href":"https:\/\/www.legobeletfrancais.fr\/blog\/wp-json\/wp\/v2\/users\/5"}],"replies":[{"embeddable":true,"href":"https:\/\/www.legobeletfrancais.fr\/blog\/wp-json\/wp\/v2\/comments?post=2052"}],"version-history":[{"count":22,"href":"https:\/\/www.legobeletfrancais.fr\/blog\/wp-json\/wp\/v2\/posts\/2052\/revisions"}],"predecessor-version":[{"id":2097,"href":"https:\/\/www.legobeletfrancais.fr\/blog\/wp-json\/wp\/v2\/posts\/2052\/revisions\/2097"}],"wp:featuredmedia":[{"embeddable":true,"href":"https:\/\/www.legobeletfrancais.fr\/blog\/wp-json\/wp\/v2\/media\/2078"}],"wp:attachment":[{"href":"https:\/\/www.legobeletfrancais.fr\/blog\/wp-json\/wp\/v2\/media?parent=2052"}],"wp:term":[{"taxonomy":"category","embeddable":true,"href":"https:\/\/www.legobeletfrancais.fr\/blog\/wp-json\/wp\/v2\/categories?post=2052"},{"taxonomy":"post_tag","embeddable":true,"href":"https:\/\/www.legobeletfrancais.fr\/blog\/wp-json\/wp\/v2\/tags?post=2052"}],"curies":[{"name":"wp","href":"https:\/\/api.w.org\/{rel}","templated":true}]}}