{"id":1876,"date":"2026-01-05T10:41:05","date_gmt":"2026-01-05T09:41:05","guid":{"rendered":"https:\/\/www.legobeletfrancais.fr\/blog\/?p=1876"},"modified":"2026-01-27T11:29:26","modified_gmt":"2026-01-27T10:29:26","slug":"resolutions-rse-comment-integrer-lecoresponsabilite-dans-vos-evenements","status":"publish","type":"post","link":"https:\/\/www.legobeletfrancais.fr\/blog\/resolutions-rse-comment-integrer-lecoresponsabilite-dans-vos-evenements\/","title":{"rendered":"R\u00e9solutions RSE : comment int\u00e9grer l\u2019\u00e9coresponsabilit\u00e9 dans vos \u00e9v\u00e9nements"},"content":{"rendered":"\n<p>La responsabilit\u00e9 soci\u00e9tale des entreprises (RSE) impr\u00e8gne d\u00e9sormais tous les aspects de la strat\u00e9gie d\u2019entreprise, y compris l\u2019organisation de ses \u00e9v\u00e9nements. S\u00e9minaires, salons, conventions ou r\u00e9unions internes peuvent, et doivent, refl\u00e9ter les engagements durables de votre entreprise. L\u2019enjeu est de taille : un \u00e9v\u00e9nement professionnel de 5 000 personnes peut g\u00e9n\u00e9rer en moyenne 2,5 tonnes de d\u00e9chets. Face \u00e0 ces impacts consid\u00e9rables, int\u00e9grer l\u2019\u00e9coresponsabilit\u00e9 dans vos \u00e9v\u00e9nements n\u2019est plus une option mais une n\u00e9cessit\u00e9.<\/p>\n\n\n\n<p>Des \u00e9v\u00e9nements d\u2019entreprise plus verts permettent de rendre coh\u00e9rente votre politique RSE et de r\u00e9pondre \u00e0 l\u2019urgence climatique tout en renfor\u00e7ant votre image de marque. Le choix de solutions concr\u00e8tes, comme l\u2019utilisation de <strong>gobelets r\u00e9utilisables et personnalis\u00e9s<\/strong>, s\u2019inscrit pleinement dans cette d\u00e9marche. Propos\u00e9s par <strong><a href=\"https:\/\/www.legobeletfrancais.fr\/\">Le Gobelet Fran\u00e7ais<\/a><\/strong>, ces supports responsables remplacent les consommables jetables tout en devenant de v\u00e9ritables outils de communication.<\/p>\n\n\n\n<p>En effet, un \u00e9v\u00e9nement durable valorise votre marque et engage vos parties prenantes : les participants, de simples spectateurs au d\u00e9part, deviennent acteurs du d\u00e9veloppement durable en adh\u00e9rant \u00e0 votre d\u00e9marche. En personnalisant vos gobelets \u00e0 vos couleurs et \u00e0 votre message, vous associez visibilit\u00e9, utilit\u00e9 et engagement environnemental. C\u2019est donc un avantage comp\u00e9titif pour votre organisation autant qu\u2019un geste concret pour la plan\u00e8te.<\/p>\n\n\n\n<h2 class=\"wp-block-heading\" style=\"font-size:clamp(16.293px, 1.018rem + ((1vw - 3.2px) * 0.68), 25px);\">Pourquoi faire \u00e9voluer les formats \u00e9v\u00e9nementiels vers plus d\u2019\u00e9coresponsabilit\u00e9 ?<\/h2>\n\n\n\n<p>Plusieurs raisons majeures poussent les entreprises \u00e0 faire \u00e9voluer leurs formats \u00e9v\u00e9nementiels vers davantage de durabilit\u00e9 :<\/p>\n\n\n\n<ul class=\"wp-block-list\">\n<li><strong>R\u00e9duire l\u2019empreinte environnementale<\/strong> : Historiquement, l\u2019\u00e9v\u00e9nementiel est l\u2019un des secteurs produisant le plus de d\u00e9chets et d\u2019\u00e9missions. Pollution des sites, consommables jetables, d\u00e9placements polluants\u2026 un \u00e9v\u00e9nement traditionnel peut laisser une lourde empreinte. Conjuguer le <strong>durable \u00e0 l\u2019\u00e9ph\u00e9m\u00e8re<\/strong> r\u00e9pond \u00e0 l\u2019imp\u00e9ratif climatique actuel. Chaque action (tri des d\u00e9chets, choix de transports verts, etc.) contribue \u00e0 diminuer cet impact.<\/li>\n\n\n\n<li><strong>Coh\u00e9rence avec la politique RSE et valeurs<\/strong> : Une entreprise engag\u00e9e en RSE se doit d\u2019aligner l\u2019organisation de ses \u00e9v\u00e9nements avec ses valeurs. Organiser des manifestations \u00e9coresponsables renforce la <strong>cr\u00e9dibilit\u00e9<\/strong> de votre d\u00e9marche et \u00e9vite le greenwashing. \u00c0 l\u2019inverse, un d\u00e9calage entre un discours responsable et des \u00e9v\u00e9nements peu respectueux de l\u2019environnement peut entamer la confiance des parties prenantes.<\/li>\n<\/ul>\n\n\n\n<div class=\"wp-block-media-text has-media-on-the-right is-stacked-on-mobile is-image-fill-element\"><div class=\"wp-block-media-text__content\">\n<ul class=\"wp-block-list\">\n<li><strong>Attentes du public et des parties prenantes<\/strong> : Les collaborateurs, clients et partenaires sont de plus en plus sensibles aux questions environnementales. Ils attendent des \u00e9v\u00e9nements exemplaires. D\u2019apr\u00e8s une enqu\u00eate internationale, plus de <strong>89\u202f% des professionnels de l\u2019\u00e9v\u00e9nementiel<\/strong> jugent la RSE importante voire tr\u00e8s importante pour leur activit\u00e9. Les grands donneurs d\u2019ordre int\u00e8grent d\u00e9sormais des <strong>crit\u00e8res RSE stricts<\/strong> dans leurs appels d\u2019offres \u00e9v\u00e9nementiels (bilan carbone, gestion des d\u00e9chets, achats responsables, inclusion, etc.). Ne pas s\u2019y conformer, c\u2019est prendre le risque de se voir \u00e9cart\u00e9 au profit de concurrents plus engag\u00e9s.<\/li>\n<\/ul>\n<\/div><figure class=\"wp-block-media-text__media\"><img fetchpriority=\"high\" decoding=\"async\" width=\"1024\" height=\"684\" src=\"https:\/\/www.legobeletfrancais.fr\/blog\/wp-content\/uploads\/2025\/12\/entreprise-ecoresponsable-1024x684.jpg\" alt=\"entreprise ecoresponsable\" class=\"wp-image-1886 size-full\" style=\"object-position:50% 50%\" srcset=\"https:\/\/www.legobeletfrancais.fr\/blog\/wp-content\/uploads\/2025\/12\/entreprise-ecoresponsable-1024x684.jpg 1024w, https:\/\/www.legobeletfrancais.fr\/blog\/wp-content\/uploads\/2025\/12\/entreprise-ecoresponsable-300x200.jpg 300w, https:\/\/www.legobeletfrancais.fr\/blog\/wp-content\/uploads\/2025\/12\/entreprise-ecoresponsable-768x513.jpg 768w, https:\/\/www.legobeletfrancais.fr\/blog\/wp-content\/uploads\/2025\/12\/entreprise-ecoresponsable-1536x1025.jpg 1536w, https:\/\/www.legobeletfrancais.fr\/blog\/wp-content\/uploads\/2025\/12\/entreprise-ecoresponsable-2048x1367.jpg 2048w\" sizes=\"(max-width: 1024px) 100vw, 1024px\" \/><\/figure><\/div>\n\n\n\n<ul class=\"wp-block-list\">\n<li><strong>Avantage d\u2019image et d\u2019innovation<\/strong> : Un \u00e9v\u00e9nement \u00e9coresponsable envoie un signal fort. Il d\u00e9montre que votre entreprise est moderne, pro-active et engag\u00e9e, ce qui <strong>renforce l\u2019image de marque<\/strong> de mani\u00e8re positive. Cela peut \u00e9galement stimuler l\u2019<strong>engagement interne<\/strong> (fiert\u00e9 des employ\u00e9s) et externe, et vous positionner en leader inspirant dans votre secteur. En communiquant bien sur ces initiatives, vous amplifiez l\u2019impact : un \u00e9v\u00e9nement durable bien communiqu\u00e9 <strong>renforce la r\u00e9putation<\/strong> de l\u2019organisation et sert d\u2019<strong>exemple \u00e0 suivre<\/strong>.<\/li>\n\n\n\n<li><strong>Conformit\u00e9 r\u00e9glementaire et anticipation<\/strong> : La l\u00e9gislation pousse dans le sens de la durabilit\u00e9 (interdiction des plastiques jetables, lois anti-gaspillage, normes ISO 20121 dans l\u2019\u00e9v\u00e9nementiel\u2026). S\u2019engager d\u00e8s maintenant, c\u2019est <strong>anticiper les contraintes r\u00e9glementaires<\/strong> \u00e0 venir et garder une longueur d\u2019avance. \u00c0 d\u00e9faut, une entreprise court un risque de non-conformit\u00e9 ou de retard si elle n\u2019adapte pas ses pratiques \u00e9v\u00e9nementielles. En somme, \u00e9voluer vers des \u00e9v\u00e9nements durables permet de <strong>concilier performance et responsabilit\u00e9<\/strong>, l\u00e0 o\u00f9 la RSE devient un investissement sur l\u2019avenir.<\/li>\n<\/ul>\n\n\n\n<h2 class=\"wp-block-heading\" style=\"font-size:clamp(16.293px, 1.018rem + ((1vw - 3.2px) * 0.68), 25px);\">5 leviers concrets pour organiser un \u00e9v\u00e9nement durable<\/h2>\n\n\n\n<p>Organiser un <strong>\u00e9v\u00e9nement \u00e9coresponsable<\/strong> peut sembler complexe, mais il existe des actions concr\u00e8tes et accessibles \u00e0 mettre en place. Voici <strong>5 leviers cl\u00e9s<\/strong> pour rendre vos \u00e9v\u00e9nements professionnels plus durables :<\/p>\n\n\n\n<h3 class=\"wp-block-heading\" style=\"font-size:clamp(14px, 0.875rem + ((1vw - 3.2px) * 0.469), 20px);\">Choisir des lieux \u00e9co-certifi\u00e9s<\/h3>\n\n\n\n<p>Commencez par s\u00e9lectionner un site ayant une d\u00e9marche environnementale exemplaire. Privil\u00e9giez les lieux dot\u00e9s de <strong>labels verts<\/strong> : par exemple une salle certifi\u00e9e <strong>ISO 20121<\/strong> (management responsable des \u00e9v\u00e9nements) ou <strong>HQE<\/strong> pour le b\u00e2timent, un h\u00f4tel arborant l\u2019\u00e9colabel <strong>Clef Verte<\/strong>, etc. Ces certifications sont un gage que l\u2019infrastructure minimise son impact (\u00e9nergie, d\u00e9chets, accessibilit\u00e9\u2026). Un lieu engag\u00e9 facilitera naturellement vos actions RSE (tri des d\u00e9chets sur place, \u00e9nergie verte, etc.). N\u2019h\u00e9sitez pas \u00e0 demander aux gestionnaires de site leurs pratiques (politique z\u00e9ro plastique, partenariats locaux\u2026) et \u00e0 inclure des clauses RSE dans votre contrat de location.<\/p>\n\n\n\n<h3 class=\"wp-block-heading\" style=\"font-size:clamp(14px, 0.875rem + ((1vw - 3.2px) * 0.469), 20px);\">Opter pour un traiteur local et anti-gaspillage<\/h3>\n\n\n\n<p>La restauration est un poste crucial. Faites appel \u00e0 des <strong>traiteurs locaux<\/strong>, utilisant des produits de saison et si possible bio, pour r\u00e9duire les transports et soutenir l\u2019\u00e9conomie locale. <strong>Limitez le gaspillage alimentaire<\/strong> en adaptant au mieux les quantit\u00e9s : on estime que jusqu\u2019\u00e0 <strong>10\u201320 % de la nourriture pr\u00e9par\u00e9e<\/strong> finit jet\u00e9e lors d\u2019\u00e9v\u00e9nements classiques, et jusqu\u2019\u00e0 <strong>40 % dans les grands \u00e9v\u00e9nements<\/strong> si rien n\u2019est mis en place. Pour \u00e9viter cela, choisissez un prestataire sensibilis\u00e9 \u00e0 l\u2019anti-gaspi (portions ajust\u00e9es, buffet r\u00e9approvisionn\u00e9 au fur et \u00e0 mesure). Pr\u00e9voyez la <strong>redistribution des surplus<\/strong> \u00e0 des associations locales ou via des applications sp\u00e9cialis\u00e9es, plut\u00f4t que de jeter (malheureusement, seulement 10 % des surplus \u00e9v\u00e9nementiels sont redistribu\u00e9s aujourd\u2019hui). Optez \u00e9galement pour de la vaisselle durable : fini le jetable, place \u00e0 la <strong>vaisselle r\u00e9utilisable ou compostable<\/strong>. Enfin, proposez de l\u2019eau en carafe ou fontaine pour \u00e9viter les bouteilles plastique, et encouragez un menu \u00e0 faible empreinte carbone (moins de viande, plus de v\u00e9g\u00e9tal). Ces mesures r\u00e9duiront vos d\u00e9chets tout en donnant du sens \u00e0 la pause repas.<\/p>\n\n\n\n<h3 class=\"wp-block-heading\" style=\"font-size:clamp(14px, 0.875rem + ((1vw - 3.2px) * 0.469), 20px);\">Favoriser des transports bas carbone<\/h3>\n\n\n\n<div class=\"wp-block-media-text is-stacked-on-mobile is-image-fill-element\"><figure class=\"wp-block-media-text__media\"><img decoding=\"async\" width=\"683\" height=\"1024\" src=\"https:\/\/www.legobeletfrancais.fr\/blog\/wp-content\/uploads\/2025\/12\/Transports-ecologiques-683x1024.jpg\" alt=\"Transports \u00e9cologiques\" class=\"wp-image-1882 size-full\" style=\"object-position:9% 50%\" srcset=\"https:\/\/www.legobeletfrancais.fr\/blog\/wp-content\/uploads\/2025\/12\/Transports-ecologiques-683x1024.jpg 683w, https:\/\/www.legobeletfrancais.fr\/blog\/wp-content\/uploads\/2025\/12\/Transports-ecologiques-200x300.jpg 200w, https:\/\/www.legobeletfrancais.fr\/blog\/wp-content\/uploads\/2025\/12\/Transports-ecologiques-768x1152.jpg 768w, https:\/\/www.legobeletfrancais.fr\/blog\/wp-content\/uploads\/2025\/12\/Transports-ecologiques-1024x1536.jpg 1024w, https:\/\/www.legobeletfrancais.fr\/blog\/wp-content\/uploads\/2025\/12\/Transports-ecologiques-1365x2048.jpg 1365w, https:\/\/www.legobeletfrancais.fr\/blog\/wp-content\/uploads\/2025\/12\/Transports-ecologiques-scaled.jpg 1707w\" sizes=\"(max-width: 683px) 100vw, 683px\" \/><\/figure><div class=\"wp-block-media-text__content\">\n<p>Le d\u00e9placement des participants est souvent la <strong>premi\u00e8re source d\u2019\u00e9missions CO\u2082<\/strong> d\u2019un \u00e9v\u00e9nement. Il convient donc de <strong>minimiser l\u2019empreinte transport<\/strong>. Pour cela, choisissez un lieu facilement accessible en transports en commun et informez clairement vos invit\u00e9s des alternatives \u00e0 la voiture individuelle (plans d\u2019acc\u00e8s bus\/m\u00e9tro, organisation de covoiturage, navettes depuis la gare, etc.). Incitez le public \u00e0 utiliser le train plut\u00f4t que l\u2019avion pour les longues distances si possible. <strong>Covoiturage<\/strong> et <strong>mobilit\u00e9 douce<\/strong> (v\u00e9los, trottinettes en libre-service) peuvent \u00eatre encourag\u00e9s via vos communications en amont. Pour un \u00e9v\u00e9nement regroupant des personnes de divers horizons, vous pouvez \u00e9ventuellement compenser les \u00e9missions incompressibles (via un partenaire de compensation carbone s\u00e9rieux), mais la priorit\u00e9 reste de les \u00e9viter \u00e0 la source. <\/p>\n<\/div><\/div>\n\n\n\n<h3 class=\"wp-block-heading\" style=\"font-size:clamp(14px, 0.875rem + ((1vw - 3.2px) * 0.469), 20px);\">Privil\u00e9gier une communication num\u00e9rique responsable<\/h3>\n\n\n\n<p>Un \u00e9v\u00e9nement durable passe par une <strong>communication responsable<\/strong>, du teasing initial au suivi post-\u00e9v\u00e9nement. Dites adieu aux tonnes de papier glac\u00e9 : adoptez le <strong>tout-num\u00e9rique<\/strong> pour vos supports. Invitations par email plut\u00f4t que cartons imprim\u00e9s, formulaires d\u2019inscription en ligne, application mobile ou QR codes pour le programme et les informations pratiques, diffusion des documents en PDF plut\u00f4t qu\u2019en brochures papier\u2026 Autant d\u2019options qui \u00e9liminent les impressions inutiles et \u00e9vitent le gaspillage de papier. Pensez \u00e9galement \u00e0 r\u00e9utiliser vos supports d\u2019une \u00e9dition \u00e0 l\u2019autre (\u00e9vitez les dates ou l\u2019ann\u00e9e dessus pour pouvoir les ressortir). Enfin, une <strong>communication num\u00e9rique responsable<\/strong> implique aussi de limiter l\u2019empreinte carbone du digital : optimisez la taille des fichiers envoy\u00e9s, utilisez des services en ligne aliment\u00e9s en \u00e9nergies renouvelables, etc. <\/p>\n\n\n\n<h3 class=\"wp-block-heading\" style=\"font-size:clamp(14px, 0.875rem + ((1vw - 3.2px) * 0.469), 20px);\">Utiliser des accessoires et goodies r\u00e9utilisables<\/h3>\n\n\n\n<div class=\"wp-block-media-text has-media-on-the-right is-stacked-on-mobile is-image-fill-element\"><div class=\"wp-block-media-text__content\">\n<p>Portez une attention particuli\u00e8re \u00e0 tout ce qui est mat\u00e9riel \u00e9ph\u00e9m\u00e8re lors de vos \u00e9v\u00e9nements. L\u2019id\u00e9e est de <strong>remplacer le jetable par du durable<\/strong> partout o\u00f9 c\u2019est possible. Par exemple, au lieu de fournir des goodies publicitaires \u00e9ph\u00e9m\u00e8res qui finiront oubli\u00e9s ou \u00e0 la poubelle,<strong> misez sur des objets utiles et r\u00e9utilisables<\/strong> (ecocups r\u00e9utilisables, gourdes en inox, tote bags en coton bio, stylos rechargeables, carnets en papier recycl\u00e9, etc.). Idem pour les \u00e9l\u00e9ments de sc\u00e9nographie ou de d\u00e9coration : pr\u00e9f\u00e9rez la location ou la fabrication modulaire r\u00e9utilisable, et bannissez les objets \u00e0 usage unique (confettis plastiques, ballons \u00e0 l\u2019h\u00e9lium non recyclables, etc.).<\/p>\n<\/div><figure class=\"wp-block-media-text__media\"><img decoding=\"async\" width=\"768\" height=\"1024\" src=\"https:\/\/www.legobeletfrancais.fr\/blog\/wp-content\/uploads\/2025\/12\/Goodies-reutilisables-1-768x1024.jpg\" alt=\"Goodies r\u00e9utilisables\" class=\"wp-image-1881 size-full\" style=\"object-position:50% 53%\" srcset=\"https:\/\/www.legobeletfrancais.fr\/blog\/wp-content\/uploads\/2025\/12\/Goodies-reutilisables-1-768x1024.jpg 768w, https:\/\/www.legobeletfrancais.fr\/blog\/wp-content\/uploads\/2025\/12\/Goodies-reutilisables-1-225x300.jpg 225w, https:\/\/www.legobeletfrancais.fr\/blog\/wp-content\/uploads\/2025\/12\/Goodies-reutilisables-1-1152x1536.jpg 1152w, https:\/\/www.legobeletfrancais.fr\/blog\/wp-content\/uploads\/2025\/12\/Goodies-reutilisables-1.jpg 1536w\" sizes=\"(max-width: 768px) 100vw, 768px\" \/><\/figure><\/div>\n\n\n\n<p>Un accessoire symbolise \u00e0 lui seul cette transition : le <strong>gobelet r\u00e9utilisable<\/strong>. Les gobelets jetables en plastique ou en carton sont un fl\u00e9au environnemental (ils peuvent repr\u00e9senter jusqu\u2019\u00e0 <strong>50 % des d\u00e9chets<\/strong> g\u00e9n\u00e9r\u00e9s sur un \u00e9v\u00e9nement public). En rempla\u00e7ant ces verres \u00e0 usage unique par des <strong>gobelets r\u00e9utilisables consign\u00e9s<\/strong>, un seul gobelet par participant suffit (contre trois en moyenne en version jetable) et il sera r\u00e9cup\u00e9r\u00e9, lav\u00e9 puis r\u00e9utilis\u00e9 lors d\u2019un prochain rendez-vous. Le b\u00e9n\u00e9fice en termes de d\u00e9chets \u00e9vit\u00e9s est imm\u00e9diat. <\/p>\n\n\n\n<h2 class=\"wp-block-heading\" style=\"font-size:clamp(16.293px, 1.018rem + ((1vw - 3.2px) * 0.68), 25px);\">Zoom sur les gobelets r\u00e9utilisables personnalis\u00e9s : un outil durable de communication responsable<\/h2>\n\n\n\n<p>Les <strong>ecocups r\u00e9utilisables personnalis\u00e9s<\/strong> font figure de porte-\u00e9tendards des \u00e9v\u00e9nements durables, combinant r\u00e9duction des d\u00e9chets et valorisation de l\u2019image de marque. Parmi les outils disponibles pour verdir vos manifestations, ils s\u2019imposent comme une solution \u00e0 la fois <strong>\u00e9cologique<\/strong> et <strong>marketing<\/strong>, le tout en \u00e9tant simple \u00e0 mettre en \u0153uvre. Concr\u00e8tement, remplacer les verres jetables par des \u00e9cocups consign\u00e9s permet de <strong>diminuer drastiquement les d\u00e9chets<\/strong> sur site. Les chiffres parlent d\u2019eux-m\u00eames : un gobelet r\u00e9utilisable peut \u00eatre utilis\u00e9 <strong>jusqu\u2019\u00e0 150 fois<\/strong>, rempla\u00e7ant ainsi des <strong>milliers de gobelets jetables<\/strong> sur sa dur\u00e9e de vie. Au fil des r\u00e9utilisations, c\u2019est autant de d\u00e9chets \u00e9vit\u00e9s et de ressources \u00e9conomis\u00e9es (moins de mati\u00e8res premi\u00e8res consomm\u00e9es, moins d\u2019\u00e9nergie et de transport pour en produire de nouveaux). L\u2019adoption massive des \u00e9cocups r\u00e9pond d\u2019ailleurs aux \u00e9volutions r\u00e9glementaires : la loi fran\u00e7aise Anti-Gaspillage pour une \u00c9conomie Circulaire (<strong>loi AGEC<\/strong>) encourage fortement cette transition. Depuis 2023, <strong>il est interdit<\/strong> d\u2019utiliser de la vaisselle jetable (gobelets, assiettes, couverts\u2026) pour les services de boisson et de restauration sur place d\u00e8s que l\u2019on sert plus de 20 couverts simultan\u00e9ment. Cette obligation l\u00e9gale a pouss\u00e9 de nombreuses organisations \u00e0 franchir le pas vers les gobelets r\u00e9utilisables, un choix durable qui devient la norme des \u00e9v\u00e9nements responsables. <\/p>\n\n\n\n<div class=\"wp-block-media-text is-stacked-on-mobile is-image-fill-element\"><figure class=\"wp-block-media-text__media\"><img loading=\"lazy\" decoding=\"async\" width=\"768\" height=\"1024\" src=\"https:\/\/www.legobeletfrancais.fr\/blog\/wp-content\/uploads\/2025\/12\/Ecocup-personnalise-1-768x1024.jpg\" alt=\"Ecocup personnalis\u00e9\" class=\"wp-image-1878 size-full\" style=\"object-position:50% 50%\" srcset=\"https:\/\/www.legobeletfrancais.fr\/blog\/wp-content\/uploads\/2025\/12\/Ecocup-personnalise-1-768x1024.jpg 768w, https:\/\/www.legobeletfrancais.fr\/blog\/wp-content\/uploads\/2025\/12\/Ecocup-personnalise-1-225x300.jpg 225w, https:\/\/www.legobeletfrancais.fr\/blog\/wp-content\/uploads\/2025\/12\/Ecocup-personnalise-1-1152x1536.jpg 1152w, https:\/\/www.legobeletfrancais.fr\/blog\/wp-content\/uploads\/2025\/12\/Ecocup-personnalise-1.jpg 1536w\" sizes=\"(max-width: 768px) 100vw, 768px\" \/><\/figure><div class=\"wp-block-media-text__content\">\n<p>Au-del\u00e0 de l\u2019aspect environnemental, les gobelets r\u00e9utilisables sont de formidables <strong>outils de communication<\/strong>. Contrairement \u00e0 un gobelet plastique classique vou\u00e9 \u00e0 la poubelle apr\u00e8s usage, un <strong>gobelet personnalis\u00e9<\/strong> devient un v\u00e9ritable ambassadeur de votre \u00e9v\u00e9nement et de votre marque. Chaque participant repart avec ce support r\u00e9utilisable en souvenir, prolongeant l\u2019impact de votre message bien apr\u00e8s la fin de la manifestation. La <strong>personnalisation<\/strong> offre une visibilit\u00e9 prolong\u00e9e : logo, slogan, visuel aux couleurs de votre entreprise, autant d\u2019\u00e9l\u00e9ments qui transforment un objet du quotidien en m\u00e9dia portable. Lorsqu\u2019il est r\u00e9utilis\u00e9 au bureau ou \u00e0 la maison, il <strong>rappelle l\u2019\u00e9v\u00e9nement<\/strong> et diffuse subtilement vos valeurs autour de lui. Cette coh\u00e9rence graphique et \u00e9thique renforce non seulement votre <strong>image de marque responsable<\/strong>, mais aussi le sentiment d\u2019appartenance des participants (fiers d\u2019arborer un objet t\u00e9moignant de votre engagement concret).<\/p>\n<\/div><\/div>\n\n\n\n<p>On constate m\u00eame un ph\u00e9nom\u00e8ne de \u00ab viralit\u00e9 \u00bb : les ecocups  sont souvent photographi\u00e9s et partag\u00e9s sur les r\u00e9seaux sociaux par les participants, \u00e9tendant encore votre communication sans co\u00fbt additionnel. <\/p>\n\n\n\n<p>Certes, l\u2019investissement initial dans des gobelets r\u00e9utilisables personnalis\u00e9s (comme ceux du Gobelet Fran\u00e7ais, fabriqu\u00e9s en France) peut sembler plus \u00e9lev\u00e9 qu\u2019un stock de gobelets jetables. Mais <strong>sur la dur\u00e9e<\/strong>, le calcul s\u2019inverse : le <strong>co\u00fbt unitaire<\/strong>, rapport\u00e9 aux dizaines voire centaines d\u2019utilisations possibles, devient n\u00e9gligeable compar\u00e9 \u00e0 l\u2019achat r\u00e9p\u00e9t\u00e9 de milliers de gobelets \u00e9ph\u00e9m\u00e8res. En d\u2019autres termes, quelques centaines d\u2019\u00e9cocups durablement exploit\u00e9s reviennent moins cher, \u00e0 terme, que des tonnes de gobelets jetables consomm\u00e9s en s\u00e9rie. S\u2019y ajoute le <strong>b\u00e9n\u00e9fice marketing<\/strong> : un gobelet personnalis\u00e9 de qualit\u00e9 v\u00e9hicule une <strong><a href=\"https:\/\/www.legobeletfrancais.fr\/entreprises\">image positive<\/a><\/strong> de votre organisation et offre une visibilit\u00e9 bien plus longue qu\u2019un flyer ou un goodies classique. Ce <strong>retour sur investissement<\/strong> en termes de communication, image de marque am\u00e9lior\u00e9e, notori\u00e9t\u00e9 accrue aupr\u00e8s du public pr\u00e9sent et des alentours, justifie amplement la d\u00e9pense initiale. En somme, les gobelets r\u00e9utilisables personnalis\u00e9s repr\u00e9sentent le <strong>levier RSE<\/strong> id\u00e9al alliant pratique durable, sensibilisation du public et promotion de votre identit\u00e9. Ils mat\u00e9rialisent vos engagements de fa\u00e7on tangible tout en marquant les esprits : difficile pour un participant d\u2019oublier votre message lorsqu\u2019il trinque chaque jour avec votre logo.<\/p>\n\n\n\n<h2 class=\"wp-block-heading\" style=\"font-size:clamp(16.293px, 1.018rem + ((1vw - 3.2px) * 0.68), 25px);\">Mesurer l\u2019impact de vos engagements : indicateurs, communication post-\u00e9v\u00e9nement <\/h2>\n\n\n\n<p>Adopter des mesures \u00e9coresponsables, c\u2019est bien, mais encore faut-il en mesurer les r\u00e9sultats. <strong>Mesurer l\u2019impact<\/strong> de vos engagements lors d\u2019un \u00e9v\u00e9nement permet d\u2019objectiver votre d\u00e9marche RSE, de communiquer sur des faits concrets et d\u2019assurer une am\u00e9lioration continue. Pour ce faire, d\u00e9finissez d\u00e8s le d\u00e9part quelques <strong>indicateurs simples<\/strong> li\u00e9s \u00e0 vos objectifs. Par exemple, \u00e9valuez l\u2019<strong>empreinte carbone pr\u00e9visionnelle<\/strong> de l\u2019\u00e9v\u00e9nement (via un bilan carbone) et fixez une cible de r\u00e9duction. Identifiez des <strong>KPI environnementaux<\/strong> pertinents : le <strong>volume de d\u00e9chets \u00e9vit\u00e9s<\/strong> (par rapport \u00e0 un \u00e9v\u00e9nement standard), le <strong>taux de recyclage<\/strong> des d\u00e9chets g\u00e9n\u00e9r\u00e9s sur place, la part d\u2019<strong>\u00e9nergie verte<\/strong> consomm\u00e9e, la quantit\u00e9 de papier \u00e9conomis\u00e9e gr\u00e2ce au num\u00e9rique, le nombre de kilom\u00e8tres en voiture \u00e9vit\u00e9s gr\u00e2ce au covoiturage, etc.. Ces indicateurs, suivis pendant et apr\u00e8s l\u2019\u00e9v\u00e9nement, vous permettront de <strong>quantifier les progr\u00e8s<\/strong> accomplis. <\/p>\n\n\n\n<div class=\"wp-block-media-text has-media-on-the-right is-stacked-on-mobile is-image-fill-element\"><div class=\"wp-block-media-text__content\">\n<p>Une fois l\u2019\u00e9v\u00e9nement pass\u00e9, ne laissez pas retomber l\u2019effort : <strong>valorisez vos actions et r\u00e9sultats<\/strong> aupr\u00e8s de vos parties prenantes. Communiquer en apr\u00e8s l&rsquo;\u00e9v\u00e9nment est essentiel pour am\u00e9liorer votre d\u00e9marche RSE. Remerciez les participants de leur engagement et partagez avec eux les <strong>succ\u00e8s mesur\u00e9s<\/strong> : \u00ab Gr\u00e2ce \u00e0 vous, nous avons recycl\u00e9 X kg de d\u00e9chets, \u00e9vit\u00e9 Y tonnes de CO\u2082, et <strong>95 % des gobelets r\u00e9utilisables<\/strong> ont \u00e9t\u00e9 r\u00e9cup\u00e9r\u00e9s ! \u00bb. Ce bilan chiffr\u00e9, diffus\u00e9 par email aux participants ou sous forme d\u2019infographie sur vos r\u00e9seaux sociaux, sert \u00e0 la fois de <strong>remerciement<\/strong> et de preuve tangible de votre engagement. N\u2019h\u00e9sitez pas \u00e0 joindre des photos marquantes des initiatives \u00e9coresponsables de l\u2019\u00e9v\u00e9nement, ainsi que des t\u00e9moignages de participants ou de partenaires saluant la d\u00e9marche.<\/p>\n<\/div><figure class=\"wp-block-media-text__media\"><img loading=\"lazy\" decoding=\"async\" width=\"768\" height=\"1024\" src=\"https:\/\/www.legobeletfrancais.fr\/blog\/wp-content\/uploads\/2025\/12\/Gobelets-reutilisables-pour-un-evenement-768x1024.jpg\" alt=\"Gobelets r\u00e9utilisables pour un \u00e9v\u00e9nement\" class=\"wp-image-1884 size-full\" style=\"object-position:50% 77%\" srcset=\"https:\/\/www.legobeletfrancais.fr\/blog\/wp-content\/uploads\/2025\/12\/Gobelets-reutilisables-pour-un-evenement-768x1024.jpg 768w, https:\/\/www.legobeletfrancais.fr\/blog\/wp-content\/uploads\/2025\/12\/Gobelets-reutilisables-pour-un-evenement-225x300.jpg 225w, https:\/\/www.legobeletfrancais.fr\/blog\/wp-content\/uploads\/2025\/12\/Gobelets-reutilisables-pour-un-evenement-1152x1536.jpg 1152w, https:\/\/www.legobeletfrancais.fr\/blog\/wp-content\/uploads\/2025\/12\/Gobelets-reutilisables-pour-un-evenement-1536x2048.jpg 1536w, https:\/\/www.legobeletfrancais.fr\/blog\/wp-content\/uploads\/2025\/12\/Gobelets-reutilisables-pour-un-evenement-scaled.jpg 1920w\" sizes=\"(max-width: 768px) 100vw, 768px\" \/><\/figure><\/div>\n\n\n\n<p>Cette transparence renforce votre <strong>cr\u00e9dibilit\u00e9<\/strong> tout en illustrant l\u2019impact positif collectif de vos actions. C\u2019est \u00e9galement le moment de <strong>solliciter du feedback<\/strong> : un court sondage post-\u00e9v\u00e9nement peut recueillir l\u2019avis des participants sur vos initiatives vertes, leurs suggestions d\u2019am\u00e9lioration, etc. Vous montrez ainsi que vous \u00eates dans une d\u00e9marche de progr\u00e8s continu, \u00e0 l\u2019\u00e9coute de votre public, ce qui ne peut qu\u2019am\u00e9liorer vos prochains rendez-vous.<\/p>\n\n\n\n<p>Enfin, int\u00e9ressez-vous au <strong>retour sur investissement RSE<\/strong> de vos \u00e9v\u00e9nements durables, m\u00eame s\u2019il est en grande partie immat\u00e9riel. Les <strong>b\u00e9n\u00e9fices \u201cinvisibles\u201d<\/strong> sont nombreux : r\u00e9putation am\u00e9lior\u00e9e, pr\u00e9f\u00e9rence de marque accrue chez des clients sensibles au d\u00e9veloppement durable, fid\u00e9lisation des collaborateurs fiers des valeurs de l\u2019entreprise, r\u00e9duction des risques (conformit\u00e9 r\u00e9glementaire, crises d\u2019image \u00e9vit\u00e9es), etc. Beaucoup d\u2019entreprises t\u00e9moignent que leurs pratiques RSE ouvrent de <strong>nouvelles opportunit\u00e9s<\/strong> commerciales, certains clients ne s\u00e9lectionnant plus que des partenaires \u00e9thiques. Par ailleurs, des co\u00fbts sont \u00e9vit\u00e9s : moins de d\u00e9chets \u00e0 traiter (\u00e9conomie de frais de gestion), optimisation des ressources (moins de gaspillage de nourriture ou de papier), ce qui all\u00e8ge le budget sur le moyen terme. <\/p>\n\n\n\n<p><strong>Mesurer et communiquer<\/strong> ce retour sur investissement RSE est donc la derni\u00e8re \u00e9tape de vos r\u00e9solutions \u00e9coresponsables. Incluez dans votre rapport RSE annuel les indicateurs et r\u00e9sultats de vos \u00e9v\u00e9nements (nombre de gobelets jetables \u00e9vit\u00e9s, r\u00e9duction des \u00e9missions, \u00e9conomies r\u00e9alis\u00e9es\u2026), afin de <strong>valoriser en interne et en externe<\/strong> ces avanc\u00e9es. Un \u00e9v\u00e9nement durable r\u00e9ussi peut ainsi servir de <strong>cas d\u2019\u00e9cole<\/strong> inspirant, en d\u00e9montrant concr\u00e8tement que l\u2019on peut conjuguer r\u00e9ussite professionnelle et respect de l\u2019environnement. En d\u00e9finitive, int\u00e9grer l\u2019\u00e9coresponsabilit\u00e9 dans vos \u00e9v\u00e9nements d\u2019entreprise vous permet de transformer une contrainte en opportunit\u00e9 : celle de f\u00e9d\u00e9rer vos \u00e9quipes et vos partenaires autour d\u2019un projet commun porteur de sens, tout en affirmant le positionnement durable de votre organisation pour les ann\u00e9es \u00e0 venir. Les <strong>r\u00e9solutions RSE<\/strong> prises aujourd\u2019hui feront les <strong>succ\u00e8s de vos \u00e9v\u00e9nements de demain<\/strong>, plus sobres, plus responsables, et tout aussi conviviaux !<\/p>\n","protected":false},"excerpt":{"rendered":"<p>La responsabilit\u00e9 soci\u00e9tale des entreprises (RSE) impr\u00e8gne d\u00e9sormais tous les aspects de la strat\u00e9gie d\u2019entreprise, y compris l\u2019organisation de ses \u00e9v\u00e9nements. S\u00e9minaires, salons, conventions ou r\u00e9unions internes peuvent, et doivent, refl\u00e9ter les engagements durables de votre entreprise. L\u2019enjeu est de taille : un \u00e9v\u00e9nement professionnel de 5 000 personnes peut g\u00e9n\u00e9rer en moyenne 2,5 tonnes [&hellip;]<\/p>\n","protected":false},"author":5,"featured_media":1888,"comment_status":"open","ping_status":"open","sticky":false,"template":"","format":"standard","meta":{"footnotes":""},"categories":[16],"tags":[],"class_list":["post-1876","post","type-post","status-publish","format-standard","has-post-thumbnail","hentry","category-evenements"],"blocksy_meta":[],"yoast_head":"<!-- This site is optimized with the Yoast SEO plugin v27.4 - https:\/\/yoast.com\/product\/yoast-seo-wordpress\/ -->\n<title>R\u00e9solutions RSE : comment int\u00e9grer l\u2019\u00e9coresponsabilit\u00e9 dans vos \u00e9v\u00e9nements - Le Gobelet Fran\u00e7ais Blog<\/title>\n<meta name=\"robots\" content=\"index, follow, max-snippet:-1, max-image-preview:large, max-video-preview:-1\" \/>\n<link rel=\"canonical\" href=\"https:\/\/www.legobeletfrancais.fr\/blog\/resolutions-rse-comment-integrer-lecoresponsabilite-dans-vos-evenements\/\" \/>\n<meta property=\"og:locale\" content=\"fr_FR\" \/>\n<meta property=\"og:type\" content=\"article\" \/>\n<meta property=\"og:title\" content=\"R\u00e9solutions RSE : comment int\u00e9grer l\u2019\u00e9coresponsabilit\u00e9 dans vos \u00e9v\u00e9nements - Le Gobelet Fran\u00e7ais Blog\" \/>\n<meta property=\"og:description\" content=\"La responsabilit\u00e9 soci\u00e9tale des entreprises (RSE) impr\u00e8gne d\u00e9sormais tous les aspects de la strat\u00e9gie d\u2019entreprise, y compris l\u2019organisation de ses \u00e9v\u00e9nements. S\u00e9minaires, salons, conventions ou r\u00e9unions internes peuvent, et doivent, refl\u00e9ter les engagements durables de votre entreprise. L\u2019enjeu est de taille : un \u00e9v\u00e9nement professionnel de 5 000 personnes peut g\u00e9n\u00e9rer en moyenne 2,5 tonnes [&hellip;]\" \/>\n<meta property=\"og:url\" content=\"https:\/\/www.legobeletfrancais.fr\/blog\/resolutions-rse-comment-integrer-lecoresponsabilite-dans-vos-evenements\/\" \/>\n<meta property=\"og:site_name\" content=\"Le Gobelet Fran\u00e7ais Blog\" \/>\n<meta property=\"article:published_time\" content=\"2026-01-05T09:41:05+00:00\" \/>\n<meta property=\"article:modified_time\" content=\"2026-01-27T10:29:26+00:00\" \/>\n<meta property=\"og:image\" content=\"https:\/\/www.legobeletfrancais.fr\/blog\/wp-content\/uploads\/2025\/12\/Gobelets-personnalises-pour-tous-les-evenements.jpg\" \/>\n\t<meta property=\"og:image:width\" content=\"750\" \/>\n\t<meta property=\"og:image:height\" content=\"500\" \/>\n\t<meta property=\"og:image:type\" content=\"image\/jpeg\" \/>\n<meta name=\"author\" content=\"Danae\" \/>\n<meta name=\"twitter:card\" content=\"summary_large_image\" \/>\n<meta name=\"twitter:label1\" content=\"\u00c9crit par\" \/>\n\t<meta name=\"twitter:data1\" content=\"Danae\" \/>\n\t<meta name=\"twitter:label2\" content=\"Dur\u00e9e de lecture estim\u00e9e\" \/>\n\t<meta name=\"twitter:data2\" content=\"14 minutes\" \/>\n<script type=\"application\/ld+json\" class=\"yoast-schema-graph\">{\"@context\":\"https:\\\/\\\/schema.org\",\"@graph\":[{\"@type\":\"Article\",\"@id\":\"https:\\\/\\\/www.legobeletfrancais.fr\\\/blog\\\/resolutions-rse-comment-integrer-lecoresponsabilite-dans-vos-evenements\\\/#article\",\"isPartOf\":{\"@id\":\"https:\\\/\\\/www.legobeletfrancais.fr\\\/blog\\\/resolutions-rse-comment-integrer-lecoresponsabilite-dans-vos-evenements\\\/\"},\"author\":{\"name\":\"Danae\",\"@id\":\"https:\\\/\\\/www.legobeletfrancais.fr\\\/blog\\\/#\\\/schema\\\/person\\\/e1b9137e6e34f7b77751fe88b51d1e30\"},\"headline\":\"R\u00e9solutions RSE : comment int\u00e9grer l\u2019\u00e9coresponsabilit\u00e9 dans vos \u00e9v\u00e9nements\",\"datePublished\":\"2026-01-05T09:41:05+00:00\",\"dateModified\":\"2026-01-27T10:29:26+00:00\",\"mainEntityOfPage\":{\"@id\":\"https:\\\/\\\/www.legobeletfrancais.fr\\\/blog\\\/resolutions-rse-comment-integrer-lecoresponsabilite-dans-vos-evenements\\\/\"},\"wordCount\":2890,\"commentCount\":0,\"image\":{\"@id\":\"https:\\\/\\\/www.legobeletfrancais.fr\\\/blog\\\/resolutions-rse-comment-integrer-lecoresponsabilite-dans-vos-evenements\\\/#primaryimage\"},\"thumbnailUrl\":\"https:\\\/\\\/www.legobeletfrancais.fr\\\/blog\\\/wp-content\\\/uploads\\\/2025\\\/12\\\/Gobelets-personnalises-pour-tous-les-evenements.jpg\",\"articleSection\":[\"Ev\u00e9nements\"],\"inLanguage\":\"fr-FR\",\"potentialAction\":[{\"@type\":\"CommentAction\",\"name\":\"Comment\",\"target\":[\"https:\\\/\\\/www.legobeletfrancais.fr\\\/blog\\\/resolutions-rse-comment-integrer-lecoresponsabilite-dans-vos-evenements\\\/#respond\"]}]},{\"@type\":\"WebPage\",\"@id\":\"https:\\\/\\\/www.legobeletfrancais.fr\\\/blog\\\/resolutions-rse-comment-integrer-lecoresponsabilite-dans-vos-evenements\\\/\",\"url\":\"https:\\\/\\\/www.legobeletfrancais.fr\\\/blog\\\/resolutions-rse-comment-integrer-lecoresponsabilite-dans-vos-evenements\\\/\",\"name\":\"R\u00e9solutions RSE : comment int\u00e9grer l\u2019\u00e9coresponsabilit\u00e9 dans vos \u00e9v\u00e9nements - Le Gobelet Fran\u00e7ais Blog\",\"isPartOf\":{\"@id\":\"https:\\\/\\\/www.legobeletfrancais.fr\\\/blog\\\/#website\"},\"primaryImageOfPage\":{\"@id\":\"https:\\\/\\\/www.legobeletfrancais.fr\\\/blog\\\/resolutions-rse-comment-integrer-lecoresponsabilite-dans-vos-evenements\\\/#primaryimage\"},\"image\":{\"@id\":\"https:\\\/\\\/www.legobeletfrancais.fr\\\/blog\\\/resolutions-rse-comment-integrer-lecoresponsabilite-dans-vos-evenements\\\/#primaryimage\"},\"thumbnailUrl\":\"https:\\\/\\\/www.legobeletfrancais.fr\\\/blog\\\/wp-content\\\/uploads\\\/2025\\\/12\\\/Gobelets-personnalises-pour-tous-les-evenements.jpg\",\"datePublished\":\"2026-01-05T09:41:05+00:00\",\"dateModified\":\"2026-01-27T10:29:26+00:00\",\"author\":{\"@id\":\"https:\\\/\\\/www.legobeletfrancais.fr\\\/blog\\\/#\\\/schema\\\/person\\\/e1b9137e6e34f7b77751fe88b51d1e30\"},\"breadcrumb\":{\"@id\":\"https:\\\/\\\/www.legobeletfrancais.fr\\\/blog\\\/resolutions-rse-comment-integrer-lecoresponsabilite-dans-vos-evenements\\\/#breadcrumb\"},\"inLanguage\":\"fr-FR\",\"potentialAction\":[{\"@type\":\"ReadAction\",\"target\":[\"https:\\\/\\\/www.legobeletfrancais.fr\\\/blog\\\/resolutions-rse-comment-integrer-lecoresponsabilite-dans-vos-evenements\\\/\"]}]},{\"@type\":\"ImageObject\",\"inLanguage\":\"fr-FR\",\"@id\":\"https:\\\/\\\/www.legobeletfrancais.fr\\\/blog\\\/resolutions-rse-comment-integrer-lecoresponsabilite-dans-vos-evenements\\\/#primaryimage\",\"url\":\"https:\\\/\\\/www.legobeletfrancais.fr\\\/blog\\\/wp-content\\\/uploads\\\/2025\\\/12\\\/Gobelets-personnalises-pour-tous-les-evenements.jpg\",\"contentUrl\":\"https:\\\/\\\/www.legobeletfrancais.fr\\\/blog\\\/wp-content\\\/uploads\\\/2025\\\/12\\\/Gobelets-personnalises-pour-tous-les-evenements.jpg\",\"width\":750,\"height\":500,\"caption\":\"Gobelets personnalis\u00e9s pour tous les \u00e9v\u00e9nements\"},{\"@type\":\"BreadcrumbList\",\"@id\":\"https:\\\/\\\/www.legobeletfrancais.fr\\\/blog\\\/resolutions-rse-comment-integrer-lecoresponsabilite-dans-vos-evenements\\\/#breadcrumb\",\"itemListElement\":[{\"@type\":\"ListItem\",\"position\":1,\"name\":\"Accueil\",\"item\":\"https:\\\/\\\/www.legobeletfrancais.fr\\\/blog\\\/\"},{\"@type\":\"ListItem\",\"position\":2,\"name\":\"R\u00e9solutions RSE : comment int\u00e9grer l\u2019\u00e9coresponsabilit\u00e9 dans vos \u00e9v\u00e9nements\"}]},{\"@type\":\"WebSite\",\"@id\":\"https:\\\/\\\/www.legobeletfrancais.fr\\\/blog\\\/#website\",\"url\":\"https:\\\/\\\/www.legobeletfrancais.fr\\\/blog\\\/\",\"name\":\"Le Gobelet Fran\u00e7ais Blog\",\"description\":\"\",\"potentialAction\":[{\"@type\":\"SearchAction\",\"target\":{\"@type\":\"EntryPoint\",\"urlTemplate\":\"https:\\\/\\\/www.legobeletfrancais.fr\\\/blog\\\/?s={search_term_string}\"},\"query-input\":{\"@type\":\"PropertyValueSpecification\",\"valueRequired\":true,\"valueName\":\"search_term_string\"}}],\"inLanguage\":\"fr-FR\"},{\"@type\":\"Person\",\"@id\":\"https:\\\/\\\/www.legobeletfrancais.fr\\\/blog\\\/#\\\/schema\\\/person\\\/e1b9137e6e34f7b77751fe88b51d1e30\",\"name\":\"Danae\",\"image\":{\"@type\":\"ImageObject\",\"inLanguage\":\"fr-FR\",\"@id\":\"https:\\\/\\\/secure.gravatar.com\\\/avatar\\\/2b97231c0d0791a87ddfe33479c44c585a079f5c48341a53fcc3965ab7baf856?s=96&d=mm&r=g\",\"url\":\"https:\\\/\\\/secure.gravatar.com\\\/avatar\\\/2b97231c0d0791a87ddfe33479c44c585a079f5c48341a53fcc3965ab7baf856?s=96&d=mm&r=g\",\"contentUrl\":\"https:\\\/\\\/secure.gravatar.com\\\/avatar\\\/2b97231c0d0791a87ddfe33479c44c585a079f5c48341a53fcc3965ab7baf856?s=96&d=mm&r=g\",\"caption\":\"Danae\"},\"url\":\"https:\\\/\\\/www.legobeletfrancais.fr\\\/blog\\\/author\\\/danae\\\/\"}]}<\/script>\n<!-- \/ Yoast SEO plugin. -->","yoast_head_json":{"title":"R\u00e9solutions RSE : comment int\u00e9grer l\u2019\u00e9coresponsabilit\u00e9 dans vos \u00e9v\u00e9nements - Le Gobelet Fran\u00e7ais Blog","robots":{"index":"index","follow":"follow","max-snippet":"max-snippet:-1","max-image-preview":"max-image-preview:large","max-video-preview":"max-video-preview:-1"},"canonical":"https:\/\/www.legobeletfrancais.fr\/blog\/resolutions-rse-comment-integrer-lecoresponsabilite-dans-vos-evenements\/","og_locale":"fr_FR","og_type":"article","og_title":"R\u00e9solutions RSE : comment int\u00e9grer l\u2019\u00e9coresponsabilit\u00e9 dans vos \u00e9v\u00e9nements - Le Gobelet Fran\u00e7ais Blog","og_description":"La responsabilit\u00e9 soci\u00e9tale des entreprises (RSE) impr\u00e8gne d\u00e9sormais tous les aspects de la strat\u00e9gie d\u2019entreprise, y compris l\u2019organisation de ses \u00e9v\u00e9nements. S\u00e9minaires, salons, conventions ou r\u00e9unions internes peuvent, et doivent, refl\u00e9ter les engagements durables de votre entreprise. L\u2019enjeu est de taille : un \u00e9v\u00e9nement professionnel de 5 000 personnes peut g\u00e9n\u00e9rer en moyenne 2,5 tonnes [&hellip;]","og_url":"https:\/\/www.legobeletfrancais.fr\/blog\/resolutions-rse-comment-integrer-lecoresponsabilite-dans-vos-evenements\/","og_site_name":"Le Gobelet Fran\u00e7ais Blog","article_published_time":"2026-01-05T09:41:05+00:00","article_modified_time":"2026-01-27T10:29:26+00:00","og_image":[{"width":750,"height":500,"url":"https:\/\/www.legobeletfrancais.fr\/blog\/wp-content\/uploads\/2025\/12\/Gobelets-personnalises-pour-tous-les-evenements.jpg","type":"image\/jpeg"}],"author":"Danae","twitter_card":"summary_large_image","twitter_misc":{"\u00c9crit par":"Danae","Dur\u00e9e de lecture estim\u00e9e":"14 minutes"},"schema":{"@context":"https:\/\/schema.org","@graph":[{"@type":"Article","@id":"https:\/\/www.legobeletfrancais.fr\/blog\/resolutions-rse-comment-integrer-lecoresponsabilite-dans-vos-evenements\/#article","isPartOf":{"@id":"https:\/\/www.legobeletfrancais.fr\/blog\/resolutions-rse-comment-integrer-lecoresponsabilite-dans-vos-evenements\/"},"author":{"name":"Danae","@id":"https:\/\/www.legobeletfrancais.fr\/blog\/#\/schema\/person\/e1b9137e6e34f7b77751fe88b51d1e30"},"headline":"R\u00e9solutions RSE : comment int\u00e9grer l\u2019\u00e9coresponsabilit\u00e9 dans vos \u00e9v\u00e9nements","datePublished":"2026-01-05T09:41:05+00:00","dateModified":"2026-01-27T10:29:26+00:00","mainEntityOfPage":{"@id":"https:\/\/www.legobeletfrancais.fr\/blog\/resolutions-rse-comment-integrer-lecoresponsabilite-dans-vos-evenements\/"},"wordCount":2890,"commentCount":0,"image":{"@id":"https:\/\/www.legobeletfrancais.fr\/blog\/resolutions-rse-comment-integrer-lecoresponsabilite-dans-vos-evenements\/#primaryimage"},"thumbnailUrl":"https:\/\/www.legobeletfrancais.fr\/blog\/wp-content\/uploads\/2025\/12\/Gobelets-personnalises-pour-tous-les-evenements.jpg","articleSection":["Ev\u00e9nements"],"inLanguage":"fr-FR","potentialAction":[{"@type":"CommentAction","name":"Comment","target":["https:\/\/www.legobeletfrancais.fr\/blog\/resolutions-rse-comment-integrer-lecoresponsabilite-dans-vos-evenements\/#respond"]}]},{"@type":"WebPage","@id":"https:\/\/www.legobeletfrancais.fr\/blog\/resolutions-rse-comment-integrer-lecoresponsabilite-dans-vos-evenements\/","url":"https:\/\/www.legobeletfrancais.fr\/blog\/resolutions-rse-comment-integrer-lecoresponsabilite-dans-vos-evenements\/","name":"R\u00e9solutions RSE : comment int\u00e9grer l\u2019\u00e9coresponsabilit\u00e9 dans vos \u00e9v\u00e9nements - Le Gobelet Fran\u00e7ais Blog","isPartOf":{"@id":"https:\/\/www.legobeletfrancais.fr\/blog\/#website"},"primaryImageOfPage":{"@id":"https:\/\/www.legobeletfrancais.fr\/blog\/resolutions-rse-comment-integrer-lecoresponsabilite-dans-vos-evenements\/#primaryimage"},"image":{"@id":"https:\/\/www.legobeletfrancais.fr\/blog\/resolutions-rse-comment-integrer-lecoresponsabilite-dans-vos-evenements\/#primaryimage"},"thumbnailUrl":"https:\/\/www.legobeletfrancais.fr\/blog\/wp-content\/uploads\/2025\/12\/Gobelets-personnalises-pour-tous-les-evenements.jpg","datePublished":"2026-01-05T09:41:05+00:00","dateModified":"2026-01-27T10:29:26+00:00","author":{"@id":"https:\/\/www.legobeletfrancais.fr\/blog\/#\/schema\/person\/e1b9137e6e34f7b77751fe88b51d1e30"},"breadcrumb":{"@id":"https:\/\/www.legobeletfrancais.fr\/blog\/resolutions-rse-comment-integrer-lecoresponsabilite-dans-vos-evenements\/#breadcrumb"},"inLanguage":"fr-FR","potentialAction":[{"@type":"ReadAction","target":["https:\/\/www.legobeletfrancais.fr\/blog\/resolutions-rse-comment-integrer-lecoresponsabilite-dans-vos-evenements\/"]}]},{"@type":"ImageObject","inLanguage":"fr-FR","@id":"https:\/\/www.legobeletfrancais.fr\/blog\/resolutions-rse-comment-integrer-lecoresponsabilite-dans-vos-evenements\/#primaryimage","url":"https:\/\/www.legobeletfrancais.fr\/blog\/wp-content\/uploads\/2025\/12\/Gobelets-personnalises-pour-tous-les-evenements.jpg","contentUrl":"https:\/\/www.legobeletfrancais.fr\/blog\/wp-content\/uploads\/2025\/12\/Gobelets-personnalises-pour-tous-les-evenements.jpg","width":750,"height":500,"caption":"Gobelets personnalis\u00e9s pour tous les \u00e9v\u00e9nements"},{"@type":"BreadcrumbList","@id":"https:\/\/www.legobeletfrancais.fr\/blog\/resolutions-rse-comment-integrer-lecoresponsabilite-dans-vos-evenements\/#breadcrumb","itemListElement":[{"@type":"ListItem","position":1,"name":"Accueil","item":"https:\/\/www.legobeletfrancais.fr\/blog\/"},{"@type":"ListItem","position":2,"name":"R\u00e9solutions RSE : comment int\u00e9grer l\u2019\u00e9coresponsabilit\u00e9 dans vos \u00e9v\u00e9nements"}]},{"@type":"WebSite","@id":"https:\/\/www.legobeletfrancais.fr\/blog\/#website","url":"https:\/\/www.legobeletfrancais.fr\/blog\/","name":"Le Gobelet Fran\u00e7ais Blog","description":"","potentialAction":[{"@type":"SearchAction","target":{"@type":"EntryPoint","urlTemplate":"https:\/\/www.legobeletfrancais.fr\/blog\/?s={search_term_string}"},"query-input":{"@type":"PropertyValueSpecification","valueRequired":true,"valueName":"search_term_string"}}],"inLanguage":"fr-FR"},{"@type":"Person","@id":"https:\/\/www.legobeletfrancais.fr\/blog\/#\/schema\/person\/e1b9137e6e34f7b77751fe88b51d1e30","name":"Danae","image":{"@type":"ImageObject","inLanguage":"fr-FR","@id":"https:\/\/secure.gravatar.com\/avatar\/2b97231c0d0791a87ddfe33479c44c585a079f5c48341a53fcc3965ab7baf856?s=96&d=mm&r=g","url":"https:\/\/secure.gravatar.com\/avatar\/2b97231c0d0791a87ddfe33479c44c585a079f5c48341a53fcc3965ab7baf856?s=96&d=mm&r=g","contentUrl":"https:\/\/secure.gravatar.com\/avatar\/2b97231c0d0791a87ddfe33479c44c585a079f5c48341a53fcc3965ab7baf856?s=96&d=mm&r=g","caption":"Danae"},"url":"https:\/\/www.legobeletfrancais.fr\/blog\/author\/danae\/"}]}},"_links":{"self":[{"href":"https:\/\/www.legobeletfrancais.fr\/blog\/wp-json\/wp\/v2\/posts\/1876","targetHints":{"allow":["GET"]}}],"collection":[{"href":"https:\/\/www.legobeletfrancais.fr\/blog\/wp-json\/wp\/v2\/posts"}],"about":[{"href":"https:\/\/www.legobeletfrancais.fr\/blog\/wp-json\/wp\/v2\/types\/post"}],"author":[{"embeddable":true,"href":"https:\/\/www.legobeletfrancais.fr\/blog\/wp-json\/wp\/v2\/users\/5"}],"replies":[{"embeddable":true,"href":"https:\/\/www.legobeletfrancais.fr\/blog\/wp-json\/wp\/v2\/comments?post=1876"}],"version-history":[{"count":6,"href":"https:\/\/www.legobeletfrancais.fr\/blog\/wp-json\/wp\/v2\/posts\/1876\/revisions"}],"predecessor-version":[{"id":2028,"href":"https:\/\/www.legobeletfrancais.fr\/blog\/wp-json\/wp\/v2\/posts\/1876\/revisions\/2028"}],"wp:featuredmedia":[{"embeddable":true,"href":"https:\/\/www.legobeletfrancais.fr\/blog\/wp-json\/wp\/v2\/media\/1888"}],"wp:attachment":[{"href":"https:\/\/www.legobeletfrancais.fr\/blog\/wp-json\/wp\/v2\/media?parent=1876"}],"wp:term":[{"taxonomy":"category","embeddable":true,"href":"https:\/\/www.legobeletfrancais.fr\/blog\/wp-json\/wp\/v2\/categories?post=1876"},{"taxonomy":"post_tag","embeddable":true,"href":"https:\/\/www.legobeletfrancais.fr\/blog\/wp-json\/wp\/v2\/tags?post=1876"}],"curies":[{"name":"wp","href":"https:\/\/api.w.org\/{rel}","templated":true}]}}