{"id":1823,"date":"2025-12-08T13:52:38","date_gmt":"2025-12-08T12:52:38","guid":{"rendered":"https:\/\/www.legobeletfrancais.fr\/blog\/?p=1823"},"modified":"2026-01-27T10:30:19","modified_gmt":"2026-01-27T09:30:19","slug":"organiser-un-reveillon-ecoresponsable-astuces-et-accessoires","status":"publish","type":"post","link":"https:\/\/www.legobeletfrancais.fr\/blog\/organiser-un-reveillon-ecoresponsable-astuces-et-accessoires\/","title":{"rendered":"Organiser un r\u00e9veillon \u00e9coresponsable : astuces et accessoires"},"content":{"rendered":"\n<h2 class=\"wp-block-heading\" style=\"font-size:clamp(16.293px, 1.018rem + ((1vw - 3.2px) * 0.68), 25px);\">Pourquoi adopter une d\u00e9marche \u00e9coresponsable pour le r\u00e9veillon ?<\/h2>\n\n\n\n<p>Les f\u00eates de fin d\u2019ann\u00e9e riment avec convivialit\u00e9, partage et&#8230; surplus de d\u00e9chets. En France, cette p\u00e9riode engendre environ 20% de d\u00e9chets suppl\u00e9mentaires par rapport au reste de l\u2019ann\u00e9e. Repas gargantuesques, vaisselle jetable, d\u00e9corations \u00e9ph\u00e9m\u00e8res : nos r\u00e9veillons ont un impact \u00e9cologique r\u00e9el. Par exemple, on estime qu\u2019environ 3 kg de nourriture par m\u00e9nage sont gaspill\u00e9s pendant les f\u00eates. Adopter un <strong>r\u00e9veillon \u00e9coresponsable<\/strong> permet de limiter ces exc\u00e8s tout en profitant pleinement de la f\u00eate. Bonne nouvelle, il existe de nombreuses id\u00e9es pour un r\u00e9veillon durable sans sacrifier la magie du moment : il suffit de quelques gestes simples et d\u2019accessoires r\u00e9utilisables tels que les gobelets personnalis\u00e9s propos\u00e9s par <strong><a href=\"https:\/\/www.legobeletfrancais.fr\/\">Le Gobelet Fran\u00e7ais<\/a><\/strong>, pour r\u00e9duire les d\u00e9chets tout en s\u2019amusant. Voici nos astuces pratiques pour une c\u00e9l\u00e9bration plus verte !<\/p>\n\n\n\n<h2 class=\"wp-block-heading\" style=\"font-size:clamp(16.293px, 1.018rem + ((1vw - 3.2px) * 0.68), 25px);\">Astuces pour un r\u00e9veillon durable<\/h2>\n\n\n\n<h3 class=\"wp-block-heading\" style=\"font-size:clamp(14px, 0.875rem + ((1vw - 3.2px) * 0.469), 20px);\">Opter pour de la vaisselle lavable ou compostable<\/h3>\n\n\n\n<div class=\"wp-block-media-text is-stacked-on-mobile is-image-fill-element\"><figure class=\"wp-block-media-text__media\"><img fetchpriority=\"high\" decoding=\"async\" width=\"683\" height=\"1024\" src=\"https:\/\/www.legobeletfrancais.fr\/blog\/wp-content\/uploads\/2025\/11\/Gobelets-personnalises-pour-le-reveillon-683x1024.jpg\" alt=\"Gobelets personnalis\u00e9s pour le r\u00e9veillon\" class=\"wp-image-1828 size-full\" style=\"object-position:50% 50%\" srcset=\"https:\/\/www.legobeletfrancais.fr\/blog\/wp-content\/uploads\/2025\/11\/Gobelets-personnalises-pour-le-reveillon-683x1024.jpg 683w, https:\/\/www.legobeletfrancais.fr\/blog\/wp-content\/uploads\/2025\/11\/Gobelets-personnalises-pour-le-reveillon-200x300.jpg 200w, https:\/\/www.legobeletfrancais.fr\/blog\/wp-content\/uploads\/2025\/11\/Gobelets-personnalises-pour-le-reveillon-768x1152.jpg 768w, https:\/\/www.legobeletfrancais.fr\/blog\/wp-content\/uploads\/2025\/11\/Gobelets-personnalises-pour-le-reveillon-1024x1536.jpg 1024w, https:\/\/www.legobeletfrancais.fr\/blog\/wp-content\/uploads\/2025\/11\/Gobelets-personnalises-pour-le-reveillon-1365x2048.jpg 1365w, https:\/\/www.legobeletfrancais.fr\/blog\/wp-content\/uploads\/2025\/11\/Gobelets-personnalises-pour-le-reveillon-scaled.jpg 1707w\" sizes=\"(max-width: 683px) 100vw, 683px\" \/><\/figure><div class=\"wp-block-media-text__content\">\n<p>Fini les assiettes et gobelets jetables ! Si possible, choisissez de la vaisselle r\u00e9utilisable (m\u00eame d\u00e9pareill\u00e9e, cela donne du charme). En cas de grande tabl\u00e9e sans assez de couverts, envisagez la location ou l\u2019emprunt de vaisselle suppl\u00e9mentaire. <\/p>\n\n\n\n<p>En dernier recours, choisissez de la vaisselle jetable <strong>biod\u00e9gradable et compostable<\/strong> (en carton non blanchi, en bambou, en palmier, etc.). N\u2019oubliez pas : m\u00eame la vaisselle compostable finit \u00e0 la poubelle si elle n\u2019est pas valoris\u00e9e, donc pensez \u00e0 la composter si vous en avez la possibilit\u00e9.<\/p>\n<\/div><\/div>\n\n\n\n<h3 class=\"wp-block-heading\" style=\"font-size:clamp(14px, 0.875rem + ((1vw - 3.2px) * 0.469), 20px);\">Pr\u00e9parer une d\u00e9coration naturelle ou de r\u00e9cup\u00e9ration<\/h3>\n\n\n\n<p>Pour une d\u00e9co de f\u00eate z\u00e9ro d\u00e9chet, misez sur le DIY et la r\u00e9cup\u00e9ration ! Recyclez les <strong>d\u00e9corations de No\u00ebl<\/strong> que vous avez d\u00e9j\u00e0 pour habiller votre table du r\u00e9veillon. Une guirlande lumineuse, quelques boules ou rubans peuvent resservir pour le Nouvel An. La nature offre aussi de superbes \u00e9l\u00e9ments de d\u00e9coration gratuits : pommes de pin, branchages, feuilles s\u00e9ch\u00e9es ou agrumes s\u00e9ch\u00e9s font de jolis centres de table 100% biod\u00e9gradables. Vous pouvez par exemple disposer des pommes de pin et des tranches d\u2019orange s\u00e9ch\u00e9es en chemin de table pour une ambiance chaleureuse. \u00c9vitez enfin tout ce qui est paillettes et confettis en plastique, extr\u00eamement polluants (leur vente est d\u2019ailleurs interdite dans l\u2019UE depuis 2023). \u00c0 la place, fabriquez des confettis naturels en d\u00e9coupant des feuilles mortes ou en utilisant des p\u00e9tales de fleurs s\u00e9ch\u00e9es, effet festif garanti sans microplastiques !<\/p>\n\n\n\n<h3 class=\"wp-block-heading\" style=\"font-size:clamp(14px, 0.875rem + ((1vw - 3.2px) * 0.469), 20px);\">Pr\u00e9parer un repas fait maison et anti-gaspi<\/h3>\n\n\n\n<p>Cuisiner <strong>soi-m\u00eame<\/strong> son menu de r\u00e9veillon est non seulement plus convivial, mais aussi <strong>plus \u00e9cologique. <\/strong>Vous \u00e9vitez les emballages superflus des plats pr\u00e9par\u00e9s et ma\u00eetrisez les quantit\u00e9s pour limiter le gaspillage alimentaire. Planifiez votre menu en fonction du nombre d\u2019invit\u00e9s et n\u2019h\u00e9sitez pas \u00e0 demander \u00e0 chacun d\u2019apporter un plat (type auberge espagnole) pour partager la charge. Servez de petites portions pour que chacun se resserve selon son app\u00e9tit, et pr\u00e9voyez des contenants pour distribuer ou conserver les restes. Rappelez-vous qu\u2019une \u00e9norme partie des mets non consomm\u00e9s finit \u00e0 la poubelle lors des f\u00eates, alors mieux vaut en faire un peu moins que trop ! Pensez aussi aux alternatives v\u00e9g\u00e9tariennes ou aux produits de saison pour un <strong>repas plus durable<\/strong> : par exemple, un menu avec des l\u00e9gumes d\u2019hiver locaux, ou des l\u00e9gumineuses festives, sera tout aussi d\u00e9licieux et bien plus responsable.<\/p>\n\n\n\n<h3 class=\"wp-block-heading\" style=\"font-size:clamp(14px, 0.875rem + ((1vw - 3.2px) * 0.469), 20px);\">Privil\u00e9gier les achats locaux et de saison<\/h3>\n\n\n\n<p>Aller chez les commer\u00e7ants de quartier, au march\u00e9 de producteurs ou directement \u00e0 la ferme permet de r\u00e9duire le transport (donc l\u2019empreinte carbone) et de soutenir l\u2019\u00e9conomie locale. En outre, les produits locaux sont souvent plus frais et n\u00e9cessitent moins d\u2019emballages. L\u2019Agence de la transition \u00e9cologique (ADEME) conseille d\u2019opter pour des aliments de saison et de proximit\u00e9 pour limiter l\u2019impact des repas de f\u00eate. Par exemple, pourquoi ne pas servir un p\u00e9tillant de cidre local \u00e0 la place du champagne import\u00e9, ou un menu mettant \u00e0 l\u2019honneur les sp\u00e9cialit\u00e9s r\u00e9gionales ? Un <strong>r\u00e9veillon durable<\/strong> passe aussi par le contenu de l\u2019assiette : moins d\u2019avion pour acheminer l\u2019ananas ou le saumon fum\u00e9, plus de saveurs locales sur la table !<\/p>\n\n\n\n<h3 class=\"wp-block-heading\" style=\"font-size:clamp(14px, 0.875rem + ((1vw - 3.2px) * 0.469), 20px);\">Bien g\u00e9rer le tri des d\u00e9chets<\/h3>\n\n\n\n<p>Anticipez la fin de soir\u00e9e en organisant le <strong>tri s\u00e9lectif<\/strong> de vos d\u00e9chets. Disposez \u00e0 l\u2019avance plusieurs poubelles ou sacs distincts et identifiables : un pour les emballages recyclables (bouteilles en verre, cartons, canettes\u2026), un pour les d\u00e9chets compostables (\u00e9pluchures, restes de repas si vous avez un composteur) et un pour les ordures non recyclables. Encouragez vos invit\u00e9s \u00e0 trier au fur et \u00e0 mesure en facilitant l\u2019acc\u00e8s aux contenants de tri. Par exemple, placez la poubelle \u00e0 recyclables bien en vue \u00e0 c\u00f4t\u00e9 de l\u2019endroit o\u00f9 seront ouvertes les bouteilles. En fin de soir\u00e9e ou le lendemain, v\u00e9rifiez le tri et d\u00e9posez chaque sac au bon conteneur de collecte. <strong>Astuce<\/strong> : pensez aux solutions de recyclage sp\u00e9cifiques pour certains d\u00e9chets de f\u00eate, comme la collecte des bouchons en li\u00e8ge, ou le recyclage des bouteilles en verre consign\u00e9es si cela existe pr\u00e8s de chez vous. Une bonne gestion du tri vous permettra de limiter l\u2019impact du r\u00e9veillon en assurant que le maximum de d\u00e9chets partira vers le recyclage plut\u00f4t qu\u2019\u00e0 l\u2019enfouissement ou l\u2019incin\u00e9ration.<\/p>\n\n\n\n<h2 class=\"wp-block-heading\" style=\"font-size:clamp(16.293px, 1.018rem + ((1vw - 3.2px) * 0.68), 25px);\">Accessoires indispensables pour une f\u00eate z\u00e9ro d\u00e9chet<\/h2>\n\n\n\n<p>Une fois les bonnes pratiques adopt\u00e9es, il est temps de s\u2019\u00e9quiper ! Voici quelques <strong>accessoires r\u00e9utilisables<\/strong> et malins \u00e0 adopter pour r\u00e9ussir une <strong>f\u00eate z\u00e9ro d\u00e9chet<\/strong> et styl\u00e9e :<\/p>\n\n\n\n<h3 class=\"wp-block-heading\" style=\"font-size:clamp(14px, 0.875rem + ((1vw - 3.2px) * 0.469), 20px);\">Gobelets personnalis\u00e9s r\u00e9utilisables<\/h3>\n\n\n\n<div class=\"wp-block-media-text has-media-on-the-right is-stacked-on-mobile is-image-fill-element\"><div class=\"wp-block-media-text__content\">\n<p>Plut\u00f4t que d\u2019acheter des verres en plastique jetables, investissez dans des gobelets r\u00e9utilisables tels que les <strong>gobelets personnalis\u00e9s<\/strong> de chez <strong>Le Gobelet Fran\u00e7ais<\/strong> ! En plus d\u2019\u00eatre \u00e9cologiques, ils apportent une touche personnalis\u00e9e tr\u00e8s sympa : couleurs, motifs, texte\u2026 \u00e0 vous de cr\u00e9er un design assorti au th\u00e8me du r\u00e9veillon (ou m\u00eame un message humoristique pour la nouvelle ann\u00e9e). Vos invit\u00e9s auront ainsi un contenant nominatif pour la soir\u00e9e, ce qui \u00e9vite de multiplier les verres inutiles. Bonus : plus de gobelets oubli\u00e9s un peu partout ou \u00e9cras\u00e9s par terre, et z\u00e9ro d\u00e9chet plastique \u00e0 la fin de la nuit !<\/p>\n<\/div><figure class=\"wp-block-media-text__media\"><img decoding=\"async\" width=\"683\" height=\"1024\" src=\"https:\/\/www.legobeletfrancais.fr\/blog\/wp-content\/uploads\/2025\/11\/Gobelets-personnalises-et-reutilisables-pour-le-reveillon-683x1024.jpg\" alt=\"Gobelets personnalis\u00e9s et r\u00e9utilisables pour le reveillon\" class=\"wp-image-1829 size-full\" style=\"object-position:50% 50%\" srcset=\"https:\/\/www.legobeletfrancais.fr\/blog\/wp-content\/uploads\/2025\/11\/Gobelets-personnalises-et-reutilisables-pour-le-reveillon-683x1024.jpg 683w, https:\/\/www.legobeletfrancais.fr\/blog\/wp-content\/uploads\/2025\/11\/Gobelets-personnalises-et-reutilisables-pour-le-reveillon-200x300.jpg 200w, https:\/\/www.legobeletfrancais.fr\/blog\/wp-content\/uploads\/2025\/11\/Gobelets-personnalises-et-reutilisables-pour-le-reveillon-768x1152.jpg 768w, https:\/\/www.legobeletfrancais.fr\/blog\/wp-content\/uploads\/2025\/11\/Gobelets-personnalises-et-reutilisables-pour-le-reveillon-1024x1536.jpg 1024w, https:\/\/www.legobeletfrancais.fr\/blog\/wp-content\/uploads\/2025\/11\/Gobelets-personnalises-et-reutilisables-pour-le-reveillon-1365x2048.jpg 1365w, https:\/\/www.legobeletfrancais.fr\/blog\/wp-content\/uploads\/2025\/11\/Gobelets-personnalises-et-reutilisables-pour-le-reveillon-scaled.jpg 1707w\" sizes=\"(max-width: 683px) 100vw, 683px\" \/><\/figure><\/div>\n\n\n\n<h3 class=\"wp-block-heading\" style=\"font-size:clamp(14px, 0.875rem + ((1vw - 3.2px) * 0.469), 20px);\">Nappes et serviettes en tissu<\/h3>\n\n\n\n<p>Bannissez les nappes en papier et serviettes jetables qui remplissent les poubelles en un repas. Sortez vos plus belles <strong>nappes en tissu<\/strong> et vos serviettes en coton lavables. Non seulement c\u2019est bien plus \u00e9l\u00e9gant sur la table, mais c\u2019est aussi durable. Vous n\u2019en avez pas assez chez vous ? Demandez \u00e0 vos proches d\u2019en apporter ou faites un tour en ressourcerie\/Friperie : on y trouve souvent du linge de table r\u00e9tro \u00e0 des prix abordables. M\u00eame une ancienne nappe unie peut \u00eatre d\u00e9cor\u00e9e avec un ruban ou quelques accessoires pour coller \u00e0 la f\u00eate. Apr\u00e8s usage, hop, un tour en machine et ces nappes et serviettes ressortiront pr\u00eates pour la prochaine occasion. Fini les kilos de papiers jet\u00e9s, place au chic r\u00e9utilisable !<\/p>\n\n\n\n<h3 class=\"wp-block-heading\" style=\"font-size:clamp(14px, 0.875rem + ((1vw - 3.2px) * 0.469), 20px);\">Bocaux en verre et contenants r\u00e9utilisables<\/h3>\n\n\n\n<p>Les <strong>bocaux<\/strong> sont les alli\u00e9s insoup\u00e7onn\u00e9s des f\u00eates \u00e9coresponsables. R\u00e9cup\u00e9rez vos pots en verre (confiture, conserve\u2026) et d\u00e9tournez-les pour la soir\u00e9e : ils peuvent servir de verres \u00e0 cocktail originaux, de photophores pour mettre des bougies, de vases pour des fleurs s\u00e9ch\u00e9es, ou de jolis contenants pour pr\u00e9senter des bonbons, biscuits ap\u00e9ritifs et autres gourmandises. Pensez \u00e9galement aux bo\u00eetes alimentaires r\u00e9utilisables pour stocker les restes du repas ou permettre aux invit\u00e9s de repartir avec un doggy bag. Chaque emballage \u00e9vit\u00e9 est un d\u00e9chet en moins : remplacer les bols en plastique par de jolis bocaux en verre donnera en plus un charme vintage \u00e0 votre d\u00e9co de table.<\/p>\n\n\n\n<h3 class=\"wp-block-heading\" style=\"font-size:clamp(14px, 0.875rem + ((1vw - 3.2px) * 0.469), 20px);\">Bougies durables et \u00e9clairage \u00e9colo<\/h3>\n\n\n\n<p>Pour l\u2019ambiance, optez pour des <strong>bougies \u00e9cologiques<\/strong> plut\u00f4t que les traditionnelles bougies chauffe-plat jetables. Par exemple, choisissez des bougies en cire d\u2019abeille ou en cire de soja, qui sont naturelles, non toxiques et durent longtemps. Elles d\u00e9gagent une lumi\u00e8re chaude sans polluer votre int\u00e9rieur. Vous pouvez aussi utiliser des bougies rechargeables dans des photophores en verre, ou des lampions solaires\/LED r\u00e9utilisables si la f\u00eate se prolonge \u00e0 l\u2019ext\u00e9rieur. L\u2019id\u00e9e est de bannir les accessoires \u00e0 usage unique : une belle bougie dans un contenant en verre remplacera avantageusement des dizaines de petites bougies jetables. En prime, ces \u00e9clairages durables ajoutent une <strong>touche cosy et respectueuse de l\u2019environnement \u00e0 votre r\u00e9veillon.<\/strong><\/p>\n\n\n\n<h3 class=\"wp-block-heading\" style=\"font-size:clamp(14px, 0.875rem + ((1vw - 3.2px) * 0.469), 20px);\">Autres objets r\u00e9utilisables pratiques<\/h3>\n\n\n\n<p>Pensez enfin \u00e0 tous ces petits d\u00e9tails qui peuvent faire la diff\u00e9rence. Par exemple, utilisez de la vaisselle en <strong>inox ou en bois<\/strong> pour le service (couverts, plateaux) au lieu de plastique. Pr\u00e9voyez des <strong>pichets<\/strong> ou carafes pour servir l\u2019eau et les boissons maison, plut\u00f4t que des bouteilles individuelles en plastique. Pour le dress code, pourquoi ne pas ressortir une tenue que vous adorez d\u00e9j\u00e0 au lieu d\u2019en acheter une neuve sp\u00e9cialement ? Chaque geste compte pour une f\u00eate plus responsable. Avec ces accessoires et r\u00e9flexes, votre <strong>f\u00eate z\u00e9ro d\u00e9chet<\/strong> sera aussi belle que respectueuse de la plan\u00e8te !<\/p>\n\n\n\n<h2 class=\"wp-block-heading\" style=\"font-size:clamp(16.293px, 1.018rem + ((1vw - 3.2px) * 0.68), 25px);\">Gobelets personnalis\u00e9s : trinquer avec style et sans d\u00e9chets<\/h2>\n\n\n\n<p>Focus sur un incontournable du r\u00e9veillon durable : le <strong>gobelet personnalis\u00e9 r\u00e9utilisable<\/strong>. C\u2019est l\u2019accessoire vedette pour trinquer \u00e0 minuit tout en \u00e9vitant les d\u00e9chets. En optant pour des ecocups r\u00e9utilisables, vous <strong>oubliez les verres jetables<\/strong> d\u2019un soir au profit d\u2019un contenant que vous pourrez garder des ann\u00e9es. Ces gobelets en plastique rigide (polypropyl\u00e8ne sans BPA, le plus souvent) sont <strong>ultra-durables<\/strong> : pas de risque qu\u2019ils se cassent en cours de soir\u00e9e, ni de retrouver des \u00e9clats de verre \u00e0 ramasser le lendemain. Ils passent au lave-vaisselle sans souci et peuvent \u00eatre utilis\u00e9s des dizaines de fois. Niveau contenance, on trouve diff\u00e9rentes tailles (25 cl est un format courant passe-partout) pour s\u2019adapter \u00e0 toutes les boissons, du soft au cocktail.<\/p>\n\n\n\n<div class=\"wp-block-media-text is-stacked-on-mobile is-image-fill-element\"><figure class=\"wp-block-media-text__media\"><img decoding=\"async\" width=\"683\" height=\"1024\" src=\"https:\/\/www.legobeletfrancais.fr\/blog\/wp-content\/uploads\/2025\/11\/Gobelets-personnalises-pour-trinquer-avec-style-sans-dechets-683x1024.jpg\" alt=\"Gobelets personnalis\u00e9s pour trinquer avec style sans d\u00e9chets\" class=\"wp-image-1830 size-full\" style=\"object-position:50% 50%\" srcset=\"https:\/\/www.legobeletfrancais.fr\/blog\/wp-content\/uploads\/2025\/11\/Gobelets-personnalises-pour-trinquer-avec-style-sans-dechets-683x1024.jpg 683w, https:\/\/www.legobeletfrancais.fr\/blog\/wp-content\/uploads\/2025\/11\/Gobelets-personnalises-pour-trinquer-avec-style-sans-dechets-200x300.jpg 200w, https:\/\/www.legobeletfrancais.fr\/blog\/wp-content\/uploads\/2025\/11\/Gobelets-personnalises-pour-trinquer-avec-style-sans-dechets-768x1152.jpg 768w, https:\/\/www.legobeletfrancais.fr\/blog\/wp-content\/uploads\/2025\/11\/Gobelets-personnalises-pour-trinquer-avec-style-sans-dechets-1024x1536.jpg 1024w, https:\/\/www.legobeletfrancais.fr\/blog\/wp-content\/uploads\/2025\/11\/Gobelets-personnalises-pour-trinquer-avec-style-sans-dechets-1365x2048.jpg 1365w, https:\/\/www.legobeletfrancais.fr\/blog\/wp-content\/uploads\/2025\/11\/Gobelets-personnalises-pour-trinquer-avec-style-sans-dechets-scaled.jpg 1707w\" sizes=\"(max-width: 683px) 100vw, 683px\" \/><\/figure><div class=\"wp-block-media-text__content\">\n<p>L\u2019autre atout majeur, c\u2019est le c\u00f4t\u00e9 <strong>personnalisable et esth\u00e9tique<\/strong>. Vous pouvez faire imprimer sur ces gobelets le texte ou le visuel de votre choix : le nom de l\u2019\u00e9v\u00e9nement, une illustration festive, une citation dr\u00f4le, ou simplement de jolis motifs en harmonie avec votre th\u00e8me. Cela apporte une touche unique \u00e0 votre table et fera sourire vos invit\u00e9s. Chacun peut repartir avec son gobelet en souvenir de la soir\u00e9e, un cadeau original et utile, plut\u00f4t que des babioles jetables. De plus, de nombreux fabricants proposent des gobelets personnalis\u00e9s <strong>fabriqu\u00e9s en France<\/strong>, ce qui r\u00e9duit l\u2019empreinte carbone et soutient le savoir-faire local. En choisissant ces <strong>gobelets personnalis\u00e9s<\/strong> made in France, vous cochez toutes les cases : moins de d\u00e9chets, plus de style, et une d\u00e9marche \u00e9thique jusqu\u2019au bout des doigts !<\/p>\n<\/div><\/div>\n\n\n\n<p>Enfin, les gobelets r\u00e9utilisables s\u2019inscrivent dans une tendance d\u00e9j\u00e0 adopt\u00e9e par les festivals, les <strong><a href=\"https:\/\/www.legobeletfrancais.fr\/mariage\">mariages<\/a><\/strong> et les <strong><a href=\"https:\/\/www.legobeletfrancais.fr\/anniversaire\">anniversaires<\/a> <\/strong>\u00e9coresponsables. Il \u00e9tait temps de les inviter aussi au r\u00e9veillon du Nouvel An. Alors n\u2019h\u00e9sitez pas \u00e0 craquer pour ces gobelets nouvelle g\u00e9n\u00e9ration : vos toasts de minuit n\u2019en auront que plus de saveur, avec la satisfaction de lever un verre <strong>sans d\u00e9chet<\/strong> et avec beaucoup de style.<\/p>\n\n\n\n<h2 class=\"wp-block-heading\" style=\"font-size:clamp(16.293px, 1.018rem + ((1vw - 3.2px) * 0.68), 25px);\">Conclusion<\/h2>\n\n\n\n<p>Organiser un <strong>r\u00e9veillon \u00e9coresponsable<\/strong> est \u00e0 la port\u00e9e de tous avec un peu d\u2019anticipation et de cr\u00e9ativit\u00e9. En r\u00e9sum\u00e9, privil\u00e9giez ce qui se r\u00e9utilise ou se recycle, du contenu de l\u2019assiette jusqu\u2019aux d\u00e9corations. Les quelques astuces et accessoires pr\u00e9sent\u00e9s, de la vaisselle durable aux <strong>gobelets personnalis\u00e9s<\/strong>, en passant par la d\u00e9co nature, vous aideront \u00e0 r\u00e9duire significativement les d\u00e9chets tout en impressionnant vos convives. <strong>Pr\u00e9parer une f\u00eate conviviale et respectueuse de l\u2019environnement, c\u2019est possible<\/strong>, et cela rendra votre r\u00e9veillon encore plus m\u00e9morable ! Il ne vous reste plus qu\u2019\u00e0 appliquer ces conseils et \u00e0 profiter pleinement de votre soir\u00e9e z\u00e9ro d\u00e9chet. Tr\u00e8s bon r\u00e9veillon durable \u00e0 tous ! \ud83c\udf89<\/p>\n\n\n\n<p><\/p>\n\n\n\n<p><\/p>\n","protected":false},"excerpt":{"rendered":"<p>Pourquoi adopter une d\u00e9marche \u00e9coresponsable pour le r\u00e9veillon ? Les f\u00eates de fin d\u2019ann\u00e9e riment avec convivialit\u00e9, partage et&#8230; surplus de d\u00e9chets. En France, cette p\u00e9riode engendre environ 20% de d\u00e9chets suppl\u00e9mentaires par rapport au reste de l\u2019ann\u00e9e. Repas gargantuesques, vaisselle jetable, d\u00e9corations \u00e9ph\u00e9m\u00e8res : nos r\u00e9veillons ont un impact \u00e9cologique r\u00e9el. Par exemple, on [&hellip;]<\/p>\n","protected":false},"author":5,"featured_media":1824,"comment_status":"open","ping_status":"open","sticky":false,"template":"","format":"standard","meta":{"footnotes":""},"categories":[1],"tags":[],"class_list":["post-1823","post","type-post","status-publish","format-standard","has-post-thumbnail","hentry","category-divers"],"blocksy_meta":[],"yoast_head":"<!-- This site is optimized with the Yoast SEO plugin v27.4 - https:\/\/yoast.com\/product\/yoast-seo-wordpress\/ -->\n<title>Organiser un r\u00e9veillon \u00e9coresponsable : astuces et accessoires - Le Gobelet Fran\u00e7ais Blog<\/title>\n<meta name=\"robots\" content=\"index, follow, max-snippet:-1, max-image-preview:large, max-video-preview:-1\" \/>\n<link rel=\"canonical\" href=\"https:\/\/www.legobeletfrancais.fr\/blog\/organiser-un-reveillon-ecoresponsable-astuces-et-accessoires\/\" \/>\n<meta property=\"og:locale\" content=\"fr_FR\" \/>\n<meta property=\"og:type\" content=\"article\" \/>\n<meta property=\"og:title\" content=\"Organiser un r\u00e9veillon \u00e9coresponsable : astuces et accessoires - Le Gobelet Fran\u00e7ais Blog\" \/>\n<meta property=\"og:description\" content=\"Pourquoi adopter une d\u00e9marche \u00e9coresponsable pour le r\u00e9veillon ? Les f\u00eates de fin d\u2019ann\u00e9e riment avec convivialit\u00e9, partage et&#8230; surplus de d\u00e9chets. En France, cette p\u00e9riode engendre environ 20% de d\u00e9chets suppl\u00e9mentaires par rapport au reste de l\u2019ann\u00e9e. Repas gargantuesques, vaisselle jetable, d\u00e9corations \u00e9ph\u00e9m\u00e8res : nos r\u00e9veillons ont un impact \u00e9cologique r\u00e9el. Par exemple, on [&hellip;]\" \/>\n<meta property=\"og:url\" content=\"https:\/\/www.legobeletfrancais.fr\/blog\/organiser-un-reveillon-ecoresponsable-astuces-et-accessoires\/\" \/>\n<meta property=\"og:site_name\" content=\"Le Gobelet Fran\u00e7ais Blog\" \/>\n<meta property=\"article:published_time\" content=\"2025-12-08T12:52:38+00:00\" \/>\n<meta property=\"article:modified_time\" content=\"2026-01-27T09:30:19+00:00\" \/>\n<meta property=\"og:image\" content=\"https:\/\/www.legobeletfrancais.fr\/blog\/wp-content\/uploads\/2025\/11\/Accessoires-pour-un-reveillon-ecoresponsable.jpg\" \/>\n\t<meta property=\"og:image:width\" content=\"750\" \/>\n\t<meta property=\"og:image:height\" content=\"500\" \/>\n\t<meta property=\"og:image:type\" content=\"image\/jpeg\" \/>\n<meta name=\"author\" content=\"Danae\" \/>\n<meta name=\"twitter:card\" content=\"summary_large_image\" \/>\n<meta name=\"twitter:label1\" content=\"\u00c9crit par\" \/>\n\t<meta name=\"twitter:data1\" content=\"Danae\" \/>\n\t<meta name=\"twitter:label2\" content=\"Dur\u00e9e de lecture estim\u00e9e\" \/>\n\t<meta name=\"twitter:data2\" content=\"11 minutes\" \/>\n<script type=\"application\/ld+json\" class=\"yoast-schema-graph\">{\"@context\":\"https:\\\/\\\/schema.org\",\"@graph\":[{\"@type\":\"Article\",\"@id\":\"https:\\\/\\\/www.legobeletfrancais.fr\\\/blog\\\/organiser-un-reveillon-ecoresponsable-astuces-et-accessoires\\\/#article\",\"isPartOf\":{\"@id\":\"https:\\\/\\\/www.legobeletfrancais.fr\\\/blog\\\/organiser-un-reveillon-ecoresponsable-astuces-et-accessoires\\\/\"},\"author\":{\"name\":\"Danae\",\"@id\":\"https:\\\/\\\/www.legobeletfrancais.fr\\\/blog\\\/#\\\/schema\\\/person\\\/e1b9137e6e34f7b77751fe88b51d1e30\"},\"headline\":\"Organiser un r\u00e9veillon \u00e9coresponsable : astuces et accessoires\",\"datePublished\":\"2025-12-08T12:52:38+00:00\",\"dateModified\":\"2026-01-27T09:30:19+00:00\",\"mainEntityOfPage\":{\"@id\":\"https:\\\/\\\/www.legobeletfrancais.fr\\\/blog\\\/organiser-un-reveillon-ecoresponsable-astuces-et-accessoires\\\/\"},\"wordCount\":2118,\"commentCount\":0,\"image\":{\"@id\":\"https:\\\/\\\/www.legobeletfrancais.fr\\\/blog\\\/organiser-un-reveillon-ecoresponsable-astuces-et-accessoires\\\/#primaryimage\"},\"thumbnailUrl\":\"https:\\\/\\\/www.legobeletfrancais.fr\\\/blog\\\/wp-content\\\/uploads\\\/2025\\\/11\\\/Accessoires-pour-un-reveillon-ecoresponsable.jpg\",\"articleSection\":[\"Divers\"],\"inLanguage\":\"fr-FR\",\"potentialAction\":[{\"@type\":\"CommentAction\",\"name\":\"Comment\",\"target\":[\"https:\\\/\\\/www.legobeletfrancais.fr\\\/blog\\\/organiser-un-reveillon-ecoresponsable-astuces-et-accessoires\\\/#respond\"]}]},{\"@type\":\"WebPage\",\"@id\":\"https:\\\/\\\/www.legobeletfrancais.fr\\\/blog\\\/organiser-un-reveillon-ecoresponsable-astuces-et-accessoires\\\/\",\"url\":\"https:\\\/\\\/www.legobeletfrancais.fr\\\/blog\\\/organiser-un-reveillon-ecoresponsable-astuces-et-accessoires\\\/\",\"name\":\"Organiser un r\u00e9veillon \u00e9coresponsable : astuces et accessoires - Le Gobelet Fran\u00e7ais Blog\",\"isPartOf\":{\"@id\":\"https:\\\/\\\/www.legobeletfrancais.fr\\\/blog\\\/#website\"},\"primaryImageOfPage\":{\"@id\":\"https:\\\/\\\/www.legobeletfrancais.fr\\\/blog\\\/organiser-un-reveillon-ecoresponsable-astuces-et-accessoires\\\/#primaryimage\"},\"image\":{\"@id\":\"https:\\\/\\\/www.legobeletfrancais.fr\\\/blog\\\/organiser-un-reveillon-ecoresponsable-astuces-et-accessoires\\\/#primaryimage\"},\"thumbnailUrl\":\"https:\\\/\\\/www.legobeletfrancais.fr\\\/blog\\\/wp-content\\\/uploads\\\/2025\\\/11\\\/Accessoires-pour-un-reveillon-ecoresponsable.jpg\",\"datePublished\":\"2025-12-08T12:52:38+00:00\",\"dateModified\":\"2026-01-27T09:30:19+00:00\",\"author\":{\"@id\":\"https:\\\/\\\/www.legobeletfrancais.fr\\\/blog\\\/#\\\/schema\\\/person\\\/e1b9137e6e34f7b77751fe88b51d1e30\"},\"breadcrumb\":{\"@id\":\"https:\\\/\\\/www.legobeletfrancais.fr\\\/blog\\\/organiser-un-reveillon-ecoresponsable-astuces-et-accessoires\\\/#breadcrumb\"},\"inLanguage\":\"fr-FR\",\"potentialAction\":[{\"@type\":\"ReadAction\",\"target\":[\"https:\\\/\\\/www.legobeletfrancais.fr\\\/blog\\\/organiser-un-reveillon-ecoresponsable-astuces-et-accessoires\\\/\"]}]},{\"@type\":\"ImageObject\",\"inLanguage\":\"fr-FR\",\"@id\":\"https:\\\/\\\/www.legobeletfrancais.fr\\\/blog\\\/organiser-un-reveillon-ecoresponsable-astuces-et-accessoires\\\/#primaryimage\",\"url\":\"https:\\\/\\\/www.legobeletfrancais.fr\\\/blog\\\/wp-content\\\/uploads\\\/2025\\\/11\\\/Accessoires-pour-un-reveillon-ecoresponsable.jpg\",\"contentUrl\":\"https:\\\/\\\/www.legobeletfrancais.fr\\\/blog\\\/wp-content\\\/uploads\\\/2025\\\/11\\\/Accessoires-pour-un-reveillon-ecoresponsable.jpg\",\"width\":750,\"height\":500,\"caption\":\"Accessoires pour un r\u00e9veillon \u00e9coresponsable\"},{\"@type\":\"BreadcrumbList\",\"@id\":\"https:\\\/\\\/www.legobeletfrancais.fr\\\/blog\\\/organiser-un-reveillon-ecoresponsable-astuces-et-accessoires\\\/#breadcrumb\",\"itemListElement\":[{\"@type\":\"ListItem\",\"position\":1,\"name\":\"Accueil\",\"item\":\"https:\\\/\\\/www.legobeletfrancais.fr\\\/blog\\\/\"},{\"@type\":\"ListItem\",\"position\":2,\"name\":\"Organiser un r\u00e9veillon \u00e9coresponsable : astuces et accessoires\"}]},{\"@type\":\"WebSite\",\"@id\":\"https:\\\/\\\/www.legobeletfrancais.fr\\\/blog\\\/#website\",\"url\":\"https:\\\/\\\/www.legobeletfrancais.fr\\\/blog\\\/\",\"name\":\"Le Gobelet Fran\u00e7ais Blog\",\"description\":\"\",\"potentialAction\":[{\"@type\":\"SearchAction\",\"target\":{\"@type\":\"EntryPoint\",\"urlTemplate\":\"https:\\\/\\\/www.legobeletfrancais.fr\\\/blog\\\/?s={search_term_string}\"},\"query-input\":{\"@type\":\"PropertyValueSpecification\",\"valueRequired\":true,\"valueName\":\"search_term_string\"}}],\"inLanguage\":\"fr-FR\"},{\"@type\":\"Person\",\"@id\":\"https:\\\/\\\/www.legobeletfrancais.fr\\\/blog\\\/#\\\/schema\\\/person\\\/e1b9137e6e34f7b77751fe88b51d1e30\",\"name\":\"Danae\",\"image\":{\"@type\":\"ImageObject\",\"inLanguage\":\"fr-FR\",\"@id\":\"https:\\\/\\\/secure.gravatar.com\\\/avatar\\\/2b97231c0d0791a87ddfe33479c44c585a079f5c48341a53fcc3965ab7baf856?s=96&d=mm&r=g\",\"url\":\"https:\\\/\\\/secure.gravatar.com\\\/avatar\\\/2b97231c0d0791a87ddfe33479c44c585a079f5c48341a53fcc3965ab7baf856?s=96&d=mm&r=g\",\"contentUrl\":\"https:\\\/\\\/secure.gravatar.com\\\/avatar\\\/2b97231c0d0791a87ddfe33479c44c585a079f5c48341a53fcc3965ab7baf856?s=96&d=mm&r=g\",\"caption\":\"Danae\"},\"url\":\"https:\\\/\\\/www.legobeletfrancais.fr\\\/blog\\\/author\\\/danae\\\/\"}]}<\/script>\n<!-- \/ Yoast SEO plugin. -->","yoast_head_json":{"title":"Organiser un r\u00e9veillon \u00e9coresponsable : astuces et accessoires - Le Gobelet Fran\u00e7ais Blog","robots":{"index":"index","follow":"follow","max-snippet":"max-snippet:-1","max-image-preview":"max-image-preview:large","max-video-preview":"max-video-preview:-1"},"canonical":"https:\/\/www.legobeletfrancais.fr\/blog\/organiser-un-reveillon-ecoresponsable-astuces-et-accessoires\/","og_locale":"fr_FR","og_type":"article","og_title":"Organiser un r\u00e9veillon \u00e9coresponsable : astuces et accessoires - Le Gobelet Fran\u00e7ais Blog","og_description":"Pourquoi adopter une d\u00e9marche \u00e9coresponsable pour le r\u00e9veillon ? Les f\u00eates de fin d\u2019ann\u00e9e riment avec convivialit\u00e9, partage et&#8230; surplus de d\u00e9chets. En France, cette p\u00e9riode engendre environ 20% de d\u00e9chets suppl\u00e9mentaires par rapport au reste de l\u2019ann\u00e9e. Repas gargantuesques, vaisselle jetable, d\u00e9corations \u00e9ph\u00e9m\u00e8res : nos r\u00e9veillons ont un impact \u00e9cologique r\u00e9el. Par exemple, on [&hellip;]","og_url":"https:\/\/www.legobeletfrancais.fr\/blog\/organiser-un-reveillon-ecoresponsable-astuces-et-accessoires\/","og_site_name":"Le Gobelet Fran\u00e7ais Blog","article_published_time":"2025-12-08T12:52:38+00:00","article_modified_time":"2026-01-27T09:30:19+00:00","og_image":[{"width":750,"height":500,"url":"https:\/\/www.legobeletfrancais.fr\/blog\/wp-content\/uploads\/2025\/11\/Accessoires-pour-un-reveillon-ecoresponsable.jpg","type":"image\/jpeg"}],"author":"Danae","twitter_card":"summary_large_image","twitter_misc":{"\u00c9crit par":"Danae","Dur\u00e9e de lecture estim\u00e9e":"11 minutes"},"schema":{"@context":"https:\/\/schema.org","@graph":[{"@type":"Article","@id":"https:\/\/www.legobeletfrancais.fr\/blog\/organiser-un-reveillon-ecoresponsable-astuces-et-accessoires\/#article","isPartOf":{"@id":"https:\/\/www.legobeletfrancais.fr\/blog\/organiser-un-reveillon-ecoresponsable-astuces-et-accessoires\/"},"author":{"name":"Danae","@id":"https:\/\/www.legobeletfrancais.fr\/blog\/#\/schema\/person\/e1b9137e6e34f7b77751fe88b51d1e30"},"headline":"Organiser un r\u00e9veillon \u00e9coresponsable : astuces et accessoires","datePublished":"2025-12-08T12:52:38+00:00","dateModified":"2026-01-27T09:30:19+00:00","mainEntityOfPage":{"@id":"https:\/\/www.legobeletfrancais.fr\/blog\/organiser-un-reveillon-ecoresponsable-astuces-et-accessoires\/"},"wordCount":2118,"commentCount":0,"image":{"@id":"https:\/\/www.legobeletfrancais.fr\/blog\/organiser-un-reveillon-ecoresponsable-astuces-et-accessoires\/#primaryimage"},"thumbnailUrl":"https:\/\/www.legobeletfrancais.fr\/blog\/wp-content\/uploads\/2025\/11\/Accessoires-pour-un-reveillon-ecoresponsable.jpg","articleSection":["Divers"],"inLanguage":"fr-FR","potentialAction":[{"@type":"CommentAction","name":"Comment","target":["https:\/\/www.legobeletfrancais.fr\/blog\/organiser-un-reveillon-ecoresponsable-astuces-et-accessoires\/#respond"]}]},{"@type":"WebPage","@id":"https:\/\/www.legobeletfrancais.fr\/blog\/organiser-un-reveillon-ecoresponsable-astuces-et-accessoires\/","url":"https:\/\/www.legobeletfrancais.fr\/blog\/organiser-un-reveillon-ecoresponsable-astuces-et-accessoires\/","name":"Organiser un r\u00e9veillon \u00e9coresponsable : astuces et accessoires - Le Gobelet Fran\u00e7ais Blog","isPartOf":{"@id":"https:\/\/www.legobeletfrancais.fr\/blog\/#website"},"primaryImageOfPage":{"@id":"https:\/\/www.legobeletfrancais.fr\/blog\/organiser-un-reveillon-ecoresponsable-astuces-et-accessoires\/#primaryimage"},"image":{"@id":"https:\/\/www.legobeletfrancais.fr\/blog\/organiser-un-reveillon-ecoresponsable-astuces-et-accessoires\/#primaryimage"},"thumbnailUrl":"https:\/\/www.legobeletfrancais.fr\/blog\/wp-content\/uploads\/2025\/11\/Accessoires-pour-un-reveillon-ecoresponsable.jpg","datePublished":"2025-12-08T12:52:38+00:00","dateModified":"2026-01-27T09:30:19+00:00","author":{"@id":"https:\/\/www.legobeletfrancais.fr\/blog\/#\/schema\/person\/e1b9137e6e34f7b77751fe88b51d1e30"},"breadcrumb":{"@id":"https:\/\/www.legobeletfrancais.fr\/blog\/organiser-un-reveillon-ecoresponsable-astuces-et-accessoires\/#breadcrumb"},"inLanguage":"fr-FR","potentialAction":[{"@type":"ReadAction","target":["https:\/\/www.legobeletfrancais.fr\/blog\/organiser-un-reveillon-ecoresponsable-astuces-et-accessoires\/"]}]},{"@type":"ImageObject","inLanguage":"fr-FR","@id":"https:\/\/www.legobeletfrancais.fr\/blog\/organiser-un-reveillon-ecoresponsable-astuces-et-accessoires\/#primaryimage","url":"https:\/\/www.legobeletfrancais.fr\/blog\/wp-content\/uploads\/2025\/11\/Accessoires-pour-un-reveillon-ecoresponsable.jpg","contentUrl":"https:\/\/www.legobeletfrancais.fr\/blog\/wp-content\/uploads\/2025\/11\/Accessoires-pour-un-reveillon-ecoresponsable.jpg","width":750,"height":500,"caption":"Accessoires pour un r\u00e9veillon \u00e9coresponsable"},{"@type":"BreadcrumbList","@id":"https:\/\/www.legobeletfrancais.fr\/blog\/organiser-un-reveillon-ecoresponsable-astuces-et-accessoires\/#breadcrumb","itemListElement":[{"@type":"ListItem","position":1,"name":"Accueil","item":"https:\/\/www.legobeletfrancais.fr\/blog\/"},{"@type":"ListItem","position":2,"name":"Organiser un r\u00e9veillon \u00e9coresponsable : astuces et accessoires"}]},{"@type":"WebSite","@id":"https:\/\/www.legobeletfrancais.fr\/blog\/#website","url":"https:\/\/www.legobeletfrancais.fr\/blog\/","name":"Le Gobelet Fran\u00e7ais Blog","description":"","potentialAction":[{"@type":"SearchAction","target":{"@type":"EntryPoint","urlTemplate":"https:\/\/www.legobeletfrancais.fr\/blog\/?s={search_term_string}"},"query-input":{"@type":"PropertyValueSpecification","valueRequired":true,"valueName":"search_term_string"}}],"inLanguage":"fr-FR"},{"@type":"Person","@id":"https:\/\/www.legobeletfrancais.fr\/blog\/#\/schema\/person\/e1b9137e6e34f7b77751fe88b51d1e30","name":"Danae","image":{"@type":"ImageObject","inLanguage":"fr-FR","@id":"https:\/\/secure.gravatar.com\/avatar\/2b97231c0d0791a87ddfe33479c44c585a079f5c48341a53fcc3965ab7baf856?s=96&d=mm&r=g","url":"https:\/\/secure.gravatar.com\/avatar\/2b97231c0d0791a87ddfe33479c44c585a079f5c48341a53fcc3965ab7baf856?s=96&d=mm&r=g","contentUrl":"https:\/\/secure.gravatar.com\/avatar\/2b97231c0d0791a87ddfe33479c44c585a079f5c48341a53fcc3965ab7baf856?s=96&d=mm&r=g","caption":"Danae"},"url":"https:\/\/www.legobeletfrancais.fr\/blog\/author\/danae\/"}]}},"_links":{"self":[{"href":"https:\/\/www.legobeletfrancais.fr\/blog\/wp-json\/wp\/v2\/posts\/1823","targetHints":{"allow":["GET"]}}],"collection":[{"href":"https:\/\/www.legobeletfrancais.fr\/blog\/wp-json\/wp\/v2\/posts"}],"about":[{"href":"https:\/\/www.legobeletfrancais.fr\/blog\/wp-json\/wp\/v2\/types\/post"}],"author":[{"embeddable":true,"href":"https:\/\/www.legobeletfrancais.fr\/blog\/wp-json\/wp\/v2\/users\/5"}],"replies":[{"embeddable":true,"href":"https:\/\/www.legobeletfrancais.fr\/blog\/wp-json\/wp\/v2\/comments?post=1823"}],"version-history":[{"count":4,"href":"https:\/\/www.legobeletfrancais.fr\/blog\/wp-json\/wp\/v2\/posts\/1823\/revisions"}],"predecessor-version":[{"id":1970,"href":"https:\/\/www.legobeletfrancais.fr\/blog\/wp-json\/wp\/v2\/posts\/1823\/revisions\/1970"}],"wp:featuredmedia":[{"embeddable":true,"href":"https:\/\/www.legobeletfrancais.fr\/blog\/wp-json\/wp\/v2\/media\/1824"}],"wp:attachment":[{"href":"https:\/\/www.legobeletfrancais.fr\/blog\/wp-json\/wp\/v2\/media?parent=1823"}],"wp:term":[{"taxonomy":"category","embeddable":true,"href":"https:\/\/www.legobeletfrancais.fr\/blog\/wp-json\/wp\/v2\/categories?post=1823"},{"taxonomy":"post_tag","embeddable":true,"href":"https:\/\/www.legobeletfrancais.fr\/blog\/wp-json\/wp\/v2\/tags?post=1823"}],"curies":[{"name":"wp","href":"https:\/\/api.w.org\/{rel}","templated":true}]}}