{"id":1762,"date":"2025-11-03T13:57:48","date_gmt":"2025-11-03T12:57:48","guid":{"rendered":"https:\/\/www.legobeletfrancais.fr\/blog\/?p=1762"},"modified":"2026-01-27T11:48:38","modified_gmt":"2026-01-27T10:48:38","slug":"salons-et-foires-pros-pourquoi-adopter-les-gobelets-personnalises","status":"publish","type":"post","link":"https:\/\/www.legobeletfrancais.fr\/blog\/salons-et-foires-pros-pourquoi-adopter-les-gobelets-personnalises\/","title":{"rendered":"Salons et foires pros : pourquoi adopter les gobelets personnalis\u00e9s ?"},"content":{"rendered":"\n<p>Dans un monde o\u00f9 la concurrence est f\u00e9roce sur un salon professionnel, savoir se d\u00e9marquer est essentiel. C\u2019est l\u00e0 qu\u2019interviennent les <strong>gobelets personnalis\u00e9s<\/strong>, un support marketing innovant offrant <strong>une opportunit\u00e9 unique de laisser une impression durable tout en restant pratique<\/strong>. En plus d\u2019\u00eatre un objet original, l&rsquo;ecocup r\u00e9utilisable combine <strong>visibilit\u00e9 de marque<\/strong> et <strong>utilit\u00e9 concr\u00e8te<\/strong>, tout en v\u00e9hiculant vos valeurs de <strong>communication responsable<\/strong>. D\u00e9couvrons ensemble les atouts de cet outil astucieux pour vos prochains salons, foires et \u00e9v\u00e9nements professionnels.<\/p>\n\n\n\n<h2 class=\"wp-block-heading\" style=\"font-size:clamp(16.293px, 1.018rem + ((1vw - 3.2px) * 0.68), 25px);\">Avantage n\u00b01 : un support de communication visible, utile et conserv\u00e9<\/h2>\n\n\n\n<div class=\"wp-block-media-text is-stacked-on-mobile is-image-fill-element\"><figure class=\"wp-block-media-text__media\"><img fetchpriority=\"high\" decoding=\"async\" width=\"1024\" height=\"768\" src=\"https:\/\/www.legobeletfrancais.fr\/blog\/wp-content\/uploads\/2025\/10\/Gobelets-personnalises-pour-un-salon-professionnel-1-1024x768.jpg\" alt=\"Gobelets personnalis\u00e9s pour un salon professionnel\" class=\"wp-image-1766 size-full\" style=\"object-position:50% 50%\" srcset=\"https:\/\/www.legobeletfrancais.fr\/blog\/wp-content\/uploads\/2025\/10\/Gobelets-personnalises-pour-un-salon-professionnel-1-1024x768.jpg 1024w, https:\/\/www.legobeletfrancais.fr\/blog\/wp-content\/uploads\/2025\/10\/Gobelets-personnalises-pour-un-salon-professionnel-1-300x225.jpg 300w, https:\/\/www.legobeletfrancais.fr\/blog\/wp-content\/uploads\/2025\/10\/Gobelets-personnalises-pour-un-salon-professionnel-1-768x576.jpg 768w, https:\/\/www.legobeletfrancais.fr\/blog\/wp-content\/uploads\/2025\/10\/Gobelets-personnalises-pour-un-salon-professionnel-1-1536x1152.jpg 1536w, https:\/\/www.legobeletfrancais.fr\/blog\/wp-content\/uploads\/2025\/10\/Gobelets-personnalises-pour-un-salon-professionnel-1.jpg 1600w\" sizes=\"(max-width: 1024px) 100vw, 1024px\" \/><\/figure><div class=\"wp-block-media-text__content\">\n<p>Sur un salon professionnel, <strong>les gobelets personnalis\u00e9s attirent l\u2019attention<\/strong> sur votre marque tout en \u00e9tant utiles aux visiteurs. Chaque boisson servie dans un ecocup \u00e0 votre effigie est une occasion de visibilit\u00e9 suppl\u00e9mentaire. En effet, <strong>chaque fois qu\u2019un participant utilise votre gobelet, c\u2019est votre marque qui est mise en avant<\/strong>. Contrairement \u00e0 un simple flyer vite oubli\u00e9, ce support <strong>publicitaire est utile<\/strong> aux visiteurs : ils peuvent s\u2019hydrater tout en d\u00e9couvrant votre message, ce qui <strong>augmente <\/strong>fortement son <strong>impact<\/strong>.<\/p>\n<\/div><\/div>\n\n\n\n<p>Un gobelet de qualit\u00e9 tel que le propose <strong><a href=\"https:\/\/www.legobeletfrancais.fr\/\">Le Gobelet Fran\u00e7ais<\/a><\/strong> a toutes les chances d\u2019\u00eatre <strong>conserv\u00e9 apr\u00e8s l\u2019\u00e9v\u00e9nement<\/strong>. En France, environ <strong>79\u202f% des objets publicitaires sont gard\u00e9s et utilis\u00e9s<\/strong> par ceux qui les re\u00e7oivent, un taux de r\u00e9tention jamais \u00e9gal\u00e9 par d\u2019autres m\u00e9dias. Autrement dit, votre cadeau pourra accompagner vos prospects des mois durant. <strong>Votre visibilit\u00e9 de marque se prolonge donc bien apr\u00e8s le salon<\/strong> gr\u00e2ce \u00e0 cet objet durable que beaucoup garderont volontiers en <strong>souvenir<\/strong>. Ils pourront le r\u00e9utiliser au bureau ou \u00e0 la maison, devenant ainsi des ambassadeurs de votre entreprise \u00e0 chaque nouvelle utilisation.<\/p>\n\n\n\n<h2 class=\"wp-block-heading\" style=\"font-size:clamp(16.293px, 1.018rem + ((1vw - 3.2px) * 0.68), 25px);\">Avantage n\u00b02 : une image de marque moderne et engag\u00e9e (RSE, z\u00e9ro plastique)<\/h2>\n\n\n\n<p>Offrir des ecocups durables sur vos \u00e9v\u00e9nements, c\u2019est afficher une <strong>image d\u2019entreprise moderne et engag\u00e9e<\/strong> sur le plan \u00e9cologique. Fini le tout-jetable : vous montrez concr\u00e8tement votre engagement RSE en r\u00e9duisant les d\u00e9chets plastiques. D\u2019ailleurs, la loi AGEC de 2020 a sonn\u00e9 <strong>la fin des gobelets plastique jetables d\u00e8s 2021<\/strong> dans de nombreux \u00e9tablissements recevant du public. Adopter des gobelets personnalis\u00e9s r\u00e9utilisables, ce n\u2019est donc pas seulement se conformer \u00e0 la r\u00e9glementation, <strong>c\u2019est transformer cette contrainte en un outil de communication \u00e9cologique et durable<\/strong> pour votre marque.<\/p>\n\n\n\n<p>Cette d\u00e9marche s\u2019inscrit dans une <strong>communication responsable<\/strong> appr\u00e9ci\u00e9e du public. En choisissant des mat\u00e9riaux durables comme le plastique r\u00e9utilisable, <strong>vous montrez votre engagement envers l\u2019environnement<\/strong>, ce qui am\u00e9liore la perception de votre entreprise aupr\u00e8s d\u2019un public de plus en plus sensible aux enjeux \u00e9cologiques. C\u2019est un signal positif qui renforce votre cr\u00e9dibilit\u00e9 : associer votre nom \u00e0 une action \u00e9coresponsable <strong>valorise votre image de marque, fid\u00e9lise vos clients et attire une client\u00e8le sensible \u00e0 l\u2019environnement<\/strong>. En r\u00e9sum\u00e9, vous pr\u00f4nez le <strong>z\u00e9ro plastique<\/strong> tout en boostant votre capital sympathie aupr\u00e8s de vos partenaires et prospects.<\/p>\n\n\n\n<h2 class=\"wp-block-heading\" style=\"font-size:clamp(16.293px, 1.018rem + ((1vw - 3.2px) * 0.68), 25px);\">Avantage n\u00b03 : une logistique simplifi\u00e9e et ma\u00eetris\u00e9e (formats adapt\u00e9s, r\u00e9utilisables, empilables)<\/h2>\n\n\n\n<div class=\"wp-block-media-text has-media-on-the-right is-stacked-on-mobile is-image-fill-element\"><div class=\"wp-block-media-text__content\">\n<p>Organiser la distribution de boissons sur un stand devient bien plus simple avec des gobelets r\u00e9utilisables <strong>adapt\u00e9s \u00e0 vos besoins<\/strong>. Diff\u00e9rents formats sont disponibles (expresso, 25 cl, pinte, fl\u00fbte, etc.), ce qui vous permet de choisir la taille id\u00e9ale pour chaque usage. De plus, qui dit r\u00e9utilisable dit qu\u2019un m\u00eame gobelet peut servir plusieurs fois pendant l\u2019\u00e9v\u00e9nement :<strong> fini les piles de gobelets jetables<\/strong> \u00e0 g\u00e9rer en permanence, un lot restreint d&rsquo;ecocup peut suffire gr\u00e2ce \u00e0 un simple rin\u00e7age entre les usages.<\/p>\n<\/div><figure class=\"wp-block-media-text__media\"><img decoding=\"async\" width=\"768\" height=\"1024\" src=\"https:\/\/www.legobeletfrancais.fr\/blog\/wp-content\/uploads\/2025\/10\/Gobelets-personnalises-comme-support-de-communication-768x1024.jpg\" alt=\"Gobelets personnalis\u00e9s comme support de communication\" class=\"wp-image-1768 size-full\" style=\"object-position:54% 51%\" srcset=\"https:\/\/www.legobeletfrancais.fr\/blog\/wp-content\/uploads\/2025\/10\/Gobelets-personnalises-comme-support-de-communication-768x1024.jpg 768w, https:\/\/www.legobeletfrancais.fr\/blog\/wp-content\/uploads\/2025\/10\/Gobelets-personnalises-comme-support-de-communication-225x300.jpg 225w, https:\/\/www.legobeletfrancais.fr\/blog\/wp-content\/uploads\/2025\/10\/Gobelets-personnalises-comme-support-de-communication-1152x1536.jpg 1152w, https:\/\/www.legobeletfrancais.fr\/blog\/wp-content\/uploads\/2025\/10\/Gobelets-personnalises-comme-support-de-communication.jpg 1333w\" sizes=\"(max-width: 768px) 100vw, 768px\" \/><\/figure><\/div>\n\n\n\n<p>C\u00f4t\u00e9 logistique, le <strong>gain de place et de temps<\/strong> est notable. Les gobelets en plastique rigide sont <strong>l\u00e9gers, robustes et empilables<\/strong>, donc faciles \u00e0 transporter et \u00e0 stocker. Vous pouvez emporter des centaines d&rsquo;ecocups durables dans des cartons compacts, et apr\u00e8s le salon, il est ais\u00e9 de stocker le surplus pour un prochain \u00e9v\u00e9nement (ils ne p\u00e9riment pas !). Leur robustesse vous assure \u00e9galement de pouvoir les r\u00e9employer \u00e0 volont\u00e9 : chaque gobelet <strong>peut \u00eatre r\u00e9utilis\u00e9 plus de 150 fois et passer au lave-vaisselle<\/strong> sans souci<a href=\"https:\/\/www.legobeletfrancais.fr\/ecocup-personnalise\" target=\"_blank\" rel=\"noreferrer noopener\"><\/a>. Autant dire que cet investissement vous simplifie la vie tout en r\u00e9duisant vos besoins de r\u00e9approvisionnement. La <strong>logistique est ma\u00eetris\u00e9e<\/strong> de bout en bout : moins de d\u00e9chets \u00e0 \u00e9vacuer, moins de commandes r\u00e9p\u00e9t\u00e9es de consommables, et une gestion facilit\u00e9e de votre mat\u00e9riel \u00e9v\u00e9nementiel.<\/p>\n\n\n\n<h2 class=\"wp-block-heading\" style=\"font-size:clamp(16.293px, 1.018rem + ((1vw - 3.2px) * 0.68), 25px);\">Avantage n\u00b04 : un souvenir de l\u2019\u00e9v\u00e9nement pour vos visiteurs<\/h2>\n\n\n\n<p>Au-del\u00e0 de son r\u00f4le sur place, <strong>le gobelet personnalis\u00e9<\/strong> se transforme en <strong>souvenir durable<\/strong> de votre \u00e9v\u00e9nement. Les participants repartent souvent avec, ravis d\u2019avoir un objet tangible qui leur rappelle les bons moments du salon. C\u2019est un <strong>goodie<\/strong> \u00e0 <strong>forte valeur ajout\u00e9e<\/strong> : il porte le logo de votre marque (et pourquoi pas la date ou un visuel marquant de l\u2019\u00e9v\u00e9nement), ce qui lui conf\u00e8re une valeur sentimentale. Contrairement aux \u00e9chantillons ou brochures \u00e9ph\u00e9m\u00e8res, ce gobelet pourra tr\u00f4ner fi\u00e8rement sur un bureau ou dans une cuisine, rappelant subtilement votre entreprise au quotidien.<\/p>\n\n\n\n<p>Mieux, un ecocup bien con\u00e7u peut devenir un v\u00e9ritable <strong>objet de collection<\/strong> que les participants seront fiers de conserver et d\u2019exhiber. On voit d\u00e9j\u00e0 certains visiteurs revenir d\u2019une foire avec plusieurs gobelets aux designs diff\u00e9rents, comme autant de troph\u00e9es ramen\u00e9s de leur tourn\u00e9e des stands ! En offrant un gobelet personnalis\u00e9, vous marquez les esprits de fa\u00e7on positive : votre marque s\u2019invite durablement dans la vie de vos prospects, tout en leur laissant un <strong>souvenir utile<\/strong> de leur passage sur votre stand. Ce <strong>merchandising \u00e9cologique<\/strong> prolonge l\u2019exp\u00e9rience de l\u2019\u00e9v\u00e9nement et renforce le lien entre votre entreprise et son public.<\/p>\n\n\n\n<h2 class=\"wp-block-heading\" style=\"font-size:clamp(16.293px, 1.018rem + ((1vw - 3.2px) * 0.68), 25px);\">Le Gobelet Fran\u00e7ais : l\u2019expert B2B engag\u00e9 dans la qualit\u00e9<\/h2>\n\n\n\n<p>En tant que fabricant fran\u00e7ais sp\u00e9cialis\u00e9, <strong>Le Gobelet Fran\u00e7ais<\/strong> <strong>accompagne les professionnels dans la r\u00e9ussite de leurs \u00e9v\u00e9nements \u00e9coresponsables<\/strong>. Nous r\u00e9unissons tous les atouts pour vous fournir des gobelets personnalis\u00e9s \u00e0 la hauteur de vos exigences :<\/p>\n\n\n\n<ul class=\"wp-block-list\">\n<li><strong>Fabrication 100\u202f% fran\u00e7aise<\/strong> : Nos gobelets sont produits dans nos ateliers en France, gage de qualit\u00e9 et de r\u00e9activit\u00e9 locale.<\/li>\n\n\n\n<li><strong>Impression haute qualit\u00e9 et durable<\/strong> : Votre visuel est imprim\u00e9 avec soin pour un rendu impeccable qui r\u00e9siste aux lavages intensifs (nos gobelets passent au lave-vaisselle sans alt\u00e9ration).<\/li>\n\n\n\n<li><strong>Service B2B r\u00e9actif<\/strong> : Habitu\u00e9s aux demandes professionnelles, nous garantissons des d\u00e9lais ma\u00eetris\u00e9s et savons g\u00e9rer vos commandes volumes dans les temps.<\/li>\n\n\n\n<li><strong>Conseils personnalis\u00e9s<\/strong> : Du <em>choix du visuel<\/em> \u00e0 la <em>logistique de r\u00e9emploi<\/em>, nos experts vous guident pas \u00e0 pas. Besoin d\u2019aide pour le design ? Notre \u00e9quipe graphique peut m\u00eame vous aider \u00e0 cr\u00e9er gratuitement votre visuel avec un rendu 3D, afin d\u2019obtenir un r\u00e9sultat optimal \u00e0 votre image.<\/li>\n\n\n\n<li><strong>Livraison rapide<\/strong> : Vous b\u00e9n\u00e9ficiez d\u2019une exp\u00e9dition express et d\u2019un suivi rigoureux, pour recevoir vos gobelets personnalis\u00e9s <strong>en un temps record<\/strong> et sans stress avant le jour J.<\/li>\n<\/ul>\n\n\n\n<p>En faisant appel au <strong>Gobelet Fran\u00e7ais<\/strong>, vous choisissez un partenaire de confiance qui conjugue savoir-faire local, qualit\u00e9 premium et service client d\u00e9di\u00e9. <strong>De la conception de votre gobelet jusqu\u2019\u00e0 sa livraison, nous mettons tout en \u0153uvre pour que votre exp\u00e9rience soit fluide et r\u00e9ussie.<\/strong><\/p>\n\n\n\n<h2 class=\"wp-block-heading\" style=\"font-size:clamp(16.293px, 1.018rem + ((1vw - 3.2px) * 0.68), 25px);\">Passez \u00e0 l\u2019action : boostez votre communication !<\/h2>\n\n\n\n<p>Convaincu par les avantages de l&rsquo;ecocup personnalis\u00e9 ? Ne laissez pas vos concurrents prendre de l\u2019avance. <strong>Demandez d\u00e8s maintenant votre devis personnalis\u00e9<\/strong> aupr\u00e8s du Gobelet Fran\u00e7ais pour concr\u00e9tiser votre projet. Notre \u00e9quipe se tient \u00e0 votre disposition pour vous accompagner, de la cr\u00e9ation du visuel \u00e0 la logistique, et faire de votre prochain <strong>salon professionnel<\/strong> un succ\u00e8s m\u00e9morable. Contactez-nous d\u00e8s aujourd\u2019hui et cr\u00e9ons ensemble des gobelets personnalis\u00e9s qui feront rayonner votre marque de fa\u00e7on originale, durable et responsable !<\/p>\n","protected":false},"excerpt":{"rendered":"<p>Dans un monde o\u00f9 la concurrence est f\u00e9roce sur un salon professionnel, savoir se d\u00e9marquer est essentiel. C\u2019est l\u00e0 qu\u2019interviennent les gobelets personnalis\u00e9s, un support marketing innovant offrant une opportunit\u00e9 unique de laisser une impression durable tout en restant pratique. En plus d\u2019\u00eatre un objet original, l&rsquo;ecocup r\u00e9utilisable combine visibilit\u00e9 de marque et utilit\u00e9 concr\u00e8te, [&hellip;]<\/p>\n","protected":false},"author":5,"featured_media":1771,"comment_status":"open","ping_status":"open","sticky":false,"template":"","format":"standard","meta":{"footnotes":""},"categories":[16],"tags":[],"class_list":["post-1762","post","type-post","status-publish","format-standard","has-post-thumbnail","hentry","category-evenements"],"blocksy_meta":[],"yoast_head":"<!-- This site is optimized with the Yoast SEO plugin v27.4 - https:\/\/yoast.com\/product\/yoast-seo-wordpress\/ -->\n<title>Salons et foires pros : pourquoi adopter les gobelets personnalis\u00e9s ? - Le Gobelet Fran\u00e7ais Blog<\/title>\n<meta name=\"robots\" content=\"index, follow, max-snippet:-1, max-image-preview:large, max-video-preview:-1\" \/>\n<link rel=\"canonical\" href=\"https:\/\/www.legobeletfrancais.fr\/blog\/salons-et-foires-pros-pourquoi-adopter-les-gobelets-personnalises\/\" \/>\n<meta property=\"og:locale\" content=\"fr_FR\" \/>\n<meta property=\"og:type\" content=\"article\" \/>\n<meta property=\"og:title\" content=\"Salons et foires pros : pourquoi adopter les gobelets personnalis\u00e9s ? - Le Gobelet Fran\u00e7ais Blog\" \/>\n<meta property=\"og:description\" content=\"Dans un monde o\u00f9 la concurrence est f\u00e9roce sur un salon professionnel, savoir se d\u00e9marquer est essentiel. C\u2019est l\u00e0 qu\u2019interviennent les gobelets personnalis\u00e9s, un support marketing innovant offrant une opportunit\u00e9 unique de laisser une impression durable tout en restant pratique. En plus d\u2019\u00eatre un objet original, l&rsquo;ecocup r\u00e9utilisable combine visibilit\u00e9 de marque et utilit\u00e9 concr\u00e8te, [&hellip;]\" \/>\n<meta property=\"og:url\" content=\"https:\/\/www.legobeletfrancais.fr\/blog\/salons-et-foires-pros-pourquoi-adopter-les-gobelets-personnalises\/\" \/>\n<meta property=\"og:site_name\" content=\"Le Gobelet Fran\u00e7ais Blog\" \/>\n<meta property=\"article:published_time\" content=\"2025-11-03T12:57:48+00:00\" \/>\n<meta property=\"article:modified_time\" content=\"2026-01-27T10:48:38+00:00\" \/>\n<meta property=\"og:image\" content=\"https:\/\/www.legobeletfrancais.fr\/blog\/wp-content\/uploads\/2025\/10\/Gobelets-personnalises-pour-vos-evenements-professionnels.jpg\" \/>\n\t<meta property=\"og:image:width\" content=\"750\" \/>\n\t<meta property=\"og:image:height\" content=\"500\" \/>\n\t<meta property=\"og:image:type\" content=\"image\/jpeg\" \/>\n<meta name=\"author\" content=\"Danae\" \/>\n<meta name=\"twitter:card\" content=\"summary_large_image\" \/>\n<meta name=\"twitter:label1\" content=\"\u00c9crit par\" \/>\n\t<meta name=\"twitter:data1\" content=\"Danae\" \/>\n\t<meta name=\"twitter:label2\" content=\"Dur\u00e9e de lecture estim\u00e9e\" \/>\n\t<meta name=\"twitter:data2\" content=\"7 minutes\" \/>\n<script type=\"application\/ld+json\" class=\"yoast-schema-graph\">{\"@context\":\"https:\\\/\\\/schema.org\",\"@graph\":[{\"@type\":\"Article\",\"@id\":\"https:\\\/\\\/www.legobeletfrancais.fr\\\/blog\\\/salons-et-foires-pros-pourquoi-adopter-les-gobelets-personnalises\\\/#article\",\"isPartOf\":{\"@id\":\"https:\\\/\\\/www.legobeletfrancais.fr\\\/blog\\\/salons-et-foires-pros-pourquoi-adopter-les-gobelets-personnalises\\\/\"},\"author\":{\"name\":\"Danae\",\"@id\":\"https:\\\/\\\/www.legobeletfrancais.fr\\\/blog\\\/#\\\/schema\\\/person\\\/e1b9137e6e34f7b77751fe88b51d1e30\"},\"headline\":\"Salons et foires pros : pourquoi adopter les gobelets personnalis\u00e9s ?\",\"datePublished\":\"2025-11-03T12:57:48+00:00\",\"dateModified\":\"2026-01-27T10:48:38+00:00\",\"mainEntityOfPage\":{\"@id\":\"https:\\\/\\\/www.legobeletfrancais.fr\\\/blog\\\/salons-et-foires-pros-pourquoi-adopter-les-gobelets-personnalises\\\/\"},\"wordCount\":1349,\"commentCount\":0,\"image\":{\"@id\":\"https:\\\/\\\/www.legobeletfrancais.fr\\\/blog\\\/salons-et-foires-pros-pourquoi-adopter-les-gobelets-personnalises\\\/#primaryimage\"},\"thumbnailUrl\":\"https:\\\/\\\/www.legobeletfrancais.fr\\\/blog\\\/wp-content\\\/uploads\\\/2025\\\/10\\\/Gobelets-personnalises-pour-vos-evenements-professionnels.jpg\",\"articleSection\":[\"Ev\u00e9nements\"],\"inLanguage\":\"fr-FR\",\"potentialAction\":[{\"@type\":\"CommentAction\",\"name\":\"Comment\",\"target\":[\"https:\\\/\\\/www.legobeletfrancais.fr\\\/blog\\\/salons-et-foires-pros-pourquoi-adopter-les-gobelets-personnalises\\\/#respond\"]}]},{\"@type\":\"WebPage\",\"@id\":\"https:\\\/\\\/www.legobeletfrancais.fr\\\/blog\\\/salons-et-foires-pros-pourquoi-adopter-les-gobelets-personnalises\\\/\",\"url\":\"https:\\\/\\\/www.legobeletfrancais.fr\\\/blog\\\/salons-et-foires-pros-pourquoi-adopter-les-gobelets-personnalises\\\/\",\"name\":\"Salons et foires pros : pourquoi adopter les gobelets personnalis\u00e9s ? - Le Gobelet Fran\u00e7ais Blog\",\"isPartOf\":{\"@id\":\"https:\\\/\\\/www.legobeletfrancais.fr\\\/blog\\\/#website\"},\"primaryImageOfPage\":{\"@id\":\"https:\\\/\\\/www.legobeletfrancais.fr\\\/blog\\\/salons-et-foires-pros-pourquoi-adopter-les-gobelets-personnalises\\\/#primaryimage\"},\"image\":{\"@id\":\"https:\\\/\\\/www.legobeletfrancais.fr\\\/blog\\\/salons-et-foires-pros-pourquoi-adopter-les-gobelets-personnalises\\\/#primaryimage\"},\"thumbnailUrl\":\"https:\\\/\\\/www.legobeletfrancais.fr\\\/blog\\\/wp-content\\\/uploads\\\/2025\\\/10\\\/Gobelets-personnalises-pour-vos-evenements-professionnels.jpg\",\"datePublished\":\"2025-11-03T12:57:48+00:00\",\"dateModified\":\"2026-01-27T10:48:38+00:00\",\"author\":{\"@id\":\"https:\\\/\\\/www.legobeletfrancais.fr\\\/blog\\\/#\\\/schema\\\/person\\\/e1b9137e6e34f7b77751fe88b51d1e30\"},\"breadcrumb\":{\"@id\":\"https:\\\/\\\/www.legobeletfrancais.fr\\\/blog\\\/salons-et-foires-pros-pourquoi-adopter-les-gobelets-personnalises\\\/#breadcrumb\"},\"inLanguage\":\"fr-FR\",\"potentialAction\":[{\"@type\":\"ReadAction\",\"target\":[\"https:\\\/\\\/www.legobeletfrancais.fr\\\/blog\\\/salons-et-foires-pros-pourquoi-adopter-les-gobelets-personnalises\\\/\"]}]},{\"@type\":\"ImageObject\",\"inLanguage\":\"fr-FR\",\"@id\":\"https:\\\/\\\/www.legobeletfrancais.fr\\\/blog\\\/salons-et-foires-pros-pourquoi-adopter-les-gobelets-personnalises\\\/#primaryimage\",\"url\":\"https:\\\/\\\/www.legobeletfrancais.fr\\\/blog\\\/wp-content\\\/uploads\\\/2025\\\/10\\\/Gobelets-personnalises-pour-vos-evenements-professionnels.jpg\",\"contentUrl\":\"https:\\\/\\\/www.legobeletfrancais.fr\\\/blog\\\/wp-content\\\/uploads\\\/2025\\\/10\\\/Gobelets-personnalises-pour-vos-evenements-professionnels.jpg\",\"width\":750,\"height\":500,\"caption\":\"Gobelets personnalis\u00e9s pour vos \u00e9v\u00e9nements professionnels\"},{\"@type\":\"BreadcrumbList\",\"@id\":\"https:\\\/\\\/www.legobeletfrancais.fr\\\/blog\\\/salons-et-foires-pros-pourquoi-adopter-les-gobelets-personnalises\\\/#breadcrumb\",\"itemListElement\":[{\"@type\":\"ListItem\",\"position\":1,\"name\":\"Accueil\",\"item\":\"https:\\\/\\\/www.legobeletfrancais.fr\\\/blog\\\/\"},{\"@type\":\"ListItem\",\"position\":2,\"name\":\"Salons et foires pros : pourquoi adopter les gobelets personnalis\u00e9s ?\"}]},{\"@type\":\"WebSite\",\"@id\":\"https:\\\/\\\/www.legobeletfrancais.fr\\\/blog\\\/#website\",\"url\":\"https:\\\/\\\/www.legobeletfrancais.fr\\\/blog\\\/\",\"name\":\"Le Gobelet Fran\u00e7ais Blog\",\"description\":\"\",\"potentialAction\":[{\"@type\":\"SearchAction\",\"target\":{\"@type\":\"EntryPoint\",\"urlTemplate\":\"https:\\\/\\\/www.legobeletfrancais.fr\\\/blog\\\/?s={search_term_string}\"},\"query-input\":{\"@type\":\"PropertyValueSpecification\",\"valueRequired\":true,\"valueName\":\"search_term_string\"}}],\"inLanguage\":\"fr-FR\"},{\"@type\":\"Person\",\"@id\":\"https:\\\/\\\/www.legobeletfrancais.fr\\\/blog\\\/#\\\/schema\\\/person\\\/e1b9137e6e34f7b77751fe88b51d1e30\",\"name\":\"Danae\",\"image\":{\"@type\":\"ImageObject\",\"inLanguage\":\"fr-FR\",\"@id\":\"https:\\\/\\\/secure.gravatar.com\\\/avatar\\\/2b97231c0d0791a87ddfe33479c44c585a079f5c48341a53fcc3965ab7baf856?s=96&d=mm&r=g\",\"url\":\"https:\\\/\\\/secure.gravatar.com\\\/avatar\\\/2b97231c0d0791a87ddfe33479c44c585a079f5c48341a53fcc3965ab7baf856?s=96&d=mm&r=g\",\"contentUrl\":\"https:\\\/\\\/secure.gravatar.com\\\/avatar\\\/2b97231c0d0791a87ddfe33479c44c585a079f5c48341a53fcc3965ab7baf856?s=96&d=mm&r=g\",\"caption\":\"Danae\"},\"url\":\"https:\\\/\\\/www.legobeletfrancais.fr\\\/blog\\\/author\\\/danae\\\/\"}]}<\/script>\n<!-- \/ Yoast SEO plugin. -->","yoast_head_json":{"title":"Salons et foires pros : pourquoi adopter les gobelets personnalis\u00e9s ? - Le Gobelet Fran\u00e7ais Blog","robots":{"index":"index","follow":"follow","max-snippet":"max-snippet:-1","max-image-preview":"max-image-preview:large","max-video-preview":"max-video-preview:-1"},"canonical":"https:\/\/www.legobeletfrancais.fr\/blog\/salons-et-foires-pros-pourquoi-adopter-les-gobelets-personnalises\/","og_locale":"fr_FR","og_type":"article","og_title":"Salons et foires pros : pourquoi adopter les gobelets personnalis\u00e9s ? - Le Gobelet Fran\u00e7ais Blog","og_description":"Dans un monde o\u00f9 la concurrence est f\u00e9roce sur un salon professionnel, savoir se d\u00e9marquer est essentiel. C\u2019est l\u00e0 qu\u2019interviennent les gobelets personnalis\u00e9s, un support marketing innovant offrant une opportunit\u00e9 unique de laisser une impression durable tout en restant pratique. En plus d\u2019\u00eatre un objet original, l&rsquo;ecocup r\u00e9utilisable combine visibilit\u00e9 de marque et utilit\u00e9 concr\u00e8te, [&hellip;]","og_url":"https:\/\/www.legobeletfrancais.fr\/blog\/salons-et-foires-pros-pourquoi-adopter-les-gobelets-personnalises\/","og_site_name":"Le Gobelet Fran\u00e7ais Blog","article_published_time":"2025-11-03T12:57:48+00:00","article_modified_time":"2026-01-27T10:48:38+00:00","og_image":[{"width":750,"height":500,"url":"https:\/\/www.legobeletfrancais.fr\/blog\/wp-content\/uploads\/2025\/10\/Gobelets-personnalises-pour-vos-evenements-professionnels.jpg","type":"image\/jpeg"}],"author":"Danae","twitter_card":"summary_large_image","twitter_misc":{"\u00c9crit par":"Danae","Dur\u00e9e de lecture estim\u00e9e":"7 minutes"},"schema":{"@context":"https:\/\/schema.org","@graph":[{"@type":"Article","@id":"https:\/\/www.legobeletfrancais.fr\/blog\/salons-et-foires-pros-pourquoi-adopter-les-gobelets-personnalises\/#article","isPartOf":{"@id":"https:\/\/www.legobeletfrancais.fr\/blog\/salons-et-foires-pros-pourquoi-adopter-les-gobelets-personnalises\/"},"author":{"name":"Danae","@id":"https:\/\/www.legobeletfrancais.fr\/blog\/#\/schema\/person\/e1b9137e6e34f7b77751fe88b51d1e30"},"headline":"Salons et foires pros : pourquoi adopter les gobelets personnalis\u00e9s ?","datePublished":"2025-11-03T12:57:48+00:00","dateModified":"2026-01-27T10:48:38+00:00","mainEntityOfPage":{"@id":"https:\/\/www.legobeletfrancais.fr\/blog\/salons-et-foires-pros-pourquoi-adopter-les-gobelets-personnalises\/"},"wordCount":1349,"commentCount":0,"image":{"@id":"https:\/\/www.legobeletfrancais.fr\/blog\/salons-et-foires-pros-pourquoi-adopter-les-gobelets-personnalises\/#primaryimage"},"thumbnailUrl":"https:\/\/www.legobeletfrancais.fr\/blog\/wp-content\/uploads\/2025\/10\/Gobelets-personnalises-pour-vos-evenements-professionnels.jpg","articleSection":["Ev\u00e9nements"],"inLanguage":"fr-FR","potentialAction":[{"@type":"CommentAction","name":"Comment","target":["https:\/\/www.legobeletfrancais.fr\/blog\/salons-et-foires-pros-pourquoi-adopter-les-gobelets-personnalises\/#respond"]}]},{"@type":"WebPage","@id":"https:\/\/www.legobeletfrancais.fr\/blog\/salons-et-foires-pros-pourquoi-adopter-les-gobelets-personnalises\/","url":"https:\/\/www.legobeletfrancais.fr\/blog\/salons-et-foires-pros-pourquoi-adopter-les-gobelets-personnalises\/","name":"Salons et foires pros : pourquoi adopter les gobelets personnalis\u00e9s ? - Le Gobelet Fran\u00e7ais Blog","isPartOf":{"@id":"https:\/\/www.legobeletfrancais.fr\/blog\/#website"},"primaryImageOfPage":{"@id":"https:\/\/www.legobeletfrancais.fr\/blog\/salons-et-foires-pros-pourquoi-adopter-les-gobelets-personnalises\/#primaryimage"},"image":{"@id":"https:\/\/www.legobeletfrancais.fr\/blog\/salons-et-foires-pros-pourquoi-adopter-les-gobelets-personnalises\/#primaryimage"},"thumbnailUrl":"https:\/\/www.legobeletfrancais.fr\/blog\/wp-content\/uploads\/2025\/10\/Gobelets-personnalises-pour-vos-evenements-professionnels.jpg","datePublished":"2025-11-03T12:57:48+00:00","dateModified":"2026-01-27T10:48:38+00:00","author":{"@id":"https:\/\/www.legobeletfrancais.fr\/blog\/#\/schema\/person\/e1b9137e6e34f7b77751fe88b51d1e30"},"breadcrumb":{"@id":"https:\/\/www.legobeletfrancais.fr\/blog\/salons-et-foires-pros-pourquoi-adopter-les-gobelets-personnalises\/#breadcrumb"},"inLanguage":"fr-FR","potentialAction":[{"@type":"ReadAction","target":["https:\/\/www.legobeletfrancais.fr\/blog\/salons-et-foires-pros-pourquoi-adopter-les-gobelets-personnalises\/"]}]},{"@type":"ImageObject","inLanguage":"fr-FR","@id":"https:\/\/www.legobeletfrancais.fr\/blog\/salons-et-foires-pros-pourquoi-adopter-les-gobelets-personnalises\/#primaryimage","url":"https:\/\/www.legobeletfrancais.fr\/blog\/wp-content\/uploads\/2025\/10\/Gobelets-personnalises-pour-vos-evenements-professionnels.jpg","contentUrl":"https:\/\/www.legobeletfrancais.fr\/blog\/wp-content\/uploads\/2025\/10\/Gobelets-personnalises-pour-vos-evenements-professionnels.jpg","width":750,"height":500,"caption":"Gobelets personnalis\u00e9s pour vos \u00e9v\u00e9nements professionnels"},{"@type":"BreadcrumbList","@id":"https:\/\/www.legobeletfrancais.fr\/blog\/salons-et-foires-pros-pourquoi-adopter-les-gobelets-personnalises\/#breadcrumb","itemListElement":[{"@type":"ListItem","position":1,"name":"Accueil","item":"https:\/\/www.legobeletfrancais.fr\/blog\/"},{"@type":"ListItem","position":2,"name":"Salons et foires pros : pourquoi adopter les gobelets personnalis\u00e9s ?"}]},{"@type":"WebSite","@id":"https:\/\/www.legobeletfrancais.fr\/blog\/#website","url":"https:\/\/www.legobeletfrancais.fr\/blog\/","name":"Le Gobelet Fran\u00e7ais Blog","description":"","potentialAction":[{"@type":"SearchAction","target":{"@type":"EntryPoint","urlTemplate":"https:\/\/www.legobeletfrancais.fr\/blog\/?s={search_term_string}"},"query-input":{"@type":"PropertyValueSpecification","valueRequired":true,"valueName":"search_term_string"}}],"inLanguage":"fr-FR"},{"@type":"Person","@id":"https:\/\/www.legobeletfrancais.fr\/blog\/#\/schema\/person\/e1b9137e6e34f7b77751fe88b51d1e30","name":"Danae","image":{"@type":"ImageObject","inLanguage":"fr-FR","@id":"https:\/\/secure.gravatar.com\/avatar\/2b97231c0d0791a87ddfe33479c44c585a079f5c48341a53fcc3965ab7baf856?s=96&d=mm&r=g","url":"https:\/\/secure.gravatar.com\/avatar\/2b97231c0d0791a87ddfe33479c44c585a079f5c48341a53fcc3965ab7baf856?s=96&d=mm&r=g","contentUrl":"https:\/\/secure.gravatar.com\/avatar\/2b97231c0d0791a87ddfe33479c44c585a079f5c48341a53fcc3965ab7baf856?s=96&d=mm&r=g","caption":"Danae"},"url":"https:\/\/www.legobeletfrancais.fr\/blog\/author\/danae\/"}]}},"_links":{"self":[{"href":"https:\/\/www.legobeletfrancais.fr\/blog\/wp-json\/wp\/v2\/posts\/1762","targetHints":{"allow":["GET"]}}],"collection":[{"href":"https:\/\/www.legobeletfrancais.fr\/blog\/wp-json\/wp\/v2\/posts"}],"about":[{"href":"https:\/\/www.legobeletfrancais.fr\/blog\/wp-json\/wp\/v2\/types\/post"}],"author":[{"embeddable":true,"href":"https:\/\/www.legobeletfrancais.fr\/blog\/wp-json\/wp\/v2\/users\/5"}],"replies":[{"embeddable":true,"href":"https:\/\/www.legobeletfrancais.fr\/blog\/wp-json\/wp\/v2\/comments?post=1762"}],"version-history":[{"count":5,"href":"https:\/\/www.legobeletfrancais.fr\/blog\/wp-json\/wp\/v2\/posts\/1762\/revisions"}],"predecessor-version":[{"id":2035,"href":"https:\/\/www.legobeletfrancais.fr\/blog\/wp-json\/wp\/v2\/posts\/1762\/revisions\/2035"}],"wp:featuredmedia":[{"embeddable":true,"href":"https:\/\/www.legobeletfrancais.fr\/blog\/wp-json\/wp\/v2\/media\/1771"}],"wp:attachment":[{"href":"https:\/\/www.legobeletfrancais.fr\/blog\/wp-json\/wp\/v2\/media?parent=1762"}],"wp:term":[{"taxonomy":"category","embeddable":true,"href":"https:\/\/www.legobeletfrancais.fr\/blog\/wp-json\/wp\/v2\/categories?post=1762"},{"taxonomy":"post_tag","embeddable":true,"href":"https:\/\/www.legobeletfrancais.fr\/blog\/wp-json\/wp\/v2\/tags?post=1762"}],"curies":[{"name":"wp","href":"https:\/\/api.w.org\/{rel}","templated":true}]}}