{"id":1745,"date":"2025-10-28T09:16:54","date_gmt":"2025-10-28T08:16:54","guid":{"rendered":"https:\/\/www.legobeletfrancais.fr\/blog\/?p=1745"},"modified":"2026-01-27T10:32:55","modified_gmt":"2026-01-27T09:32:55","slug":"aperos-dautomne-comment-reduire-ses-dechets-en-toute-convivialite","status":"publish","type":"post","link":"https:\/\/www.legobeletfrancais.fr\/blog\/aperos-dautomne-comment-reduire-ses-dechets-en-toute-convivialite\/","title":{"rendered":"Ap\u00e9ros d\u2019automne : comment r\u00e9duire ses d\u00e9chets en toute convivialit\u00e9"},"content":{"rendered":"\n<p><strong>L\u2019automne <\/strong>est la saison des <strong>soir\u00e9es <\/strong>\u00e0 la <strong>maison<\/strong>, des <strong>retrouvailles entre amis ou en famille<\/strong> autour d\u2019un bon ap\u00e9ritif. On imagine d\u00e9j\u00e0 un plaid tout doux, des lumi\u00e8res tamis\u00e9es, et des saveurs de saison \u00e0 grignoter. Pourquoi ne pas profiter de ces <strong>ap\u00e9ros cocooning<\/strong> pour adopter des gestes plus durables ? Apr\u00e8s tout, on a tous connu la poubelle qui d\u00e9borde d\u2019emballages et de gobelets jet\u00e9s en fin de soir\u00e9e&#8230; Bonne nouvelle : avec quelques astuces toutes simples, tels que l&rsquo;<strong>utilisation de gobelets r\u00e9utilisables comme le propose <a href=\"https:\/\/www.legobeletfrancais.fr\/\">Le Gobelet Fran\u00e7ais<\/a><\/strong>, il est facile de r\u00e9duire les d\u00e9chets sans rien sacrifier de la convivialit\u00e9. On vous propose ici des id\u00e9es pratiques pour organiser des ap\u00e9ros d\u2019automne chaleureux et \u00e9coresponsables. Pr\u00e9parez-vous \u00e0<strong> trinquer autrement<\/strong>, pour le plaisir de tous et le <strong>bien de la plan\u00e8te ! <\/strong>\ud83e\udd42\ud83c\udf0d<\/p>\n\n\n\n<h2 class=\"wp-block-heading\" style=\"font-size:clamp(16.293px, 1.018rem + ((1vw - 3.2px) * 0.68), 25px);\">Astuces pratiques pour un ap\u00e9ro z\u00e9ro d\u00e9chet et convivial<\/h2>\n\n\n\n<h3 class=\"wp-block-heading\" style=\"font-size:clamp(14px, 0.875rem + ((1vw - 3.2px) * 0.469), 20px);\">Boissons maison en bonbonnes et gobelets r\u00e9utilisables<\/h3>\n\n\n\n<div class=\"wp-block-media-text is-stacked-on-mobile is-image-fill-element\"><figure class=\"wp-block-media-text__media\"><img fetchpriority=\"high\" decoding=\"async\" width=\"768\" height=\"1024\" src=\"https:\/\/www.legobeletfrancais.fr\/blog\/wp-content\/uploads\/2025\/10\/Gobelets-personnalises-pour-un-apero-en-automne-1-768x1024.jpg\" alt=\"Gobelets personnalis\u00e9s pour un ap\u00e9ro en automne\" class=\"wp-image-1751 size-full\" style=\"object-position:50% 50%\" srcset=\"https:\/\/www.legobeletfrancais.fr\/blog\/wp-content\/uploads\/2025\/10\/Gobelets-personnalises-pour-un-apero-en-automne-1-768x1024.jpg 768w, https:\/\/www.legobeletfrancais.fr\/blog\/wp-content\/uploads\/2025\/10\/Gobelets-personnalises-pour-un-apero-en-automne-1-225x300.jpg 225w, https:\/\/www.legobeletfrancais.fr\/blog\/wp-content\/uploads\/2025\/10\/Gobelets-personnalises-pour-un-apero-en-automne-1-1152x1536.jpg 1152w, https:\/\/www.legobeletfrancais.fr\/blog\/wp-content\/uploads\/2025\/10\/Gobelets-personnalises-pour-un-apero-en-automne-1-1536x2048.jpg 1536w, https:\/\/www.legobeletfrancais.fr\/blog\/wp-content\/uploads\/2025\/10\/Gobelets-personnalises-pour-un-apero-en-automne-1-scaled.jpg 1920w\" sizes=\"(max-width: 768px) 100vw, 768px\" \/><\/figure><div class=\"wp-block-media-text__content\">\n<p>Au lieu d\u2019accumuler les canettes et bouteilles jetables, pensez aux <strong>boissons maison<\/strong>. Pr\u00e9parez par exemple une citronnade aux \u00e9pices d\u2019automne, un jus de pomme chaud aux \u00e9pices, ou votre cocktail signature, et servez-les dans de<strong> <\/strong>grandes bonbonnes ou carafes en verre. Chacun peut se servir \u00e0 son gr\u00e9, dans des <strong>gobelets r\u00e9utilisables<\/strong> (comme ceux du Gobelet Fran\u00e7ais, incassables et durables). Vous \u00e9vitez ainsi une montagne de d\u00e9chets : rappelons qu\u2019en France, on jette encore 130 gobelets \u00e0 usage unique par seconde, soit 4,7 milliards de gobelets par an, la plupart finissent en d\u00e9charge ou incin\u00e9r\u00e9s, \u00e0 peine 1% sont recycl\u00e9s.<\/p>\n<\/div><\/div>\n\n\n\n<p>En <strong>adoptant les \u00e9cocups r\u00e9utilisables<\/strong>, vous faites un geste concret pour r\u00e9duire ce gaspillage. D\u2019ailleurs, un seul gobelet en plastique rigide devient plus \u00e9cologique que les mod\u00e8les jetables apr\u00e8s seulement 7 r\u00e9utilisations, un cap tr\u00e8s vi<strong>te<\/strong> atteint au fil de vos ap\u00e9ros r\u00e9guliers ! Alors, n\u2019h\u00e9sitez plus :<strong>sortez vos jolis \u00e9cocups personnalis\u00e9s<\/strong> ou vos verres, et <strong>trinquez sans g\u00e9n\u00e9rer de plastique inutile.<\/strong><\/p>\n\n\n\n<h3 class=\"wp-block-heading\" style=\"font-size:clamp(14px, 0.875rem + ((1vw - 3.2px) * 0.469), 20px);\">Z\u00e9ro plastique \u00e0 usage unique pour la vaisselle<\/h3>\n\n\n\n<p>Bannissez les assiettes en carton, les couverts en plastique et autres ustensiles jetables qui remplissent les poubelles en un seul usage. <strong>Place \u00e0 la vaisselle durable<\/strong> ! Pour un petit comit\u00e9, utilisez vos assiettes, verres et couverts lavables habituels : c\u2019est chic et sans d\u00e9chet. Si vous organisez un<strong> ap\u00e9ro avec plus de monde<\/strong> et craignez de manquer de vaisselle, deux options s\u2019offrent \u00e0 vous : emprunter\/r\u00e9utiliser ou opter pour de la vaisselle compostable. Il existe d\u00e9sormais des assiettes et couverts fabriqu\u00e9s en mati\u00e8res v\u00e9g\u00e9tales (bambou, palmier, carton enduit d\u2019amidon, etc.) qui pourront finir au compost plut\u00f4t qu\u2019\u00e0 la poubelle. Les serviettes en papier peuvent, elles, \u00eatre remplac\u00e9es par de jolies serviettes en tissu color\u00e9es, que vous pouvez m\u00eame coudre vous-m\u00eame \u00e0 partir de vieux tissus, ou simplement utiliser vos torchons et napperons. C\u00f4t\u00e9 piques pour olives ou cubes de fromage, choisissez des cure-dents ou piques en bois (biod\u00e9gradables) \u00e0 la place du plastique. Ces petits changements \u00e9liminent beaucoup de d\u00e9chets superflus. Et en bonus, <strong>la table gagne en charme avec de la vraie vaisselle et du linge de table<\/strong> : votre ap\u00e9ro prend tout de suite des airs plus soign\u00e9s et conviviaux.<\/p>\n\n\n\n<h3 class=\"wp-block-heading\" style=\"font-size:clamp(14px, 0.875rem + ((1vw - 3.2px) * 0.469), 20px);\">Snacks faits maison et produits en vrac<\/h3>\n\n\n\n<p>Rien de tel que du <strong>fait-maison pour un ap\u00e9ro z\u00e9ro d\u00e9chet gourmand ! <\/strong>Plut\u00f4t que d\u2019ouvrir des sachets de chips ou de biscuits industriels (aux emballages non recyclables), pr\u00e9parez vos propres amuse-bouches. Quelques id\u00e9es faciles : un houmous de pois chiches ou de lentilles maison, une tartinade de courge ou de tomates s\u00e9ch\u00e9es, des crackers aux graines, des l\u00e9gumes de saison crus \u00e0 croquer (b\u00e2tonnets de carotte, bouquets de chou-fleur) avec une sauce au yaourt et aux herbes, ou encore des chips de l\u00e9gumes au four. Vous <strong>r\u00e9duisez<\/strong> ainsi drastiquement les <strong>emballages plastiques<\/strong>.<\/p>\n\n\n\n<div class=\"wp-block-media-text has-media-on-the-right is-stacked-on-mobile is-image-fill-element\"><div class=\"wp-block-media-text__content\">\n<p>Pour ce que vous ne pouvez pas cuisiner, pensez aux <strong>achats en vrac<\/strong> : olives, fruits secs, noix, fromage \u00e0 la coupe, pain \u00e0 d\u00e9couper\u2026 apportez vos propres contenants chez le commer\u00e7ant ou au rayon vrac. Vous achetez<strong> juste la quantit\u00e9 n\u00e9cessaire<\/strong>, sans emballage inutile. On estime qu\u2019en France environ 1\/3 des d\u00e9chets m\u00e9nagers provient des emballages, en optant pour le vrac et le fait-maison, vous faites chuter ce chiffre dans votre poubelle. En plus, c\u2019est souvent plus \u00e9conomique et bien meilleur au go\u00fbt ! Vos <strong>invit\u00e9s<\/strong> appr\u00e9cieront la <strong>qualit\u00e9 <\/strong>et <strong>l\u2019originalit\u00e9 <\/strong>de ces snacks \u00e9coresponsables, et vous pourrez \u00eatre fier\/fi\u00e8re de dire \u00ab C\u2019est moi qui l\u2019ai fait ! <em>\u00bb<\/em>.<\/p>\n<\/div><figure class=\"wp-block-media-text__media\"><img decoding=\"async\" width=\"819\" height=\"1024\" src=\"https:\/\/www.legobeletfrancais.fr\/blog\/wp-content\/uploads\/2025\/10\/Snacks-fait-maison-pour-des-soirees-dautomne-819x1024.jpg\" alt=\"Snacks fait maison pour des soir\u00e9es d'automne\" class=\"wp-image-1752 size-full\" style=\"object-position:50% 50%\" srcset=\"https:\/\/www.legobeletfrancais.fr\/blog\/wp-content\/uploads\/2025\/10\/Snacks-fait-maison-pour-des-soirees-dautomne-819x1024.jpg 819w, https:\/\/www.legobeletfrancais.fr\/blog\/wp-content\/uploads\/2025\/10\/Snacks-fait-maison-pour-des-soirees-dautomne-240x300.jpg 240w, https:\/\/www.legobeletfrancais.fr\/blog\/wp-content\/uploads\/2025\/10\/Snacks-fait-maison-pour-des-soirees-dautomne-768x960.jpg 768w, https:\/\/www.legobeletfrancais.fr\/blog\/wp-content\/uploads\/2025\/10\/Snacks-fait-maison-pour-des-soirees-dautomne.jpg 1080w\" sizes=\"(max-width: 819px) 100vw, 819px\" \/><\/figure><\/div>\n\n\n\n<h3 class=\"wp-block-heading\" style=\"font-size:clamp(14px, 0.875rem + ((1vw - 3.2px) * 0.469), 20px);\">D\u00e9coration automnale 100% naturelle<\/h3>\n\n\n\n<p>Pas besoin de ballons en plastique ou de guirlandes jetables pour cr\u00e9er une ambiance festive : la nature offre tout ce qu\u2019il faut en automne pour d\u00e9corer votre table de fa\u00e7on \u00e9cologique et \u00e9l\u00e9gante. Profitez d\u2019une balade pour ramasser de jolies feuilles mortes aux couleurs chaudes, des pommes de pin, des brindilles ou des marrons : dispersez-les sur la table ou regroupez-les en centre de table rustique. Quelques mini-citrouilles ou potirons d\u00e9coratifs dispos\u00e9s \u00e7\u00e0 et l\u00e0 apportent tout de suite la <strong>touche saisonni\u00e8re id\u00e9ale<\/strong>. Pensez aussi aux \u00e9l\u00e9ments comestibles d\u00e9coratifs : une<strong> <\/strong>grappe de raisin, un panier de pommes rouges, ou un bocal de ch\u00e2taignes feront office de d\u00e9co gourmande (et pourront \u00eatre d\u00e9gust\u00e9s ou cuisin\u00e9s plus tard, z\u00e9ro g\u00e2chis !). Pour \u00e9clairer l\u2019ap\u00e9ro, privil\u00e9giez des <strong>bougies r\u00e9utilisables<\/strong> ou \u00e0 la <strong>cire naturelle<\/strong> (cire d\u2019abeille, soja) plut\u00f4t que des bougies paraffine jetables ou des photophores en plastique. Vous pouvez placer vos bougies dans des contenants r\u00e9utilis\u00e9s, par exemple, de vieux pots de confiture en verre d\u00e9cor\u00e9s d\u2019un ruban font de jolis photophores. L\u2019ambiance sera chaleureuse et authentique, et tout pourra soit \u00eatre r\u00e9utilis\u00e9 pour vos prochains ap\u00e9ros, soit retourner \u00e0 la nature (les feuilles et \u00e9l\u00e9ments v\u00e9g\u00e9taux pourront finir au compost). Une <strong>d\u00e9co d\u2019automne naturelle \u00e9merveillera vos convives <\/strong>bien plus qu\u2019une d\u00e9co standardis\u00e9e, et <strong>ne g\u00e9n\u00e9rera aucun d\u00e9chet <\/strong>derri\u00e8re elle.<\/p>\n\n\n\n<h3 class=\"wp-block-heading\" style=\"font-size:clamp(14px, 0.875rem + ((1vw - 3.2px) * 0.469), 20px);\">Une mini station de tri et un coin compost<\/h3>\n\n\n\n<p>M\u00eame en faisant de gros efforts pour<strong> r\u00e9duire les d\u00e9chets,<\/strong> il y aura <strong>toujours quelques restes \u00e0 g\u00e9rer en fin de soir\u00e9e.<\/strong> Pour que le <strong>recyclage <\/strong>et le <strong>compost <\/strong>soient un r\u00e9flexe facile pour tous vos invit\u00e9s, mettez en place une station de tri simple et bien visible. Il suffit de pr\u00e9voir deux ou trois contenants identifi\u00e9s : par exemple une petite poubelle ou un carton pour les recyclables (bouteilles en verre vides, canettes ou emballages recyclables si vous en avez encore), un sac ou bac pour les d\u00e9chets non recyclables, et si vous en avez la possibilit\u00e9, un seau \u00e0 compost pour les \u00e9pluchures, coquilles de noix, restes de nourriture non consomm\u00e9s, serviettes en papier souill\u00e9es, etc.<\/p>\n\n\n\n<div class=\"wp-block-media-text is-stacked-on-mobile is-image-fill-element\"><figure class=\"wp-block-media-text__media\"><img decoding=\"async\" width=\"819\" height=\"1024\" src=\"https:\/\/www.legobeletfrancais.fr\/blog\/wp-content\/uploads\/2025\/10\/Reduire-ses-dechets-819x1024.jpg\" alt=\"R\u00e9duire ses d\u00e9chets\" class=\"wp-image-1754 size-full\" style=\"object-position:50% 50%\" srcset=\"https:\/\/www.legobeletfrancais.fr\/blog\/wp-content\/uploads\/2025\/10\/Reduire-ses-dechets-819x1024.jpg 819w, https:\/\/www.legobeletfrancais.fr\/blog\/wp-content\/uploads\/2025\/10\/Reduire-ses-dechets-240x300.jpg 240w, https:\/\/www.legobeletfrancais.fr\/blog\/wp-content\/uploads\/2025\/10\/Reduire-ses-dechets-768x960.jpg 768w, https:\/\/www.legobeletfrancais.fr\/blog\/wp-content\/uploads\/2025\/10\/Reduire-ses-dechets.jpg 1080w\" sizes=\"(max-width: 819px) 100vw, 819px\" \/><\/figure><div class=\"wp-block-media-text__content\">\n<p><em>Astuce :<\/em> <strong>collez une \u00e9tiquette ou un pictogramme sur chaque bac<\/strong> pour indiquer clairement quoi mettre dedans, ainsi, m\u00eame les amis novices en tri s\u00e9lectif s\u2019y retrouveront facilement \ud83d\ude09.<strong> <\/strong>En centralisant le tri sur le lieu de l\u2019ap\u00e9ro, vous vous \u00e9vitez le tri <em>apr\u00e8s coup<\/em> en solitaire, et vous \u00eates s\u00fbr(e) que chaque chose finit au bon endroit. Les d\u00e9chets organiques collect\u00e9s pourront rejoindre votre composteur de jardin si vous en avez un, ou un compost de quartier (de plus en plus de communes proposent des points de collecte des biod\u00e9chets). Gr\u00e2ce \u00e0 cette mini organisation, <strong>votre ap\u00e9ro g\u00e9n\u00e8rera un minimum de d\u00e9chets<\/strong>, et tout le monde aura particip\u00e9 de bon c\u0153ur \u00e0 cet effort collectif.<\/p>\n<\/div><\/div>\n\n\n\n<h2 class=\"wp-block-heading\" style=\"font-size:clamp(16.293px, 1.018rem + ((1vw - 3.2px) * 0.68), 25px);\">Adopter ces r\u00e9flexes tout au long de la saison<\/h2>\n\n\n\n<p>Pourquoi s\u2019arr\u00eater en si bon chemin ? Profitez de chaque ap\u00e9ro automnal pour ancrer ces habitudes durables. Au d\u00e9but, <strong>choisissez <\/strong>peut-\u00eatre <strong>une ou deux astuces faciles \u00e0 mettre en place,<\/strong> puis <strong>ajoutez-en d\u2019autres<\/strong> \u00e0 chaque nouvelle occasion. Vous verrez qu\u2019organiser un <strong>ap\u00e9ro z\u00e9ro d\u00e9chet<\/strong> deviendra rapidement un<strong> <\/strong>automatisme, et cela n\u2019enl\u00e8vera rien au plaisir de vos soir\u00e9es, bien au contraire. Chaque geste compte, et vos proches noteront ces attentions \u00e9coresponsables : c\u2019est une <strong>belle fa\u00e7on de sensibiliser sans faire la morale<\/strong>, juste en <strong>montrant l\u2019exemple<\/strong> dans la<strong> bonne humeur.<\/strong> \ud83c\udf42<\/p>\n\n\n\n<h2 class=\"wp-block-heading\" style=\"font-size:clamp(16.293px, 1.018rem + ((1vw - 3.2px) * 0.68), 25px);\">L\u2019ap\u00e9ro responsable : simple, chaleureux et bon pour tous<\/h2>\n\n\n\n<p>En conclusion, un <strong>ap\u00e9ritif <\/strong>peut tout \u00e0 fait rimer avec <strong>convivialit\u00e9 responsable<\/strong>. Loin d\u2019\u00eatre une contrainte, la <strong>d\u00e9marche z\u00e9ro d\u00e9chet<\/strong> apporte une touche personnelle et authentique \u00e0 vos moments entre amis ou en famille. On d\u00e9guste des produits maison savoureux, on boit dans de vrais verres ou <strong><a href=\"https:\/\/www.legobeletfrancais.fr\/amis-famille\">gobelets personnalisables<\/a><\/strong>, on partage des valeurs positives\u2026 et on se sent bien, tout simplement. Organiser un <strong>ap\u00e9ro d\u2019automne \u00e9colo et z\u00e9ro d\u00e9chet<\/strong>, c\u2019est finalement assez <strong>simple<\/strong> et tr\u00e8s <strong>gratifiant <\/strong>: on passe une excellente soir\u00e9e <strong>sans culpabiliser<\/strong> en voyant la poubelle se remplir. Chacun repart le c\u0153ur l\u00e9ger, avec le sentiment d\u2019avoir v\u00e9cu un moment convivial qui respecte aussi la plan\u00e8te. \u2728 L\u2019ap\u00e9ro responsable, c\u2019est facile \u00e0 mettre en place, chaleureux pour l\u2019atmosph\u00e8re, et bon pour tout le monde, invit\u00e9s comme environnement. Allez, on trinque \u00e0 cette nouvelle habitude durable ? \ud83e\udd73\ud83c\udf3f Sant\u00e9 !<\/p>\n","protected":false},"excerpt":{"rendered":"<p>L\u2019automne est la saison des soir\u00e9es \u00e0 la maison, des retrouvailles entre amis ou en famille autour d\u2019un bon ap\u00e9ritif. On imagine d\u00e9j\u00e0 un plaid tout doux, des lumi\u00e8res tamis\u00e9es, et des saveurs de saison \u00e0 grignoter. Pourquoi ne pas profiter de ces ap\u00e9ros cocooning pour adopter des gestes plus durables ? Apr\u00e8s tout, on [&hellip;]<\/p>\n","protected":false},"author":5,"featured_media":1757,"comment_status":"open","ping_status":"open","sticky":false,"template":"","format":"standard","meta":{"footnotes":""},"categories":[1],"tags":[],"class_list":["post-1745","post","type-post","status-publish","format-standard","has-post-thumbnail","hentry","category-divers"],"blocksy_meta":[],"yoast_head":"<!-- This site is optimized with the Yoast SEO plugin v27.4 - https:\/\/yoast.com\/product\/yoast-seo-wordpress\/ -->\n<title>Ap\u00e9ros d\u2019automne : comment r\u00e9duire ses d\u00e9chets en toute convivialit\u00e9 - Le Gobelet Fran\u00e7ais Blog<\/title>\n<meta name=\"robots\" content=\"index, follow, max-snippet:-1, max-image-preview:large, max-video-preview:-1\" \/>\n<link rel=\"canonical\" href=\"https:\/\/www.legobeletfrancais.fr\/blog\/aperos-dautomne-comment-reduire-ses-dechets-en-toute-convivialite\/\" \/>\n<meta property=\"og:locale\" content=\"fr_FR\" \/>\n<meta property=\"og:type\" content=\"article\" \/>\n<meta property=\"og:title\" content=\"Ap\u00e9ros d\u2019automne : comment r\u00e9duire ses d\u00e9chets en toute convivialit\u00e9 - Le Gobelet Fran\u00e7ais Blog\" \/>\n<meta property=\"og:description\" content=\"L\u2019automne est la saison des soir\u00e9es \u00e0 la maison, des retrouvailles entre amis ou en famille autour d\u2019un bon ap\u00e9ritif. On imagine d\u00e9j\u00e0 un plaid tout doux, des lumi\u00e8res tamis\u00e9es, et des saveurs de saison \u00e0 grignoter. Pourquoi ne pas profiter de ces ap\u00e9ros cocooning pour adopter des gestes plus durables ? Apr\u00e8s tout, on [&hellip;]\" \/>\n<meta property=\"og:url\" content=\"https:\/\/www.legobeletfrancais.fr\/blog\/aperos-dautomne-comment-reduire-ses-dechets-en-toute-convivialite\/\" \/>\n<meta property=\"og:site_name\" content=\"Le Gobelet Fran\u00e7ais Blog\" \/>\n<meta property=\"article:published_time\" content=\"2025-10-28T08:16:54+00:00\" \/>\n<meta property=\"article:modified_time\" content=\"2026-01-27T09:32:55+00:00\" \/>\n<meta property=\"og:image\" content=\"https:\/\/www.legobeletfrancais.fr\/blog\/wp-content\/uploads\/2025\/10\/Aperos-dautomne.jpg\" \/>\n\t<meta property=\"og:image:width\" content=\"750\" \/>\n\t<meta property=\"og:image:height\" content=\"500\" \/>\n\t<meta property=\"og:image:type\" content=\"image\/jpeg\" \/>\n<meta name=\"author\" content=\"Danae\" \/>\n<meta name=\"twitter:card\" content=\"summary_large_image\" \/>\n<meta name=\"twitter:label1\" content=\"\u00c9crit par\" \/>\n\t<meta name=\"twitter:data1\" content=\"Danae\" \/>\n\t<meta name=\"twitter:label2\" content=\"Dur\u00e9e de lecture estim\u00e9e\" \/>\n\t<meta name=\"twitter:data2\" content=\"9 minutes\" \/>\n<script type=\"application\/ld+json\" class=\"yoast-schema-graph\">{\"@context\":\"https:\\\/\\\/schema.org\",\"@graph\":[{\"@type\":\"Article\",\"@id\":\"https:\\\/\\\/www.legobeletfrancais.fr\\\/blog\\\/aperos-dautomne-comment-reduire-ses-dechets-en-toute-convivialite\\\/#article\",\"isPartOf\":{\"@id\":\"https:\\\/\\\/www.legobeletfrancais.fr\\\/blog\\\/aperos-dautomne-comment-reduire-ses-dechets-en-toute-convivialite\\\/\"},\"author\":{\"name\":\"Danae\",\"@id\":\"https:\\\/\\\/www.legobeletfrancais.fr\\\/blog\\\/#\\\/schema\\\/person\\\/e1b9137e6e34f7b77751fe88b51d1e30\"},\"headline\":\"Ap\u00e9ros d\u2019automne : comment r\u00e9duire ses d\u00e9chets en toute convivialit\u00e9\",\"datePublished\":\"2025-10-28T08:16:54+00:00\",\"dateModified\":\"2026-01-27T09:32:55+00:00\",\"mainEntityOfPage\":{\"@id\":\"https:\\\/\\\/www.legobeletfrancais.fr\\\/blog\\\/aperos-dautomne-comment-reduire-ses-dechets-en-toute-convivialite\\\/\"},\"wordCount\":1609,\"commentCount\":0,\"image\":{\"@id\":\"https:\\\/\\\/www.legobeletfrancais.fr\\\/blog\\\/aperos-dautomne-comment-reduire-ses-dechets-en-toute-convivialite\\\/#primaryimage\"},\"thumbnailUrl\":\"https:\\\/\\\/www.legobeletfrancais.fr\\\/blog\\\/wp-content\\\/uploads\\\/2025\\\/10\\\/Aperos-dautomne.jpg\",\"articleSection\":[\"Divers\"],\"inLanguage\":\"fr-FR\",\"potentialAction\":[{\"@type\":\"CommentAction\",\"name\":\"Comment\",\"target\":[\"https:\\\/\\\/www.legobeletfrancais.fr\\\/blog\\\/aperos-dautomne-comment-reduire-ses-dechets-en-toute-convivialite\\\/#respond\"]}]},{\"@type\":\"WebPage\",\"@id\":\"https:\\\/\\\/www.legobeletfrancais.fr\\\/blog\\\/aperos-dautomne-comment-reduire-ses-dechets-en-toute-convivialite\\\/\",\"url\":\"https:\\\/\\\/www.legobeletfrancais.fr\\\/blog\\\/aperos-dautomne-comment-reduire-ses-dechets-en-toute-convivialite\\\/\",\"name\":\"Ap\u00e9ros d\u2019automne : comment r\u00e9duire ses d\u00e9chets en toute convivialit\u00e9 - Le Gobelet Fran\u00e7ais Blog\",\"isPartOf\":{\"@id\":\"https:\\\/\\\/www.legobeletfrancais.fr\\\/blog\\\/#website\"},\"primaryImageOfPage\":{\"@id\":\"https:\\\/\\\/www.legobeletfrancais.fr\\\/blog\\\/aperos-dautomne-comment-reduire-ses-dechets-en-toute-convivialite\\\/#primaryimage\"},\"image\":{\"@id\":\"https:\\\/\\\/www.legobeletfrancais.fr\\\/blog\\\/aperos-dautomne-comment-reduire-ses-dechets-en-toute-convivialite\\\/#primaryimage\"},\"thumbnailUrl\":\"https:\\\/\\\/www.legobeletfrancais.fr\\\/blog\\\/wp-content\\\/uploads\\\/2025\\\/10\\\/Aperos-dautomne.jpg\",\"datePublished\":\"2025-10-28T08:16:54+00:00\",\"dateModified\":\"2026-01-27T09:32:55+00:00\",\"author\":{\"@id\":\"https:\\\/\\\/www.legobeletfrancais.fr\\\/blog\\\/#\\\/schema\\\/person\\\/e1b9137e6e34f7b77751fe88b51d1e30\"},\"breadcrumb\":{\"@id\":\"https:\\\/\\\/www.legobeletfrancais.fr\\\/blog\\\/aperos-dautomne-comment-reduire-ses-dechets-en-toute-convivialite\\\/#breadcrumb\"},\"inLanguage\":\"fr-FR\",\"potentialAction\":[{\"@type\":\"ReadAction\",\"target\":[\"https:\\\/\\\/www.legobeletfrancais.fr\\\/blog\\\/aperos-dautomne-comment-reduire-ses-dechets-en-toute-convivialite\\\/\"]}]},{\"@type\":\"ImageObject\",\"inLanguage\":\"fr-FR\",\"@id\":\"https:\\\/\\\/www.legobeletfrancais.fr\\\/blog\\\/aperos-dautomne-comment-reduire-ses-dechets-en-toute-convivialite\\\/#primaryimage\",\"url\":\"https:\\\/\\\/www.legobeletfrancais.fr\\\/blog\\\/wp-content\\\/uploads\\\/2025\\\/10\\\/Aperos-dautomne.jpg\",\"contentUrl\":\"https:\\\/\\\/www.legobeletfrancais.fr\\\/blog\\\/wp-content\\\/uploads\\\/2025\\\/10\\\/Aperos-dautomne.jpg\",\"width\":750,\"height\":500,\"caption\":\"Ap\u00e9ros d'automne\"},{\"@type\":\"BreadcrumbList\",\"@id\":\"https:\\\/\\\/www.legobeletfrancais.fr\\\/blog\\\/aperos-dautomne-comment-reduire-ses-dechets-en-toute-convivialite\\\/#breadcrumb\",\"itemListElement\":[{\"@type\":\"ListItem\",\"position\":1,\"name\":\"Accueil\",\"item\":\"https:\\\/\\\/www.legobeletfrancais.fr\\\/blog\\\/\"},{\"@type\":\"ListItem\",\"position\":2,\"name\":\"Ap\u00e9ros d\u2019automne : comment r\u00e9duire ses d\u00e9chets en toute convivialit\u00e9\"}]},{\"@type\":\"WebSite\",\"@id\":\"https:\\\/\\\/www.legobeletfrancais.fr\\\/blog\\\/#website\",\"url\":\"https:\\\/\\\/www.legobeletfrancais.fr\\\/blog\\\/\",\"name\":\"Le Gobelet Fran\u00e7ais Blog\",\"description\":\"\",\"potentialAction\":[{\"@type\":\"SearchAction\",\"target\":{\"@type\":\"EntryPoint\",\"urlTemplate\":\"https:\\\/\\\/www.legobeletfrancais.fr\\\/blog\\\/?s={search_term_string}\"},\"query-input\":{\"@type\":\"PropertyValueSpecification\",\"valueRequired\":true,\"valueName\":\"search_term_string\"}}],\"inLanguage\":\"fr-FR\"},{\"@type\":\"Person\",\"@id\":\"https:\\\/\\\/www.legobeletfrancais.fr\\\/blog\\\/#\\\/schema\\\/person\\\/e1b9137e6e34f7b77751fe88b51d1e30\",\"name\":\"Danae\",\"image\":{\"@type\":\"ImageObject\",\"inLanguage\":\"fr-FR\",\"@id\":\"https:\\\/\\\/secure.gravatar.com\\\/avatar\\\/2b97231c0d0791a87ddfe33479c44c585a079f5c48341a53fcc3965ab7baf856?s=96&d=mm&r=g\",\"url\":\"https:\\\/\\\/secure.gravatar.com\\\/avatar\\\/2b97231c0d0791a87ddfe33479c44c585a079f5c48341a53fcc3965ab7baf856?s=96&d=mm&r=g\",\"contentUrl\":\"https:\\\/\\\/secure.gravatar.com\\\/avatar\\\/2b97231c0d0791a87ddfe33479c44c585a079f5c48341a53fcc3965ab7baf856?s=96&d=mm&r=g\",\"caption\":\"Danae\"},\"url\":\"https:\\\/\\\/www.legobeletfrancais.fr\\\/blog\\\/author\\\/danae\\\/\"}]}<\/script>\n<!-- \/ Yoast SEO plugin. -->","yoast_head_json":{"title":"Ap\u00e9ros d\u2019automne : comment r\u00e9duire ses d\u00e9chets en toute convivialit\u00e9 - Le Gobelet Fran\u00e7ais Blog","robots":{"index":"index","follow":"follow","max-snippet":"max-snippet:-1","max-image-preview":"max-image-preview:large","max-video-preview":"max-video-preview:-1"},"canonical":"https:\/\/www.legobeletfrancais.fr\/blog\/aperos-dautomne-comment-reduire-ses-dechets-en-toute-convivialite\/","og_locale":"fr_FR","og_type":"article","og_title":"Ap\u00e9ros d\u2019automne : comment r\u00e9duire ses d\u00e9chets en toute convivialit\u00e9 - Le Gobelet Fran\u00e7ais Blog","og_description":"L\u2019automne est la saison des soir\u00e9es \u00e0 la maison, des retrouvailles entre amis ou en famille autour d\u2019un bon ap\u00e9ritif. On imagine d\u00e9j\u00e0 un plaid tout doux, des lumi\u00e8res tamis\u00e9es, et des saveurs de saison \u00e0 grignoter. Pourquoi ne pas profiter de ces ap\u00e9ros cocooning pour adopter des gestes plus durables ? Apr\u00e8s tout, on [&hellip;]","og_url":"https:\/\/www.legobeletfrancais.fr\/blog\/aperos-dautomne-comment-reduire-ses-dechets-en-toute-convivialite\/","og_site_name":"Le Gobelet Fran\u00e7ais Blog","article_published_time":"2025-10-28T08:16:54+00:00","article_modified_time":"2026-01-27T09:32:55+00:00","og_image":[{"width":750,"height":500,"url":"https:\/\/www.legobeletfrancais.fr\/blog\/wp-content\/uploads\/2025\/10\/Aperos-dautomne.jpg","type":"image\/jpeg"}],"author":"Danae","twitter_card":"summary_large_image","twitter_misc":{"\u00c9crit par":"Danae","Dur\u00e9e de lecture estim\u00e9e":"9 minutes"},"schema":{"@context":"https:\/\/schema.org","@graph":[{"@type":"Article","@id":"https:\/\/www.legobeletfrancais.fr\/blog\/aperos-dautomne-comment-reduire-ses-dechets-en-toute-convivialite\/#article","isPartOf":{"@id":"https:\/\/www.legobeletfrancais.fr\/blog\/aperos-dautomne-comment-reduire-ses-dechets-en-toute-convivialite\/"},"author":{"name":"Danae","@id":"https:\/\/www.legobeletfrancais.fr\/blog\/#\/schema\/person\/e1b9137e6e34f7b77751fe88b51d1e30"},"headline":"Ap\u00e9ros d\u2019automne : comment r\u00e9duire ses d\u00e9chets en toute convivialit\u00e9","datePublished":"2025-10-28T08:16:54+00:00","dateModified":"2026-01-27T09:32:55+00:00","mainEntityOfPage":{"@id":"https:\/\/www.legobeletfrancais.fr\/blog\/aperos-dautomne-comment-reduire-ses-dechets-en-toute-convivialite\/"},"wordCount":1609,"commentCount":0,"image":{"@id":"https:\/\/www.legobeletfrancais.fr\/blog\/aperos-dautomne-comment-reduire-ses-dechets-en-toute-convivialite\/#primaryimage"},"thumbnailUrl":"https:\/\/www.legobeletfrancais.fr\/blog\/wp-content\/uploads\/2025\/10\/Aperos-dautomne.jpg","articleSection":["Divers"],"inLanguage":"fr-FR","potentialAction":[{"@type":"CommentAction","name":"Comment","target":["https:\/\/www.legobeletfrancais.fr\/blog\/aperos-dautomne-comment-reduire-ses-dechets-en-toute-convivialite\/#respond"]}]},{"@type":"WebPage","@id":"https:\/\/www.legobeletfrancais.fr\/blog\/aperos-dautomne-comment-reduire-ses-dechets-en-toute-convivialite\/","url":"https:\/\/www.legobeletfrancais.fr\/blog\/aperos-dautomne-comment-reduire-ses-dechets-en-toute-convivialite\/","name":"Ap\u00e9ros d\u2019automne : comment r\u00e9duire ses d\u00e9chets en toute convivialit\u00e9 - Le Gobelet Fran\u00e7ais Blog","isPartOf":{"@id":"https:\/\/www.legobeletfrancais.fr\/blog\/#website"},"primaryImageOfPage":{"@id":"https:\/\/www.legobeletfrancais.fr\/blog\/aperos-dautomne-comment-reduire-ses-dechets-en-toute-convivialite\/#primaryimage"},"image":{"@id":"https:\/\/www.legobeletfrancais.fr\/blog\/aperos-dautomne-comment-reduire-ses-dechets-en-toute-convivialite\/#primaryimage"},"thumbnailUrl":"https:\/\/www.legobeletfrancais.fr\/blog\/wp-content\/uploads\/2025\/10\/Aperos-dautomne.jpg","datePublished":"2025-10-28T08:16:54+00:00","dateModified":"2026-01-27T09:32:55+00:00","author":{"@id":"https:\/\/www.legobeletfrancais.fr\/blog\/#\/schema\/person\/e1b9137e6e34f7b77751fe88b51d1e30"},"breadcrumb":{"@id":"https:\/\/www.legobeletfrancais.fr\/blog\/aperos-dautomne-comment-reduire-ses-dechets-en-toute-convivialite\/#breadcrumb"},"inLanguage":"fr-FR","potentialAction":[{"@type":"ReadAction","target":["https:\/\/www.legobeletfrancais.fr\/blog\/aperos-dautomne-comment-reduire-ses-dechets-en-toute-convivialite\/"]}]},{"@type":"ImageObject","inLanguage":"fr-FR","@id":"https:\/\/www.legobeletfrancais.fr\/blog\/aperos-dautomne-comment-reduire-ses-dechets-en-toute-convivialite\/#primaryimage","url":"https:\/\/www.legobeletfrancais.fr\/blog\/wp-content\/uploads\/2025\/10\/Aperos-dautomne.jpg","contentUrl":"https:\/\/www.legobeletfrancais.fr\/blog\/wp-content\/uploads\/2025\/10\/Aperos-dautomne.jpg","width":750,"height":500,"caption":"Ap\u00e9ros d'automne"},{"@type":"BreadcrumbList","@id":"https:\/\/www.legobeletfrancais.fr\/blog\/aperos-dautomne-comment-reduire-ses-dechets-en-toute-convivialite\/#breadcrumb","itemListElement":[{"@type":"ListItem","position":1,"name":"Accueil","item":"https:\/\/www.legobeletfrancais.fr\/blog\/"},{"@type":"ListItem","position":2,"name":"Ap\u00e9ros d\u2019automne : comment r\u00e9duire ses d\u00e9chets en toute convivialit\u00e9"}]},{"@type":"WebSite","@id":"https:\/\/www.legobeletfrancais.fr\/blog\/#website","url":"https:\/\/www.legobeletfrancais.fr\/blog\/","name":"Le Gobelet Fran\u00e7ais Blog","description":"","potentialAction":[{"@type":"SearchAction","target":{"@type":"EntryPoint","urlTemplate":"https:\/\/www.legobeletfrancais.fr\/blog\/?s={search_term_string}"},"query-input":{"@type":"PropertyValueSpecification","valueRequired":true,"valueName":"search_term_string"}}],"inLanguage":"fr-FR"},{"@type":"Person","@id":"https:\/\/www.legobeletfrancais.fr\/blog\/#\/schema\/person\/e1b9137e6e34f7b77751fe88b51d1e30","name":"Danae","image":{"@type":"ImageObject","inLanguage":"fr-FR","@id":"https:\/\/secure.gravatar.com\/avatar\/2b97231c0d0791a87ddfe33479c44c585a079f5c48341a53fcc3965ab7baf856?s=96&d=mm&r=g","url":"https:\/\/secure.gravatar.com\/avatar\/2b97231c0d0791a87ddfe33479c44c585a079f5c48341a53fcc3965ab7baf856?s=96&d=mm&r=g","contentUrl":"https:\/\/secure.gravatar.com\/avatar\/2b97231c0d0791a87ddfe33479c44c585a079f5c48341a53fcc3965ab7baf856?s=96&d=mm&r=g","caption":"Danae"},"url":"https:\/\/www.legobeletfrancais.fr\/blog\/author\/danae\/"}]}},"_links":{"self":[{"href":"https:\/\/www.legobeletfrancais.fr\/blog\/wp-json\/wp\/v2\/posts\/1745","targetHints":{"allow":["GET"]}}],"collection":[{"href":"https:\/\/www.legobeletfrancais.fr\/blog\/wp-json\/wp\/v2\/posts"}],"about":[{"href":"https:\/\/www.legobeletfrancais.fr\/blog\/wp-json\/wp\/v2\/types\/post"}],"author":[{"embeddable":true,"href":"https:\/\/www.legobeletfrancais.fr\/blog\/wp-json\/wp\/v2\/users\/5"}],"replies":[{"embeddable":true,"href":"https:\/\/www.legobeletfrancais.fr\/blog\/wp-json\/wp\/v2\/comments?post=1745"}],"version-history":[{"count":9,"href":"https:\/\/www.legobeletfrancais.fr\/blog\/wp-json\/wp\/v2\/posts\/1745\/revisions"}],"predecessor-version":[{"id":1976,"href":"https:\/\/www.legobeletfrancais.fr\/blog\/wp-json\/wp\/v2\/posts\/1745\/revisions\/1976"}],"wp:featuredmedia":[{"embeddable":true,"href":"https:\/\/www.legobeletfrancais.fr\/blog\/wp-json\/wp\/v2\/media\/1757"}],"wp:attachment":[{"href":"https:\/\/www.legobeletfrancais.fr\/blog\/wp-json\/wp\/v2\/media?parent=1745"}],"wp:term":[{"taxonomy":"category","embeddable":true,"href":"https:\/\/www.legobeletfrancais.fr\/blog\/wp-json\/wp\/v2\/categories?post=1745"},{"taxonomy":"post_tag","embeddable":true,"href":"https:\/\/www.legobeletfrancais.fr\/blog\/wp-json\/wp\/v2\/tags?post=1745"}],"curies":[{"name":"wp","href":"https:\/\/api.w.org\/{rel}","templated":true}]}}