{"id":1720,"date":"2025-10-20T15:23:54","date_gmt":"2025-10-20T13:23:54","guid":{"rendered":"https:\/\/www.legobeletfrancais.fr\/blog\/?p=1720"},"modified":"2025-10-20T15:23:55","modified_gmt":"2025-10-20T13:23:55","slug":"planifier-un-evenement-responsable-le-guide-pratique","status":"publish","type":"post","link":"https:\/\/www.legobeletfrancais.fr\/blog\/planifier-un-evenement-responsable-le-guide-pratique\/","title":{"rendered":"Planifier un \u00e9v\u00e9nement responsable : le guide pratique"},"content":{"rendered":"\n<p>Les enjeux de <strong>RSE<\/strong> (Responsabilit\u00e9 Soci\u00e9tale des Entreprises) prennent une<strong> place grandissante<\/strong> dans le secteur de <strong>l\u2019\u00e9v\u00e9nementiel.<\/strong> <strong>Conjuguer le durable \u00e0 l\u2019\u00e9ph\u00e9m\u00e8re est d\u00e9sormais un imp\u00e9ratif pour r\u00e9pondre \u00e0 l\u2019urgence climatique et aux attentes du public.<\/strong> En effet, un \u00e9v\u00e9nement de 5 000 personnes peut g\u00e9n\u00e9rer en moyenne <strong>2,5 tonnes de d\u00e9chets<\/strong>, consommer 1 000 kWh d\u2019\u00e9nergie et 500 kg de papier. Face \u00e0 ces impacts consid\u00e9rables, il est<strong> plus que jamais n\u00e9cessaire de passer \u00e0 l\u2019action pour organiser des \u00e9v\u00e9nements \u00e9coresponsables.<\/strong><\/p>\n\n\n\n<p>Au-del\u00e0 de l\u2019impact environnemental,<strong> adopter<\/strong> une <strong>organisation \u00e9coresponsable<\/strong> dans l\u2019\u00e9v\u00e9nementiel constitue <strong>un v\u00e9ritable avantage comp\u00e9titif.<\/strong> Un <strong>\u00e9v\u00e9nement durable<\/strong> <strong>valorise <\/strong>votre <strong>image de marque et engage vos parties prenantes<\/strong> : les participants, de simples spectateurs, deviennent acteurs du d\u00e9veloppement durable lorsqu\u2019ils adh\u00e8rent \u00e0 votre d\u00e9marche. Dans ce guide pratique, <strong><a href=\"https:\/\/www.legobeletfrancais.fr\/\">Le Gobelet Fran\u00e7ais<\/a><\/strong> vous proposons des <strong>\u00e9tapes cl\u00e9s<\/strong> et des <strong>conseils concrets<\/strong> pour<strong> planifier un \u00e9v\u00e9nement \u00e0 la fois durable et efficace<\/strong>, que vous soyez une entreprise, une collectivit\u00e9 ou une agence \u00e9v\u00e9nementielle.<\/p>\n\n\n\n<h2 class=\"wp-block-heading\" style=\"font-size:clamp(16.293px, 1.018rem + ((1vw - 3.2px) * 0.68), 25px);\">1. D\u00e9finir des objectifs clairs<\/h2>\n\n\n\n<p>La <strong>premi\u00e8re \u00e9tape<\/strong> d\u2019une organisation \u00e9v\u00e9nementielle responsable consiste \u00e0 <strong>d\u00e9finir des objectifs RSE pr\u00e9cis<\/strong>. Clarifiez ce que vous souhaitez accomplir en termes d\u2019<strong>empreinte carbone<\/strong>, de <strong>budget durable<\/strong> et d\u2019<strong>image de marque<\/strong> <strong>avant de lancer la planification<\/strong>. Des objectifs bien d\u00e9finis serviront de <strong>fil conducteur<\/strong> pour <strong>orienter<\/strong> toutes vos <strong>d\u00e9cisions <\/strong>et <strong>mesurer <\/strong>le <strong>succ\u00e8s de votre d\u00e9marche.<\/strong><\/p>\n\n\n\n<ul class=\"wp-block-list\">\n<li><strong>Mesurer et r\u00e9duire l\u2019empreinte carbone :<\/strong> \u00c9valuez l\u2019empreinte carbone pr\u00e9visionnelle de l\u2019\u00e9v\u00e9nement (par exemple via un <strong>bilan carbone<\/strong>) et <strong>fixez un objectif de r\u00e9duction<\/strong>. <strong>Identifiez <\/strong>les <strong>postes <\/strong>les plus <strong>\u00e9metteurs <\/strong>(transports, \u00e9nergie, d\u00e9chets) et <strong>planifiez <\/strong>des <strong>actions <\/strong>pour les <strong>optimiser <\/strong>ou les <strong>compenser <\/strong>si n\u00e9cessaire.<\/li>\n\n\n\n<li><strong>Fixer des indicateurs de suivi :<\/strong> D\u00e9terminez des <strong>KPI environnementaux et sociaux<\/strong> pour suivre vos progr\u00e8s : volume de d\u00e9chets \u00e9vit\u00e9s, part d\u2019\u00e9nergie verte consomm\u00e9e, taux de recyclage, etc. <strong>Ces indicateurs<\/strong> mesurables vous <strong>permettront d\u2019\u00e9valuer l\u2019efficacit\u00e9<\/strong> de vos <strong>actions <\/strong>et d\u2019en <strong>rendre compte de fa\u00e7on transparente.<\/strong><\/li>\n\n\n\n<li><strong>Allouer un budget align\u00e9 sur vos ambitions :<\/strong> Pr\u00e9voyez un<strong> budget d\u00e9di\u00e9 aux initiatives durables <\/strong>(choix de prestataires verts, achats responsables, syst\u00e8me de recyclage\u2026). <strong>L\u2019\u00e9co-responsabilit\u00e9<\/strong> a certes un co\u00fbt initial, mais elle<strong> permet<\/strong> aussi <strong>des \u00e9conomies \u00e0 moyen terme<\/strong> (moins de d\u00e9chets \u00e0 traiter, moins de gaspillage, optimisation des ressources). Concevez votre <strong>budget durable<\/strong> comme un <strong>investissement<\/strong> gagnant-gagnant <strong>pour la plan\u00e8te et pour votre \u00e9v\u00e9nement.<\/strong><\/li>\n\n\n\n<li><strong>Aligner avec l\u2019image de marque :<\/strong> Assurez-vous que vos <strong>objectifs s\u2019accordent<\/strong> <strong>avec les valeurs de votre organisation.<\/strong> <strong>Un \u00e9v\u00e9nement RSE r\u00e9ussi renforce la r\u00e9putation de votre entreprise et son image de marque durable. Communiquez en interne<\/strong> sur ces objectifs pour <strong>mobiliser vos \u00e9quipes <\/strong>autour d\u2019une<strong> vision commune et exemplaire.<\/strong><\/li>\n<\/ul>\n\n\n\n<h2 class=\"wp-block-heading\" style=\"font-size:clamp(16.293px, 1.018rem + ((1vw - 3.2px) * 0.68), 25px);\">2. Choisir les bons partenaires<\/h2>\n\n\n\n<div class=\"wp-block-media-text is-stacked-on-mobile is-image-fill-element\"><figure class=\"wp-block-media-text__media\"><img fetchpriority=\"high\" decoding=\"async\" width=\"1024\" height=\"683\" src=\"https:\/\/www.legobeletfrancais.fr\/blog\/wp-content\/uploads\/2025\/10\/Le-Gobelet-Francais-un-partenaire-ideal-pour-un-evenement-responsable-1024x683.jpg\" alt=\"Le Gobelet Fran\u00e7ais, un partenaire id\u00e9al pour un \u00e9v\u00e9nement responsable\" class=\"wp-image-1736 size-full\" style=\"object-position:50% 50%\" srcset=\"https:\/\/www.legobeletfrancais.fr\/blog\/wp-content\/uploads\/2025\/10\/Le-Gobelet-Francais-un-partenaire-ideal-pour-un-evenement-responsable-1024x683.jpg 1024w, https:\/\/www.legobeletfrancais.fr\/blog\/wp-content\/uploads\/2025\/10\/Le-Gobelet-Francais-un-partenaire-ideal-pour-un-evenement-responsable-300x200.jpg 300w, https:\/\/www.legobeletfrancais.fr\/blog\/wp-content\/uploads\/2025\/10\/Le-Gobelet-Francais-un-partenaire-ideal-pour-un-evenement-responsable-768x512.jpg 768w, https:\/\/www.legobeletfrancais.fr\/blog\/wp-content\/uploads\/2025\/10\/Le-Gobelet-Francais-un-partenaire-ideal-pour-un-evenement-responsable-1536x1025.jpg 1536w, https:\/\/www.legobeletfrancais.fr\/blog\/wp-content\/uploads\/2025\/10\/Le-Gobelet-Francais-un-partenaire-ideal-pour-un-evenement-responsable.jpg 1920w\" sizes=\"(max-width: 1024px) 100vw, 1024px\" \/><\/figure><div class=\"wp-block-media-text__content\">\n<p>Vos <strong>partenaires <\/strong>et <strong>fournisseurs <\/strong>jouent un<strong> r\u00f4le d\u00e9terminant<\/strong> dans la <strong>r\u00e9ussite<\/strong> de votre <strong>\u00e9v\u00e9nement durable.<\/strong> Il s\u2019agit de <strong>s\u00e9lectionner avec soin<\/strong> des <strong>acteurs partageant vos engagements, capables de proposer des solutions \u00e9coresponsables et d\u2019adopter une d\u00e9marche transparente<\/strong>. Du lieu de l\u2019\u00e9v\u00e9nement aux prestataires techniques, <strong>chaque partenaire doit contribuer positivement<\/strong> \u00e0 vos <strong>objectifs RSE.<\/strong><\/p>\n<\/div><\/div>\n\n\n\n<ul class=\"wp-block-list\">\n<li><strong>Favoriser les fournisseurs locaux :<\/strong> <strong>Privil\u00e9giez les prestataires de votre r\u00e9gion<\/strong> (traiteurs, techniciens, imprimeurs) afin de r\u00e9duire les transports et leur empreinte carbone. Par exemple, choisir un <strong>traiteur local<\/strong> utilisant des ingr\u00e9dients de saison <strong>diminue les \u00e9missions li\u00e9es au transport et soutient l\u2019\u00e9conomie locale<\/strong>. De m\u00eame, opter pour<strong> un lieu proche des participants limitera les d\u00e9placements individuels.<\/strong><\/li>\n\n\n\n<li><strong>Exiger des labels et garanties :<\/strong> S\u00e9lectionnez des <strong>partenaires certifi\u00e9s<\/strong> ou <strong>labellis\u00e9s <\/strong>pour leurs <strong>bonnes pratiques environnementales et sociales.<\/strong> Vous pouvez par exemple retenir un lieu d\u2019\u00e9v\u00e9nement certifi\u00e9 ISO 20121 ou HQE, un h\u00f4tel affichant l\u2019\u00e9colabel Clef Verte, ou un imprimeur engag\u00e9 Imprim\u2019Vert. Ces <strong>labels <\/strong>sont un <strong>gage de s\u00e9rieux<\/strong> et vous <strong>assurent que vos prestataires respectent un cahier des charges durable.<\/strong><\/li>\n\n\n\n<li><strong>Instaurer la transparence :<\/strong> <strong>Communiquez <\/strong>clairement vos <strong>attentes RSE<\/strong> \u00e0 tous les <strong>partenaires d\u00e8s le d\u00e9part<\/strong> et<strong> encouragez-les \u00e0 faire preuve de transparence sur leurs propres actions durables. <\/strong>\u00c9tablissez une <strong>relation <\/strong>de confiance mutuelle, <strong>fond\u00e9e sur l\u2019\u00e9thique et la transparence<\/strong>, avec l\u2019ensemble des parties prenantes impliqu\u00e9es. Par exemple, demandez des bilans (d\u00e9chets recycl\u00e9s, provenance des produits, etc.) \u00e0 vos fournisseurs apr\u00e8s l\u2019\u00e9v\u00e9nement pour v\u00e9rifier les r\u00e9sultats et maintenir chacun accountable. <strong>Cette collaboration sinc\u00e8re renforce la coh\u00e9rence de votre projet.<\/strong><\/li>\n<\/ul>\n\n\n\n<h2 class=\"wp-block-heading\" style=\"font-size:clamp(16.293px, 1.018rem + ((1vw - 3.2px) * 0.68), 25px);\">3. Anticiper une logistique \u00e9coresponsable<\/h2>\n\n\n\n<p>La <strong>logistique <\/strong>est le <strong>c\u0153ur op\u00e9rationnel de votre \u00e9v\u00e9nement<\/strong>, et c\u2019est<strong> souvent l\u00e0 que se joue son impact environnemental.<\/strong> <strong>Anticipez<\/strong> tr\u00e8s t\u00f4t tous <strong>les aspects logistiques<\/strong>, du transport des participants \u00e0 la gestion des d\u00e9chets en passant par l\u2019\u00e9nergie, <strong>afin d\u2019int\u00e9grer des solutions \u00e9coresponsables<\/strong> \u00e0 chaque \u00e9tape. <strong>Une bonne planification \u00e9vite les improvisations co\u00fbteuses <\/strong>(pour la plan\u00e8te comme pour le budget) et <strong>garantit une ex\u00e9cution fluide le jour J.<\/strong><\/p>\n\n\n\n<div class=\"wp-block-media-text has-media-on-the-right is-stacked-on-mobile is-image-fill-element\"><div class=\"wp-block-media-text__content\">\n<ul class=\"wp-block-list\">\n<li><strong>Mobilit\u00e9 douce des participants :<\/strong> Choisissez un<strong> lieu facilement accessible en transports en commun et encouragez activement leur utilisation<\/strong> (communication des lignes de m\u00e9tro\/bus, mise \u00e0 disposition de navettes depuis la gare, etc.). Organisez un syst\u00e8me de <strong>covoiturage<\/strong> en amont via la page d\u2019inscription, ou<strong> n\u00e9gociez<\/strong> des <strong>r\u00e9ductions avec les compagnies ferroviaires si beaucoup d\u2019invit\u00e9s viennent de loin. Limiter les trajets individuels en voiture ou avion r\u00e9duira significativement le bilan carbone de l\u2019\u00e9v\u00e9nement.<\/strong> Rappelons que le transport des publics est souvent la plus grande source d\u2019\u00e9missions : au Royaume-Uni, les festivals utilisent chaque ann\u00e9e 5 millions de litres de carburant, \u00e9mettant 20 000 tonnes de CO\u2082. Il est donc crucial d\u2019agir sur ce levier.<\/li>\n<\/ul>\n<\/div><figure class=\"wp-block-media-text__media\"><img decoding=\"async\" width=\"683\" height=\"1024\" src=\"https:\/\/www.legobeletfrancais.fr\/blog\/wp-content\/uploads\/2025\/10\/Gobelets-personnalises-pour-un-evenement-responsable-1-683x1024.jpg\" alt=\"Gobelets personnalis\u00e9s pour un \u00e9v\u00e9nement responsable\" class=\"wp-image-1739 size-full\" style=\"object-position:100% 50%\" srcset=\"https:\/\/www.legobeletfrancais.fr\/blog\/wp-content\/uploads\/2025\/10\/Gobelets-personnalises-pour-un-evenement-responsable-1-683x1024.jpg 683w, https:\/\/www.legobeletfrancais.fr\/blog\/wp-content\/uploads\/2025\/10\/Gobelets-personnalises-pour-un-evenement-responsable-1-200x300.jpg 200w, https:\/\/www.legobeletfrancais.fr\/blog\/wp-content\/uploads\/2025\/10\/Gobelets-personnalises-pour-un-evenement-responsable-1-768x1152.jpg 768w, https:\/\/www.legobeletfrancais.fr\/blog\/wp-content\/uploads\/2025\/10\/Gobelets-personnalises-pour-un-evenement-responsable-1-1024x1536.jpg 1024w, https:\/\/www.legobeletfrancais.fr\/blog\/wp-content\/uploads\/2025\/10\/Gobelets-personnalises-pour-un-evenement-responsable-1.jpg 1280w\" sizes=\"(max-width: 683px) 100vw, 683px\" \/><\/figure><\/div>\n\n\n\n<ul class=\"wp-block-list\">\n<li><strong>Gestion des d\u00e9chets exemplaire :<\/strong> Visez un <strong>\u00e9v\u00e9nement z\u00e9ro d\u00e9chet<\/strong> (ou presque) en planifiant un dispositif de <strong>tri <\/strong>et de <strong>r\u00e9duction des d\u00e9chets<\/strong> d\u00e8s la conception.<strong> Supprimez le plastique \u00e0 usage unique <\/strong>: bannissez par exemple les bouteilles jetables et pr\u00e9voyez des fontaines \u00e0 eau, des gourdes ou <strong><a href=\"https:\/\/www.legobeletfrancais.fr\/entreprise-evenementiel\/evenementiel\">gobelets r\u00e9utilisables<\/a> tels que ceux propos\u00e9s par Le Gobelet Fran\u00e7ais<\/strong> pour tous les consommables. Installez des <strong>points de tri s\u00e9lectif<\/strong> bien signal\u00e9s sur le site pour recycler papier, verre, m\u00e9taux et biod\u00e9chets. Vous pouvez faire appel \u00e0 des prestataires sp\u00e9cialis\u00e9s dans la gestion responsable des d\u00e9chets (recyclage, compostage) et <strong>donner les surplus alimentaires \u00e0 des associations<\/strong>. En <strong>sensibilisant le public sur place<\/strong> (panneaux explicatifs, annonces) et en <strong>facilitant <\/strong>le <strong>tri<\/strong>, vous <strong>r\u00e9duirez drastiquement la quantit\u00e9 de d\u00e9chets<\/strong> ultimes \u00e0 traiter.<\/li>\n\n\n\n<li><strong>\u00c9nergie et ressources :<\/strong> <strong>R\u00e9duisez <\/strong>la <strong>consommation d\u2019\u00e9nergie <\/strong>et <strong>privil\u00e9giez <\/strong>les <strong>sources renouvelables.<\/strong> C\u00f4t\u00e9 \u00e9clairage, utilisez des ampoules <strong>LED basse consommation<\/strong> et exploitez la <strong>lumi\u00e8re naturelle<\/strong> autant que possible. Optimisez le chauffage ou la climatisation du lieu (r\u00e9gulation intelligente, portes ferm\u00e9es) et <strong>\u00e9vitez les appareils laiss\u00e9s en veille inutilement<\/strong>. Si le site le permet, optez pour une <strong>\u00e9lectricit\u00e9 d\u2019origine renouvelable<\/strong> (certificats verts ou g\u00e9n\u00e9rateurs aliment\u00e9s au biocarburant). Certains lieux engag\u00e9s, comme L\u2019Embarcad\u00e8re \u00e0 Lyon, montrent l\u2019exemple avec un \u00e9clairage 100 % LED et de l\u2019\u00e9nergie verte pour r\u00e9duire leur empreinte environnementale. <strong>Chaque kilowattheure \u00e9conomis\u00e9 compte.<\/strong> Enfin, <strong>g\u00e9rez intelligemment l\u2019eau<\/strong> : <strong>pr\u00e9f\u00e9rez la vaisselle lavable aux articles jetables<\/strong>, offrez des points d\u2019eau plut\u00f4t que des bouteilles et <strong>sensibilisez aux \u00e9conomies d\u2019eau dans les sanitaires.<\/strong><\/li>\n<\/ul>\n\n\n\n<p>En <strong>anticipant <\/strong>ces <strong>aspects logistiques<\/strong>, vous ferez de l\u2019<strong>\u00e9co-responsabilit\u00e9<\/strong> une <strong>composante naturelle de votre \u00e9v\u00e9nement<\/strong>,<strong> sans sacrifier le confort des participants.<\/strong><\/p>\n\n\n\n<h2 class=\"wp-block-heading\" style=\"font-size:clamp(16.293px, 1.018rem + ((1vw - 3.2px) * 0.68), 25px);\">4. Int\u00e9grer des outils concrets et innovants<\/h2>\n\n\n\n<p>Des<strong> gobelets r\u00e9utilisables personnalis\u00e9s<\/strong> d\u00e9ploy\u00e9s lors d\u2019un festival. Ils <strong>remplacent des milliers de gobelets jetables et deviennent un souvenir durable pour les participants.<\/strong><\/p>\n\n\n\n<div class=\"wp-block-media-text is-stacked-on-mobile is-image-fill-element\"><figure class=\"wp-block-media-text__media\"><img decoding=\"async\" width=\"1024\" height=\"683\" src=\"https:\/\/www.legobeletfrancais.fr\/blog\/wp-content\/uploads\/2025\/10\/Gobelets-personnalises-pour-un-evenement-responsable-2-1024x683.jpg\" alt=\"Gobelets personnalis\u00e9s pour un \u00e9v\u00e9nement responsable\" class=\"wp-image-1740 size-full\" style=\"object-position:0% 100%\" srcset=\"https:\/\/www.legobeletfrancais.fr\/blog\/wp-content\/uploads\/2025\/10\/Gobelets-personnalises-pour-un-evenement-responsable-2-1024x683.jpg 1024w, https:\/\/www.legobeletfrancais.fr\/blog\/wp-content\/uploads\/2025\/10\/Gobelets-personnalises-pour-un-evenement-responsable-2-300x200.jpg 300w, https:\/\/www.legobeletfrancais.fr\/blog\/wp-content\/uploads\/2025\/10\/Gobelets-personnalises-pour-un-evenement-responsable-2-768x512.jpg 768w, https:\/\/www.legobeletfrancais.fr\/blog\/wp-content\/uploads\/2025\/10\/Gobelets-personnalises-pour-un-evenement-responsable-2-1536x1024.jpg 1536w, https:\/\/www.legobeletfrancais.fr\/blog\/wp-content\/uploads\/2025\/10\/Gobelets-personnalises-pour-un-evenement-responsable-2.jpg 2048w\" sizes=\"(max-width: 1024px) 100vw, 1024px\" \/><\/figure><div class=\"wp-block-media-text__content\">\n<p>Pour rendre votre <strong>\u00e9v\u00e9nement durable<\/strong> <strong>tangible<\/strong>, l\u2019adoption d<strong>\u2019outils concrets<\/strong> est <strong>essentielle<\/strong>. Parmi les solutions phares figure l\u2019utilisation de <strong>ecocups r\u00e9utilisables<\/strong> tel que ceux propos\u00e9s par <strong>Le Gobelet Fran\u00e7ais.<\/strong> C\u2019est une <strong>mesure simple<\/strong> \u00e0 mettre en \u0153uvre qui <strong>apporte <\/strong>des <strong>r\u00e9sultats imm\u00e9diats<\/strong> en mati\u00e8re de <strong>r\u00e9duction<\/strong> des <strong>d\u00e9chets<\/strong>. De plus, cela <strong>renforce <\/strong>le <strong>caract\u00e8re innovant<\/strong> et <strong>responsable <\/strong>de votre organisation aux yeux du public.<\/p>\n<\/div><\/div>\n\n\n\n<ul class=\"wp-block-list\">\n<li><strong>Adopter les \u00e9co-gobelets personnalis\u00e9s :<\/strong> <strong>Remplacez<\/strong> tous les<strong> verres \u00e0 usage unique<\/strong> <strong>par <\/strong>des <strong><a href=\"https:\/\/www.legobeletfrancais.fr\/configurator?themeType=custom\">gobelets r\u00e9utilisables personnalis\u00e9s <\/a><\/strong>au nom de votre<strong> entreprise<\/strong> ou de <strong>l\u2019\u00e9v\u00e9nement<\/strong>. Contrairement aux gobelets jetables, ces contenants <strong>peuvent servir des dizaines de fois s\u2019ils sont correctement nettoy\u00e9s<\/strong>, ce qui <strong>r\u00e9duit l\u2019empreinte \u00e9cologique<\/strong> de mani\u00e8re significative et <strong>permet <\/strong>m\u00eame de<strong> r\u00e9aliser des \u00e9conomies.<\/strong> En effet, fabriquer quelques milliers de<strong> ecocups durables<\/strong> requiert bien<strong> moins de mati\u00e8re et d\u2019\u00e9nergie que de produire les tonnes de gobelets jetables<\/strong> qu\u2019un grand festival utiliserait normalement. Vos <strong>participants appr\u00e9cieront <\/strong>\u00e9galement de <strong>conserver <\/strong>le <strong>gobelet en souvenir,<\/strong> prolongeant ainsi la visibilit\u00e9 de votre marque.<\/li>\n\n\n\n<li><strong>Mettre en place la consigne :<\/strong> Pour inciter au retour et \u00e0 la r\u00e9utilisation de ces ecocups, <strong>instaurez <\/strong>un syst\u00e8me de <strong>consigne<\/strong> (par exemple 1 \u20ac r\u00e9cup\u00e9rable en rendant le gobelet). Cette pratique, courante dans les festivals, garantit que <strong>les gobelets ne finissent pas abandonn\u00e9s en fin d\u2019\u00e9v\u00e9nement<\/strong> et qu\u2019ils<strong> pourront resservir lors d\u2019une prochaine \u00e9dition<\/strong>. Communiquez clairement sur les points de collecte et la proc\u00e9dure pour rendre la consigne fluide et efficace.<\/li>\n\n\n\n<li><strong>Multiplier les outils \u00e9coresponsables :<\/strong> Au-del\u00e0 des gobelets,<strong> pensez aux<\/strong> autres <strong>\u00e9quipements <\/strong>concrets <strong>qui peuvent verdir votre \u00e9v\u00e9nement<\/strong>. Par exemple, utilisez de la<strong> vaisselle lavable<\/strong> ou <strong>compostable <\/strong>pour la <strong>restauration<\/strong>, pr\u00e9voyez des poubelles de tri design et ludiques pour encourager le recyclage, ou encore des <strong>bornes de recharge solaires<\/strong> pour alimenter smartphones et appareils des visiteurs. De m\u00eame, des <strong>applications mobiles<\/strong> ou <strong>plateformes en ligne<\/strong> peuvent <strong>d\u00e9mat\u00e9rialiser <\/strong>les <strong>billets<\/strong>, <strong>plans <\/strong>et <strong>inscriptions<\/strong>, <strong>r\u00e9duisant l\u2019impression papier<\/strong>. Chaque outil innovant mis en place est une brique suppl\u00e9mentaire apport\u00e9e \u00e0 l\u2019\u00e9difice d\u2019un<strong> \u00e9v\u00e9nement plus responsable.<\/strong><\/li>\n<\/ul>\n\n\n\n<p>En int\u00e9grant ces solutions concr\u00e8tes, vous montrez qu\u2019une <strong>organisation \u00e9coresponsable<\/strong> <strong>passe <\/strong>aussi par des <strong>choix op\u00e9rationnels visibles<\/strong>. Ces actions parlent d\u2019elles-m\u00eames et <strong>d\u00e9montrent votre engagement <\/strong>aupr\u00e8s du public.<\/p>\n\n\n\n<h2 class=\"wp-block-heading\" style=\"font-size:clamp(16.293px, 1.018rem + ((1vw - 3.2px) * 0.68), 25px);\">5. Valoriser la d\u00e9marche dans la communication (avant, pendant, apr\u00e8s)<\/h2>\n\n\n\n<div class=\"wp-block-media-text has-media-on-the-right is-stacked-on-mobile is-image-fill-element\"><div class=\"wp-block-media-text__content\">\n<p><strong>Organiser un \u00e9v\u00e9nement durable ne suffit pas<\/strong>, il faut aussi <strong>valoriser<\/strong> et faire conna\u00eetre votre d\u00e9marche pour maximiser son impact. La <strong>communication <\/strong>doit <strong>int\u00e9grer <\/strong>vos <strong>engagements avant, pendant et apr\u00e8s l\u2019\u00e9v\u00e9nement<\/strong>, avec un ton sinc\u00e8re et p\u00e9dagogique. Bien men\u00e9e, elle permet de <strong>sensibiliser un large public<\/strong>, de <strong>f\u00e9d\u00e9rer les participants autour de votre initiative<\/strong> et de<strong> renforcer la cr\u00e9dibilit\u00e9 de votre organisation.<\/strong> Voici comment rythmer votre communication \u00e0 chaque \u00e9tape&nbsp;:<\/p>\n<\/div><figure class=\"wp-block-media-text__media\"><img loading=\"lazy\" decoding=\"async\" width=\"1024\" height=\"684\" src=\"https:\/\/www.legobeletfrancais.fr\/blog\/wp-content\/uploads\/2025\/10\/Valoriser-un-evenement-responsable-1-1024x684.jpg\" alt=\"Valoriser un \u00e9v\u00e9nement responsable\" class=\"wp-image-1742 size-full\" style=\"object-position:54% 48%\" srcset=\"https:\/\/www.legobeletfrancais.fr\/blog\/wp-content\/uploads\/2025\/10\/Valoriser-un-evenement-responsable-1-1024x684.jpg 1024w, https:\/\/www.legobeletfrancais.fr\/blog\/wp-content\/uploads\/2025\/10\/Valoriser-un-evenement-responsable-1-300x200.jpg 300w, https:\/\/www.legobeletfrancais.fr\/blog\/wp-content\/uploads\/2025\/10\/Valoriser-un-evenement-responsable-1-768x513.jpg 768w, https:\/\/www.legobeletfrancais.fr\/blog\/wp-content\/uploads\/2025\/10\/Valoriser-un-evenement-responsable-1-1536x1026.jpg 1536w, https:\/\/www.legobeletfrancais.fr\/blog\/wp-content\/uploads\/2025\/10\/Valoriser-un-evenement-responsable-1-2048x1368.jpg 2048w\" sizes=\"(max-width: 1024px) 100vw, 1024px\" \/><\/figure><\/div>\n\n\n\n<ul class=\"wp-block-list\">\n<li><strong>Avant l\u2019\u00e9v\u00e9nement :<\/strong> <strong>Annoncez <\/strong>clairement la <strong>couleur \u00e9coresponsable<\/strong> d\u00e8s la <strong>phase de promotion.<\/strong> Sur le site web, les invitations ou les r\u00e9seaux sociaux, <strong>mettez en avant <\/strong>que vous organisez un <strong>\u00e9v\u00e9nement durable<\/strong> et <strong>d\u00e9taillez quelques actions phares pr\u00e9vues<\/strong> (lieu \u00e9co-certifi\u00e9, z\u00e9ro plastique, etc.). <strong>Incitez les inscrits \u00e0 adopter les bons r\u00e9flexes en amont<\/strong> : par exemple, communiquez sur les options de transport vert (lien vers un plan d\u2019acc\u00e8s en transport en commun, incitation au covoiturage). Cette pr\u00e9paration en amont <strong>sensibilise les participants<\/strong> et les <strong>implique <\/strong>d\u00e9j\u00e0 dans votre <strong>d\u00e9marche RSE.<\/strong> N\u2019h\u00e9sitez pas \u00e0 <strong>cr\u00e9er de l\u2019attente positive<\/strong> en montrant que <strong>l\u2019exp\u00e9rience <\/strong>sera \u00e0 la fois <strong>conviviale <\/strong>et <strong>responsable<\/strong>.<\/li>\n\n\n\n<li><strong>Pendant l\u2019\u00e9v\u00e9nement :<\/strong> Le jour J, <strong>faites vivre concr\u00e8tement vos engagements<\/strong> \u00e0 travers la <strong>signal\u00e9tique<\/strong> et les animations. Affichez des <strong>panneaux explicatifs<\/strong> sur vos actions (tri des d\u00e9chets, origine locale des produits, fonctionnement de la consigne des gobelets, etc.) <strong>pour \u00e9duquer<\/strong> sans \u00eatre moralisateur. Par exemple, un <strong>tableau <\/strong>peut <strong>indiquer <\/strong>en temps r\u00e9el le <strong>nombre de gobelets r\u00e9utilisables collect\u00e9s <\/strong>ou les kilos de d\u00e9chets compost\u00e9s, ce qui motive chacun \u00e0 faire un geste. <strong>Valorisez <\/strong>\u00e9galement vos<strong> partenaires engag\u00e9s<\/strong> : mentionnez-les lors des discours, <strong>pr\u00e9voyez un espace pour des stands d\u2019initiatives durables<\/strong>, ou projetez des vid\u00e9os courtes pr\u00e9sentant leurs solutions. L\u2019id\u00e9e est de <strong>montrer<\/strong> concr\u00e8tement \u00e0 votre public que les <strong>actions \u00e9cologiques<\/strong> et <strong>\u00e9thiques<\/strong>, c\u2019est possible et facile, et de <strong>donner envie<\/strong> de les reproduire. En <strong>impliquant <\/strong>activement vos <strong>participants <\/strong>(ateliers, quizz sur l\u2019empreinte carbone, hashtags d\u00e9di\u00e9s \u00e0 partager sur les r\u00e9seaux), vous les <strong>transformez<\/strong> en <strong>ambassadeurs <\/strong>sur place <strong>de votre \u00e9v\u00e9nement responsable.<\/strong><\/li>\n\n\n\n<li><strong>Apr\u00e8s l\u2019\u00e9v\u00e9nement :<\/strong> Ne laissez pas retomber l\u2019effort une fois les portes ferm\u00e9es. Dans les jours qui suivent, <strong>communiquez sur les r\u00e9sultats concrets de votre d\u00e9marche.<\/strong> Par exemple, <strong>envoyez <\/strong>un <strong>email <\/strong>ou <strong>publiez <\/strong>un <strong>article <\/strong>post-\u00e9v\u00e9nement pour remercier les participants et quantifier les succ\u00e8s : \u00ab Gr\u00e2ce \u00e0 vous, nous avons recycl\u00e9 X kg de d\u00e9chets, \u00e9vit\u00e9 Y tonnes de CO\u2082 et 95% des gobelets ont \u00e9t\u00e9 r\u00e9utilis\u00e9s ! \u00bb. Partagez aussi des <strong>photos <\/strong>et <strong>t\u00e9moignages <\/strong>mettant en valeur les temps forts <strong>responsables<\/strong>. Cette <strong>transparence<\/strong>, avec des donn\u00e9es \u00e0 l\u2019appui, <strong>renforce votre cr\u00e9dibilit\u00e9<\/strong> tout en illustrant l\u2019<strong>impact positif collectif<\/strong>. C\u2019est \u00e9galement le moment de<strong> solliciter<\/strong> du <strong>feedback <\/strong>: recueillez l\u2019<strong>avis des participants<\/strong> sur vos <strong>initiatives vertes,<\/strong> cela vous aidera \u00e0 vous am\u00e9liorer et montre que vous \u00eates dans une<strong> d\u00e9marche de progr\u00e8s continu<\/strong>. Enfin, <strong>valorisez votre \u00e9v\u00e9nement \u00e9coresponsable aupr\u00e8s d\u2019un public plus larg<\/strong>e (communiqu\u00e9s, r\u00e9seaux sociaux, \u00e9tude de cas) pour d\u00e9multiplier son effet : votre <strong>retour d\u2019exp\u00e9rience<\/strong> peut <strong>inspirer <\/strong>d\u2019<strong>autres organisations<\/strong> \u00e0 passer \u00e0 l\u2019action \u00e0 leur tour.<\/li>\n<\/ul>\n\n\n\n<p>En int\u00e9grant la <strong>communication durable<\/strong> \u00e0 chaque \u00e9tape, vous <strong>donnez de la visibilit\u00e9 \u00e0 vos engagements <\/strong>et <strong>cr\u00e9ez une v\u00e9ritable communaut\u00e9<\/strong> autour de votre \u00e9v\u00e9nement. <strong>Ce storytelling authentique transforme une initiative interne en message inspirant pour votre \u00e9cosyst\u00e8me.<\/strong><\/p>\n\n\n\n<h2 class=\"wp-block-heading\" style=\"font-size:clamp(16.293px, 1.018rem + ((1vw - 3.2px) * 0.68), 25px);\">Conclusion<\/h2>\n\n\n\n<p><strong>Planifier un \u00e9v\u00e9nement responsable<\/strong>, c\u2019est faire preuve de <strong>responsabilit\u00e9<\/strong>, de <strong>coh\u00e9rence<\/strong> et de <strong>visibilit\u00e9<\/strong>. Responsabilit\u00e9, car <strong>chaque organisateur a un r\u00f4le \u00e0 jouer face aux d\u00e9fis climatiques et sociaux<\/strong> en r\u00e9duisant l\u2019impact de ses manifestations. Coh\u00e9rence, car les <strong>actions men\u00e9es doivent s\u2019aligner avec les valeurs proclam\u00e9es de l\u2019entreprise<\/strong> et <strong>s\u2019inscrire dans une strat\u00e9gie RSE globale et p\u00e9renne<\/strong>. Visibilit\u00e9 enfin, car <strong>un \u00e9v\u00e9nement durable bien communiqu\u00e9 renforce la r\u00e9putation de votre organisation<\/strong> et <strong>sert d\u2019exemple \u00e0 suivre.<\/strong><\/p>\n\n\n\n<p>En suivant ce <strong>guide pratique<\/strong>, vous<strong> poserez les bases d\u2019un \u00e9v\u00e9nement<\/strong> \u00e0 <strong>impact positif<\/strong>, o\u00f9 <strong>chaque d\u00e9cision,<\/strong> du choix des partenaires aux outils utilis\u00e9s, <strong>contribue \u00e0 un tout harmonieux<\/strong>. Les <strong>b\u00e9n\u00e9fices <\/strong>seront <strong>multiples <\/strong>: vous <strong>optimiserez<\/strong> les <strong>ressources<\/strong>, <strong>am\u00e9liorerez <\/strong>votre <strong>image de marque<\/strong>, et <strong>tisserez des liens plus forts avec vos parties prenantes<\/strong> en montrant l\u2019exemple. De plus, vous <strong>r\u00e9pondrez<\/strong> aux <strong>attentes <\/strong>grandissantes du <strong>public <\/strong>et des <strong>clients <\/strong>pour des <strong>exp\u00e9riences plus respectueuses de la plan\u00e8te<\/strong>, transformant vos participants en partenaires du changement.<\/p>\n\n\n\n<p>En somme, un <strong>\u00e9v\u00e9nement durable<\/strong> n\u2019est plus une simple option ou un effet de mode, c\u2019est un<strong> levier d\u2019innovation<\/strong> et de <strong>cr\u00e9dibilit\u00e9<\/strong>. En passant \u00e0 l\u2019action d\u00e8s aujourd\u2019hui, vous<strong> affirmez votre engagement <\/strong>et <strong>d\u00e9montrez qu\u2019il est possible de faire la f\u00eate,<\/strong> de se <strong>rassembler<\/strong> ou de <strong>promouvoir<\/strong> son activit\u00e9 tout en <strong>faisant du bien \u00e0 la soci\u00e9t\u00e9<\/strong> et \u00e0 <strong>l\u2019environnement<\/strong>. \u00c0 vous maintenant de jouer, et de prouver qu\u2019<strong>organisation \u00e9coresponsable<\/strong> rime avec succ\u00e8s et exemplarit\u00e9 pour les \u00e9v\u00e9nements de demain. \ud83c\udf43<\/p>\n\n\n\n<p><strong>Sources :<\/strong> Les bonnes pratiques et donn\u00e9es cit\u00e9es proviennent notamment de l\u2019Agence de la transition \u00e9cologique (ADEME) et de guides sp\u00e9cialis\u00e9s (Carbo, Aoyos, Le Gobelet Fran\u00e7ais, etc.), qui offrent des retours d\u2019exp\u00e9rience concrets et des recommandations pour des \u00e9v\u00e9nements plus durables.<\/p>\n","protected":false},"excerpt":{"rendered":"<p>Les enjeux de RSE (Responsabilit\u00e9 Soci\u00e9tale des Entreprises) prennent une place grandissante dans le secteur de l\u2019\u00e9v\u00e9nementiel. Conjuguer le durable \u00e0 l\u2019\u00e9ph\u00e9m\u00e8re est d\u00e9sormais un imp\u00e9ratif pour r\u00e9pondre \u00e0 l\u2019urgence climatique et aux attentes du public. En effet, un \u00e9v\u00e9nement de 5 000 personnes peut g\u00e9n\u00e9rer en moyenne 2,5 tonnes de d\u00e9chets, consommer 1 000 [&hellip;]<\/p>\n","protected":false},"author":5,"featured_media":1744,"comment_status":"open","ping_status":"open","sticky":false,"template":"","format":"standard","meta":{"footnotes":""},"categories":[16],"tags":[],"class_list":["post-1720","post","type-post","status-publish","format-standard","has-post-thumbnail","hentry","category-evenements"],"blocksy_meta":[],"yoast_head":"<!-- This site is optimized with the Yoast SEO plugin v27.4 - https:\/\/yoast.com\/product\/yoast-seo-wordpress\/ -->\n<title>Planifier un \u00e9v\u00e9nement responsable : le guide pratique - Le Gobelet Fran\u00e7ais Blog<\/title>\n<meta name=\"robots\" content=\"index, follow, max-snippet:-1, max-image-preview:large, max-video-preview:-1\" \/>\n<link rel=\"canonical\" href=\"https:\/\/www.legobeletfrancais.fr\/blog\/planifier-un-evenement-responsable-le-guide-pratique\/\" \/>\n<meta property=\"og:locale\" content=\"fr_FR\" \/>\n<meta property=\"og:type\" content=\"article\" \/>\n<meta property=\"og:title\" content=\"Planifier un \u00e9v\u00e9nement responsable : le guide pratique - Le Gobelet Fran\u00e7ais Blog\" \/>\n<meta property=\"og:description\" content=\"Les enjeux de RSE (Responsabilit\u00e9 Soci\u00e9tale des Entreprises) prennent une place grandissante dans le secteur de l\u2019\u00e9v\u00e9nementiel. Conjuguer le durable \u00e0 l\u2019\u00e9ph\u00e9m\u00e8re est d\u00e9sormais un imp\u00e9ratif pour r\u00e9pondre \u00e0 l\u2019urgence climatique et aux attentes du public. En effet, un \u00e9v\u00e9nement de 5 000 personnes peut g\u00e9n\u00e9rer en moyenne 2,5 tonnes de d\u00e9chets, consommer 1 000 [&hellip;]\" \/>\n<meta property=\"og:url\" content=\"https:\/\/www.legobeletfrancais.fr\/blog\/planifier-un-evenement-responsable-le-guide-pratique\/\" \/>\n<meta property=\"og:site_name\" content=\"Le Gobelet Fran\u00e7ais Blog\" \/>\n<meta property=\"article:published_time\" content=\"2025-10-20T13:23:54+00:00\" \/>\n<meta property=\"article:modified_time\" content=\"2025-10-20T13:23:55+00:00\" \/>\n<meta property=\"og:image\" content=\"https:\/\/www.legobeletfrancais.fr\/blog\/wp-content\/uploads\/2025\/10\/Guide-pratique-pour-un-evenement-responsable-1.jpg\" \/>\n\t<meta property=\"og:image:width\" content=\"750\" \/>\n\t<meta property=\"og:image:height\" content=\"500\" \/>\n\t<meta property=\"og:image:type\" content=\"image\/jpeg\" \/>\n<meta name=\"author\" content=\"Danae\" \/>\n<meta name=\"twitter:card\" content=\"summary_large_image\" \/>\n<meta name=\"twitter:label1\" content=\"\u00c9crit par\" \/>\n\t<meta name=\"twitter:data1\" content=\"Danae\" \/>\n\t<meta name=\"twitter:label2\" content=\"Dur\u00e9e de lecture estim\u00e9e\" \/>\n\t<meta name=\"twitter:data2\" content=\"13 minutes\" \/>\n<script type=\"application\/ld+json\" class=\"yoast-schema-graph\">{\"@context\":\"https:\\\/\\\/schema.org\",\"@graph\":[{\"@type\":\"Article\",\"@id\":\"https:\\\/\\\/www.legobeletfrancais.fr\\\/blog\\\/planifier-un-evenement-responsable-le-guide-pratique\\\/#article\",\"isPartOf\":{\"@id\":\"https:\\\/\\\/www.legobeletfrancais.fr\\\/blog\\\/planifier-un-evenement-responsable-le-guide-pratique\\\/\"},\"author\":{\"name\":\"Danae\",\"@id\":\"https:\\\/\\\/www.legobeletfrancais.fr\\\/blog\\\/#\\\/schema\\\/person\\\/e1b9137e6e34f7b77751fe88b51d1e30\"},\"headline\":\"Planifier un \u00e9v\u00e9nement responsable : le guide pratique\",\"datePublished\":\"2025-10-20T13:23:54+00:00\",\"dateModified\":\"2025-10-20T13:23:55+00:00\",\"mainEntityOfPage\":{\"@id\":\"https:\\\/\\\/www.legobeletfrancais.fr\\\/blog\\\/planifier-un-evenement-responsable-le-guide-pratique\\\/\"},\"wordCount\":2679,\"commentCount\":0,\"image\":{\"@id\":\"https:\\\/\\\/www.legobeletfrancais.fr\\\/blog\\\/planifier-un-evenement-responsable-le-guide-pratique\\\/#primaryimage\"},\"thumbnailUrl\":\"https:\\\/\\\/www.legobeletfrancais.fr\\\/blog\\\/wp-content\\\/uploads\\\/2025\\\/10\\\/Guide-pratique-pour-un-evenement-responsable-1.jpg\",\"articleSection\":[\"Ev\u00e9nements\"],\"inLanguage\":\"fr-FR\",\"potentialAction\":[{\"@type\":\"CommentAction\",\"name\":\"Comment\",\"target\":[\"https:\\\/\\\/www.legobeletfrancais.fr\\\/blog\\\/planifier-un-evenement-responsable-le-guide-pratique\\\/#respond\"]}]},{\"@type\":\"WebPage\",\"@id\":\"https:\\\/\\\/www.legobeletfrancais.fr\\\/blog\\\/planifier-un-evenement-responsable-le-guide-pratique\\\/\",\"url\":\"https:\\\/\\\/www.legobeletfrancais.fr\\\/blog\\\/planifier-un-evenement-responsable-le-guide-pratique\\\/\",\"name\":\"Planifier un \u00e9v\u00e9nement responsable : le guide pratique - Le Gobelet Fran\u00e7ais Blog\",\"isPartOf\":{\"@id\":\"https:\\\/\\\/www.legobeletfrancais.fr\\\/blog\\\/#website\"},\"primaryImageOfPage\":{\"@id\":\"https:\\\/\\\/www.legobeletfrancais.fr\\\/blog\\\/planifier-un-evenement-responsable-le-guide-pratique\\\/#primaryimage\"},\"image\":{\"@id\":\"https:\\\/\\\/www.legobeletfrancais.fr\\\/blog\\\/planifier-un-evenement-responsable-le-guide-pratique\\\/#primaryimage\"},\"thumbnailUrl\":\"https:\\\/\\\/www.legobeletfrancais.fr\\\/blog\\\/wp-content\\\/uploads\\\/2025\\\/10\\\/Guide-pratique-pour-un-evenement-responsable-1.jpg\",\"datePublished\":\"2025-10-20T13:23:54+00:00\",\"dateModified\":\"2025-10-20T13:23:55+00:00\",\"author\":{\"@id\":\"https:\\\/\\\/www.legobeletfrancais.fr\\\/blog\\\/#\\\/schema\\\/person\\\/e1b9137e6e34f7b77751fe88b51d1e30\"},\"breadcrumb\":{\"@id\":\"https:\\\/\\\/www.legobeletfrancais.fr\\\/blog\\\/planifier-un-evenement-responsable-le-guide-pratique\\\/#breadcrumb\"},\"inLanguage\":\"fr-FR\",\"potentialAction\":[{\"@type\":\"ReadAction\",\"target\":[\"https:\\\/\\\/www.legobeletfrancais.fr\\\/blog\\\/planifier-un-evenement-responsable-le-guide-pratique\\\/\"]}]},{\"@type\":\"ImageObject\",\"inLanguage\":\"fr-FR\",\"@id\":\"https:\\\/\\\/www.legobeletfrancais.fr\\\/blog\\\/planifier-un-evenement-responsable-le-guide-pratique\\\/#primaryimage\",\"url\":\"https:\\\/\\\/www.legobeletfrancais.fr\\\/blog\\\/wp-content\\\/uploads\\\/2025\\\/10\\\/Guide-pratique-pour-un-evenement-responsable-1.jpg\",\"contentUrl\":\"https:\\\/\\\/www.legobeletfrancais.fr\\\/blog\\\/wp-content\\\/uploads\\\/2025\\\/10\\\/Guide-pratique-pour-un-evenement-responsable-1.jpg\",\"width\":750,\"height\":500,\"caption\":\"Guide pratique pour un \u00e9v\u00e9nement responsable\"},{\"@type\":\"BreadcrumbList\",\"@id\":\"https:\\\/\\\/www.legobeletfrancais.fr\\\/blog\\\/planifier-un-evenement-responsable-le-guide-pratique\\\/#breadcrumb\",\"itemListElement\":[{\"@type\":\"ListItem\",\"position\":1,\"name\":\"Accueil\",\"item\":\"https:\\\/\\\/www.legobeletfrancais.fr\\\/blog\\\/\"},{\"@type\":\"ListItem\",\"position\":2,\"name\":\"Planifier un \u00e9v\u00e9nement responsable : le guide pratique\"}]},{\"@type\":\"WebSite\",\"@id\":\"https:\\\/\\\/www.legobeletfrancais.fr\\\/blog\\\/#website\",\"url\":\"https:\\\/\\\/www.legobeletfrancais.fr\\\/blog\\\/\",\"name\":\"Le Gobelet Fran\u00e7ais Blog\",\"description\":\"\",\"potentialAction\":[{\"@type\":\"SearchAction\",\"target\":{\"@type\":\"EntryPoint\",\"urlTemplate\":\"https:\\\/\\\/www.legobeletfrancais.fr\\\/blog\\\/?s={search_term_string}\"},\"query-input\":{\"@type\":\"PropertyValueSpecification\",\"valueRequired\":true,\"valueName\":\"search_term_string\"}}],\"inLanguage\":\"fr-FR\"},{\"@type\":\"Person\",\"@id\":\"https:\\\/\\\/www.legobeletfrancais.fr\\\/blog\\\/#\\\/schema\\\/person\\\/e1b9137e6e34f7b77751fe88b51d1e30\",\"name\":\"Danae\",\"image\":{\"@type\":\"ImageObject\",\"inLanguage\":\"fr-FR\",\"@id\":\"https:\\\/\\\/secure.gravatar.com\\\/avatar\\\/2b97231c0d0791a87ddfe33479c44c585a079f5c48341a53fcc3965ab7baf856?s=96&d=mm&r=g\",\"url\":\"https:\\\/\\\/secure.gravatar.com\\\/avatar\\\/2b97231c0d0791a87ddfe33479c44c585a079f5c48341a53fcc3965ab7baf856?s=96&d=mm&r=g\",\"contentUrl\":\"https:\\\/\\\/secure.gravatar.com\\\/avatar\\\/2b97231c0d0791a87ddfe33479c44c585a079f5c48341a53fcc3965ab7baf856?s=96&d=mm&r=g\",\"caption\":\"Danae\"},\"url\":\"https:\\\/\\\/www.legobeletfrancais.fr\\\/blog\\\/author\\\/danae\\\/\"}]}<\/script>\n<!-- \/ Yoast SEO plugin. -->","yoast_head_json":{"title":"Planifier un \u00e9v\u00e9nement responsable : le guide pratique - Le Gobelet Fran\u00e7ais Blog","robots":{"index":"index","follow":"follow","max-snippet":"max-snippet:-1","max-image-preview":"max-image-preview:large","max-video-preview":"max-video-preview:-1"},"canonical":"https:\/\/www.legobeletfrancais.fr\/blog\/planifier-un-evenement-responsable-le-guide-pratique\/","og_locale":"fr_FR","og_type":"article","og_title":"Planifier un \u00e9v\u00e9nement responsable : le guide pratique - Le Gobelet Fran\u00e7ais Blog","og_description":"Les enjeux de RSE (Responsabilit\u00e9 Soci\u00e9tale des Entreprises) prennent une place grandissante dans le secteur de l\u2019\u00e9v\u00e9nementiel. Conjuguer le durable \u00e0 l\u2019\u00e9ph\u00e9m\u00e8re est d\u00e9sormais un imp\u00e9ratif pour r\u00e9pondre \u00e0 l\u2019urgence climatique et aux attentes du public. En effet, un \u00e9v\u00e9nement de 5 000 personnes peut g\u00e9n\u00e9rer en moyenne 2,5 tonnes de d\u00e9chets, consommer 1 000 [&hellip;]","og_url":"https:\/\/www.legobeletfrancais.fr\/blog\/planifier-un-evenement-responsable-le-guide-pratique\/","og_site_name":"Le Gobelet Fran\u00e7ais Blog","article_published_time":"2025-10-20T13:23:54+00:00","article_modified_time":"2025-10-20T13:23:55+00:00","og_image":[{"width":750,"height":500,"url":"https:\/\/www.legobeletfrancais.fr\/blog\/wp-content\/uploads\/2025\/10\/Guide-pratique-pour-un-evenement-responsable-1.jpg","type":"image\/jpeg"}],"author":"Danae","twitter_card":"summary_large_image","twitter_misc":{"\u00c9crit par":"Danae","Dur\u00e9e de lecture estim\u00e9e":"13 minutes"},"schema":{"@context":"https:\/\/schema.org","@graph":[{"@type":"Article","@id":"https:\/\/www.legobeletfrancais.fr\/blog\/planifier-un-evenement-responsable-le-guide-pratique\/#article","isPartOf":{"@id":"https:\/\/www.legobeletfrancais.fr\/blog\/planifier-un-evenement-responsable-le-guide-pratique\/"},"author":{"name":"Danae","@id":"https:\/\/www.legobeletfrancais.fr\/blog\/#\/schema\/person\/e1b9137e6e34f7b77751fe88b51d1e30"},"headline":"Planifier un \u00e9v\u00e9nement responsable : le guide pratique","datePublished":"2025-10-20T13:23:54+00:00","dateModified":"2025-10-20T13:23:55+00:00","mainEntityOfPage":{"@id":"https:\/\/www.legobeletfrancais.fr\/blog\/planifier-un-evenement-responsable-le-guide-pratique\/"},"wordCount":2679,"commentCount":0,"image":{"@id":"https:\/\/www.legobeletfrancais.fr\/blog\/planifier-un-evenement-responsable-le-guide-pratique\/#primaryimage"},"thumbnailUrl":"https:\/\/www.legobeletfrancais.fr\/blog\/wp-content\/uploads\/2025\/10\/Guide-pratique-pour-un-evenement-responsable-1.jpg","articleSection":["Ev\u00e9nements"],"inLanguage":"fr-FR","potentialAction":[{"@type":"CommentAction","name":"Comment","target":["https:\/\/www.legobeletfrancais.fr\/blog\/planifier-un-evenement-responsable-le-guide-pratique\/#respond"]}]},{"@type":"WebPage","@id":"https:\/\/www.legobeletfrancais.fr\/blog\/planifier-un-evenement-responsable-le-guide-pratique\/","url":"https:\/\/www.legobeletfrancais.fr\/blog\/planifier-un-evenement-responsable-le-guide-pratique\/","name":"Planifier un \u00e9v\u00e9nement responsable : le guide pratique - Le Gobelet Fran\u00e7ais Blog","isPartOf":{"@id":"https:\/\/www.legobeletfrancais.fr\/blog\/#website"},"primaryImageOfPage":{"@id":"https:\/\/www.legobeletfrancais.fr\/blog\/planifier-un-evenement-responsable-le-guide-pratique\/#primaryimage"},"image":{"@id":"https:\/\/www.legobeletfrancais.fr\/blog\/planifier-un-evenement-responsable-le-guide-pratique\/#primaryimage"},"thumbnailUrl":"https:\/\/www.legobeletfrancais.fr\/blog\/wp-content\/uploads\/2025\/10\/Guide-pratique-pour-un-evenement-responsable-1.jpg","datePublished":"2025-10-20T13:23:54+00:00","dateModified":"2025-10-20T13:23:55+00:00","author":{"@id":"https:\/\/www.legobeletfrancais.fr\/blog\/#\/schema\/person\/e1b9137e6e34f7b77751fe88b51d1e30"},"breadcrumb":{"@id":"https:\/\/www.legobeletfrancais.fr\/blog\/planifier-un-evenement-responsable-le-guide-pratique\/#breadcrumb"},"inLanguage":"fr-FR","potentialAction":[{"@type":"ReadAction","target":["https:\/\/www.legobeletfrancais.fr\/blog\/planifier-un-evenement-responsable-le-guide-pratique\/"]}]},{"@type":"ImageObject","inLanguage":"fr-FR","@id":"https:\/\/www.legobeletfrancais.fr\/blog\/planifier-un-evenement-responsable-le-guide-pratique\/#primaryimage","url":"https:\/\/www.legobeletfrancais.fr\/blog\/wp-content\/uploads\/2025\/10\/Guide-pratique-pour-un-evenement-responsable-1.jpg","contentUrl":"https:\/\/www.legobeletfrancais.fr\/blog\/wp-content\/uploads\/2025\/10\/Guide-pratique-pour-un-evenement-responsable-1.jpg","width":750,"height":500,"caption":"Guide pratique pour un \u00e9v\u00e9nement responsable"},{"@type":"BreadcrumbList","@id":"https:\/\/www.legobeletfrancais.fr\/blog\/planifier-un-evenement-responsable-le-guide-pratique\/#breadcrumb","itemListElement":[{"@type":"ListItem","position":1,"name":"Accueil","item":"https:\/\/www.legobeletfrancais.fr\/blog\/"},{"@type":"ListItem","position":2,"name":"Planifier un \u00e9v\u00e9nement responsable : le guide pratique"}]},{"@type":"WebSite","@id":"https:\/\/www.legobeletfrancais.fr\/blog\/#website","url":"https:\/\/www.legobeletfrancais.fr\/blog\/","name":"Le Gobelet Fran\u00e7ais Blog","description":"","potentialAction":[{"@type":"SearchAction","target":{"@type":"EntryPoint","urlTemplate":"https:\/\/www.legobeletfrancais.fr\/blog\/?s={search_term_string}"},"query-input":{"@type":"PropertyValueSpecification","valueRequired":true,"valueName":"search_term_string"}}],"inLanguage":"fr-FR"},{"@type":"Person","@id":"https:\/\/www.legobeletfrancais.fr\/blog\/#\/schema\/person\/e1b9137e6e34f7b77751fe88b51d1e30","name":"Danae","image":{"@type":"ImageObject","inLanguage":"fr-FR","@id":"https:\/\/secure.gravatar.com\/avatar\/2b97231c0d0791a87ddfe33479c44c585a079f5c48341a53fcc3965ab7baf856?s=96&d=mm&r=g","url":"https:\/\/secure.gravatar.com\/avatar\/2b97231c0d0791a87ddfe33479c44c585a079f5c48341a53fcc3965ab7baf856?s=96&d=mm&r=g","contentUrl":"https:\/\/secure.gravatar.com\/avatar\/2b97231c0d0791a87ddfe33479c44c585a079f5c48341a53fcc3965ab7baf856?s=96&d=mm&r=g","caption":"Danae"},"url":"https:\/\/www.legobeletfrancais.fr\/blog\/author\/danae\/"}]}},"_links":{"self":[{"href":"https:\/\/www.legobeletfrancais.fr\/blog\/wp-json\/wp\/v2\/posts\/1720","targetHints":{"allow":["GET"]}}],"collection":[{"href":"https:\/\/www.legobeletfrancais.fr\/blog\/wp-json\/wp\/v2\/posts"}],"about":[{"href":"https:\/\/www.legobeletfrancais.fr\/blog\/wp-json\/wp\/v2\/types\/post"}],"author":[{"embeddable":true,"href":"https:\/\/www.legobeletfrancais.fr\/blog\/wp-json\/wp\/v2\/users\/5"}],"replies":[{"embeddable":true,"href":"https:\/\/www.legobeletfrancais.fr\/blog\/wp-json\/wp\/v2\/comments?post=1720"}],"version-history":[{"count":16,"href":"https:\/\/www.legobeletfrancais.fr\/blog\/wp-json\/wp\/v2\/posts\/1720\/revisions"}],"predecessor-version":[{"id":1759,"href":"https:\/\/www.legobeletfrancais.fr\/blog\/wp-json\/wp\/v2\/posts\/1720\/revisions\/1759"}],"wp:featuredmedia":[{"embeddable":true,"href":"https:\/\/www.legobeletfrancais.fr\/blog\/wp-json\/wp\/v2\/media\/1744"}],"wp:attachment":[{"href":"https:\/\/www.legobeletfrancais.fr\/blog\/wp-json\/wp\/v2\/media?parent=1720"}],"wp:term":[{"taxonomy":"category","embeddable":true,"href":"https:\/\/www.legobeletfrancais.fr\/blog\/wp-json\/wp\/v2\/categories?post=1720"},{"taxonomy":"post_tag","embeddable":true,"href":"https:\/\/www.legobeletfrancais.fr\/blog\/wp-json\/wp\/v2\/tags?post=1720"}],"curies":[{"name":"wp","href":"https:\/\/api.w.org\/{rel}","templated":true}]}}