{"id":1524,"date":"2025-09-23T09:38:08","date_gmt":"2025-09-23T07:38:08","guid":{"rendered":"https:\/\/www.legobeletfrancais.fr\/blog\/?p=1524"},"modified":"2026-01-27T10:35:41","modified_gmt":"2026-01-27T09:35:41","slug":"dans-les-coulisses-de-nos-gobelets-de-lusine-a-votre-evenement","status":"publish","type":"post","link":"https:\/\/www.legobeletfrancais.fr\/blog\/dans-les-coulisses-de-nos-gobelets-de-lusine-a-votre-evenement\/","title":{"rendered":"Dans les coulisses de nos gobelets : de l\u2019usine \u00e0 votre \u00e9v\u00e9nement"},"content":{"rendered":"\n<p>La musique bat son plein, les rires fusent, et vous trinquez avec<strong> un gobelet r\u00e9utilisable aux couleurs de votre \u00e9v\u00e9nement.<\/strong> Avez-vous d\u00e9j\u00e0 imagin\u00e9 le voyage de cet ecocup <strong>made in France<\/strong> avant qu\u2019il n\u2019arrive entre vos mains ? Chaque gobelet r\u00e9utilisable<strong> <a href=\"https:\/\/www.legobeletfrancais.fr\/\">Le Gobelet Fran\u00e7ais<\/a><\/strong> a <strong>son histoire, empreinte de savoir-faire local et d\u2019engagement \u00e9coresponsable.<\/strong> Aujourd\u2019hui, on vous emm\u00e8ne dans les coulisses : remontons la <strong>cha\u00eene de production du gobelet<\/strong> depuis la conception jusqu\u2019\u00e0 la f\u00eate, pour d\u00e9couvrir comment se fabrique un ecocup pas comme les autres.<\/p>\n\n\n\n<h2 class=\"wp-block-heading\" style=\"font-size:clamp(16.293px, 1.018rem + ((1vw - 3.2px) * 0.68), 25px);\">Conception : l\u2019id\u00e9e qui donne naissance au gobelet<\/h2>\n\n\n\n<p>Tout commence bien avant l\u2019usine, par une id\u00e9e ! Que ce soit <strong>un organisateur de festival souhaitant afficher fi\u00e8rement son logo ou une future mari\u00e9e r\u00eavant d\u2019un souvenir unique pour ses invit\u00e9s<\/strong>, la conception du gobelet personnalis\u00e9 est la premi\u00e8re \u00e9tape de l\u2019aventure. Au<strong>Gobelet Fran\u00e7ais<\/strong>, notre \u00e9quipe est votre \u00e9coute pour transformer cette id\u00e9e en design concret.<\/p>\n\n\n\n<p>Storytelling c\u00f4t\u00e9 client : imaginez Chlo\u00e9, organisatrice d\u2019un concert en plein air. Elle souhaite un visuel haut en couleur sur des ecocups r\u00e9sistants pour <strong>\u00e9viter les d\u00e9chets plastiques jetables.<\/strong> Elle \u00e9change avec nos graphistes pour cr\u00e9er le<strong> <a href=\"https:\/\/www.legobeletfrancais.fr\/configurator?themeType=custom\">visuel parfait<\/a><\/strong> : choix des motifs, des textes &#8230; En coulisses,<strong> nos graphistes passionn\u00e9s peaufinent chaque d\u00e9tail du design, veillant \u00e0 ce qu\u2019il refl\u00e8te l\u2019esprit de l\u2019\u00e9v\u00e9nement.<\/strong><\/p>\n\n\n\n<p><strong>Cette phase de conception<\/strong>, \u00e0 la fois cr\u00e9ative et collaborative, <strong>pose les bases du gobelet<\/strong> r\u00eav\u00e9 de Chlo\u00e9. On y choisit le format id\u00e9al (plut\u00f4t un grand 50\u202fcl pour les bi\u00e8res de festival ou un \u00e9l\u00e9gant verre \u00e0 vin pour un vin d\u2019honneur ?), ainsi que la finition de l&rsquo;ecocup (translucide pour voir la boisson \u00e0 travers, ou opaque pour faire ressortir le graphisme). <strong>Chaque choix compte<\/strong> <strong>: il d\u00e9terminera l\u2019exp\u00e9rience des utilisateurs plus tard, lors de la f\u00eate.<\/strong><\/p>\n\n\n\n<h2 class=\"wp-block-heading\" style=\"font-size:clamp(16.293px, 1.018rem + ((1vw - 3.2px) * 0.68), 25px);\">Des mat\u00e9riaux de qualit\u00e9 pour un gobelet durable<\/h2>\n\n\n\n<div class=\"wp-block-media-text has-media-on-the-right is-stacked-on-mobile is-image-fill-element\"><div class=\"wp-block-media-text__content\">\n<p>Une fois le design imagin\u00e9, place au <strong>choix des mat\u00e9riaux<\/strong>. La qualit\u00e9 d\u2019un gobelet r\u00e9utilisable se joue d\u00e8s sa mati\u00e8re premi\u00e8re. Pour nos ecocups, hors de question de transiger : nous utilisons du <strong>polypropyl\u00e8ne<\/strong> <strong>de haute qualit\u00e9<\/strong>,<strong> sans bisph\u00e9nol A (BPA) ni phtalates<\/strong>. <strong>Un mat\u00e9riau s\u00fbr pour la sant\u00e9<\/strong> et <strong>con\u00e7u pour le contact alimentaire<\/strong>.<\/p>\n\n\n\n<p>Cette mati\u00e8re <strong>robuste <\/strong>est <strong>incassable<\/strong> et <strong>supporte aussi bien le froid d\u2019une bi\u00e8re fra\u00eeche que la chaleur d\u2019un caf\u00e9<\/strong> ou d\u2019un vin chaud. Il passe au lave-vaisselle et peut servir <strong>plus de 150 fois<\/strong> sans faiblir ! Ce choix de mat\u00e9riau garantit que <strong>votre gobelet survivra \u00e0 de nombreuses soir\u00e9es<\/strong> endiabl\u00e9es et lavages intensifs tout en restant comme neuf.<\/p>\n<\/div><figure class=\"wp-block-media-text__media\"><img fetchpriority=\"high\" decoding=\"async\" width=\"683\" height=\"1024\" src=\"https:\/\/www.legobeletfrancais.fr\/blog\/wp-content\/uploads\/2025\/09\/Gobelets-personnalises-de-bonne-qualite-683x1024.jpg\" alt=\"Gobelets personnalis\u00e9s de bonne qualit\u00e9\" class=\"wp-image-1657 size-full\" style=\"object-position:55% 48%\" srcset=\"https:\/\/www.legobeletfrancais.fr\/blog\/wp-content\/uploads\/2025\/09\/Gobelets-personnalises-de-bonne-qualite-683x1024.jpg 683w, https:\/\/www.legobeletfrancais.fr\/blog\/wp-content\/uploads\/2025\/09\/Gobelets-personnalises-de-bonne-qualite-200x300.jpg 200w, https:\/\/www.legobeletfrancais.fr\/blog\/wp-content\/uploads\/2025\/09\/Gobelets-personnalises-de-bonne-qualite-768x1152.jpg 768w, https:\/\/www.legobeletfrancais.fr\/blog\/wp-content\/uploads\/2025\/09\/Gobelets-personnalises-de-bonne-qualite-1024x1536.jpg 1024w, https:\/\/www.legobeletfrancais.fr\/blog\/wp-content\/uploads\/2025\/09\/Gobelets-personnalises-de-bonne-qualite.jpg 1365w\" sizes=\"(max-width: 683px) 100vw, 683px\" \/><\/figure><\/div>\n\n\n\n<p>Mais ce n\u2019est pas tout : notre <strong>polypropyl\u00e8ne<\/strong> est aussi <strong>recyclable et partiellement recycl\u00e9<\/strong>. En effet, dans une logique d\u2019\u00e9conomie circulaire, <strong>une partie des mati\u00e8res que nous injectons provient de mati\u00e8re recycl\u00e9e.<\/strong> Plut\u00f4t que d\u2019utiliser du plastique vierge, nous redonnons vie \u00e0 des granul\u00e9s d\u00e9j\u00e0 utilis\u00e9s, <strong>r\u00e9duisant ainsi l\u2019empreinte environnementale de chaque nouveau gobelet<\/strong>. En choisissant un<strong> ecocup durable made in France<\/strong>, vous optez pour<strong> un produit dont la mati\u00e8re a \u00e9t\u00e9 s\u00e9lectionn\u00e9e avec soin<\/strong>, alliant durabilit\u00e9, sant\u00e9 et respect de la plan\u00e8te.<\/p>\n\n\n\n<h2 class=\"wp-block-heading\" style=\"font-size:clamp(16.293px, 1.018rem + ((1vw - 3.2px) * 0.68), 25px);\">Fabrication dans notre atelier : la naissance du gobelet<\/h2>\n\n\n\n<p>Nous arrivons ensuite \u00e0 <strong>l&rsquo;atelier de fabrication o\u00f9 naissent physiquement nos gobelets r\u00e9utilisables<\/strong>. Le proc\u00e9d\u00e9 utilis\u00e9 est celui du <strong>moulage par injection<\/strong>. Imaginez des milliers de petits granul\u00e9s de polypropyl\u00e8ne qui sont d\u2019abord chauff\u00e9s jusqu\u2019\u00e0 devenir une mati\u00e8re fondue, presque liquide.<\/p>\n\n\n\n<p>En quelques secondes, le polypropyl\u00e8ne prend la forme voulue : celle d\u2019un <strong>gobelet solide, aux parois r\u00e9guli\u00e8res et \u00e0 la contenance parfaitement calibr\u00e9e.<\/strong> Un syst\u00e8me de refroidissement permet au gobelet de se solidifier rapidement avant d\u2019\u00eatre \u00e9ject\u00e9 de la machine.<\/p>\n\n\n\n<p>Le moule d\u00e9termine <strong>la taille et la forme<\/strong> de l&rsquo;ecocup : au<strong> Gobelet Fran\u00e7ais<\/strong>, nous en poss\u00e9dons pour divers formats (du petit <strong>gobelet \u00e0 caf\u00e9 au grand de 50\u202fcl, en passant par les verres \u00e0 vin et fl\u00fbtes \u00e0 champagne<\/strong>). Nos machines peuvent ainsi produire une grande vari\u00e9t\u00e9 de mod\u00e8les, toujours avec la m\u00eame pr\u00e9cision. <strong>Chaque ecocup sortant de la presse est chaud au toucher et tout neuf <\/strong> ! \u00c0 ce stade, il est encore vierge de tout motif, <strong>pr\u00eat \u00e0<\/strong> <strong>recevoir sa personnalit\u00e9<\/strong>.<\/p>\n\n\n\n<p><strong>Ce processus de fabrication,<\/strong> est non seulement <strong>ultra-ma\u00eetris\u00e9<\/strong> par nos \u00e9quipes, mais aussi <strong>tr\u00e8s r\u00e9actif<\/strong>. Puisque<strong> toute la production est faite en France<\/strong>, nous pouvons rapidement lancer une nouvelle s\u00e9rie de gobelets d\u00e8s que vous en avez besoin, <strong>sans d\u00e9pendre d\u2019importations lointaines<\/strong>.<\/p>\n\n\n\n<h2 class=\"wp-block-heading\" style=\"font-size:clamp(16.293px, 1.018rem + ((1vw - 3.2px) * 0.68), 25px);\">Personnalisation et impression : le gobelet prend des couleurs<\/h2>\n\n\n\n<p>Apr\u00e8s la fabrication de l&rsquo;ecocup, place \u00e0 ce qui va le rendre unique : <strong>l\u2019impression personnalis\u00e9e<\/strong>. C\u2019est sans doute l\u2019\u00e9tape la plus attendue par nos clients, et aussi l\u2019une des plus minutieuses pour nous. <strong>Votre visuel, con\u00e7u lors de la phase de conception, va enfin prendre vie<\/strong> !<\/p>\n\n\n\n<div class=\"wp-block-media-text is-stacked-on-mobile is-image-fill-element\"><figure class=\"wp-block-media-text__media\"><img decoding=\"async\" width=\"826\" height=\"1024\" src=\"https:\/\/www.legobeletfrancais.fr\/blog\/wp-content\/uploads\/2025\/09\/Impresson-des-gobelets-personnalises-Le-Gobelet-Francais-826x1024.jpg\" alt=\"Impresson des gobelets personnalis\u00e9s Le Gobelet Fran\u00e7ais\" class=\"wp-image-1649 size-full\" style=\"object-position:50% 50%\" srcset=\"https:\/\/www.legobeletfrancais.fr\/blog\/wp-content\/uploads\/2025\/09\/Impresson-des-gobelets-personnalises-Le-Gobelet-Francais-826x1024.jpg 826w, https:\/\/www.legobeletfrancais.fr\/blog\/wp-content\/uploads\/2025\/09\/Impresson-des-gobelets-personnalises-Le-Gobelet-Francais-242x300.jpg 242w, https:\/\/www.legobeletfrancais.fr\/blog\/wp-content\/uploads\/2025\/09\/Impresson-des-gobelets-personnalises-Le-Gobelet-Francais-768x952.jpg 768w, https:\/\/www.legobeletfrancais.fr\/blog\/wp-content\/uploads\/2025\/09\/Impresson-des-gobelets-personnalises-Le-Gobelet-Francais-1239x1536.jpg 1239w, https:\/\/www.legobeletfrancais.fr\/blog\/wp-content\/uploads\/2025\/09\/Impresson-des-gobelets-personnalises-Le-Gobelet-Francais.jpg 1319w\" sizes=\"(max-width: 826px) 100vw, 826px\" \/><\/figure><div class=\"wp-block-media-text__content\">\n<p>Nos gobelets voyagent vers notre atelier d\u2019impression. Cette ligne d\u2019impression ultra-moderne peut marquer les gobelets avec une pr\u00e9cision et une rapidit\u00e9 \u00e9tonnantes. <strong>S\u00e9rigraphie monochrome ou impression num\u00e9rique en quadrichromie<\/strong>, <strong>tout est possible selon le design choisi<\/strong>. Pour Chlo\u00e9 et son concert par exemple, c\u2019est une impression en plusieurs couleurs qui est r\u00e9alis\u00e9e afin de faire ressortir le logo artistique de l\u2019\u00e9v\u00e9nement.<\/p>\n<\/div><\/div>\n\n\n\n<p>Concr\u00e8tement, comment \u00e7a se passe ? Le gobelet est fix\u00e9 et la machine applique les encres sp\u00e9ciales, couche par couche, directement sur sa surface courbe.<strong> Nos<\/strong> <strong>encres sont sans solvant toxique et offrent un rendu \u00e9clatant tout en \u00e9tant durables<\/strong>. \u00c0 chaque couleur d\u00e9pos\u00e9e, un s\u00e9chage instantan\u00e9 (souvent aux UV) fixe l\u2019encre. <strong>Nos techniciens v\u00e9rifient en temps r\u00e9el que chaque ecocup correspond exactement au visuel pr\u00e9vu<\/strong> : bonne couleur, bon emplacement, aucune bavure. <strong>Le savoir-faire humain est indissociable de la machine<\/strong> ici, car malgr\u00e9 la haute technologie, l\u2019\u0153il exerc\u00e9 de l\u2019\u00e9quipe reste le garant d\u2019un r\u00e9sultat parfait.<\/p>\n\n\n\n<p>Peu \u00e0 peu, <strong>les piles de gobelets vierges se transforment en une collection de gobelets fi\u00e8rement marqu\u00e9s.<\/strong> On commence \u00e0 reconna\u00eetre le d\u00e9cor du festival de Chlo\u00e9 sur chaque pi\u00e8ce. <strong>Cette personnalisation made in France est non seulement gage d\u2019esth\u00e9tique, mais aussi de tenue dans le temps : le marquage est fait pour r\u00e9sister \u00e0 l\u2019\u00e9preuve de la f\u00eate\u2026 et de la vaisselle !<\/strong> En effet, gr\u00e2ce \u00e0 la qualit\u00e9 de nos encres et \u00e0 notre technique, l\u2019impression ne s\u2019estompera pas au premier lavage. <strong>Vos gobelets personnalis\u00e9s pourront vivre de tr\u00e8s nombreux \u00e9v\u00e9nements<\/strong> sans que le logo ne s\u2019efface, ce qui prolonge d\u2019autant leur utilit\u00e9 et votre visibilit\u00e9.<\/p>\n\n\n\n<h2 class=\"wp-block-heading\" style=\"font-size:clamp(16.293px, 1.018rem + ((1vw - 3.2px) * 0.68), 25px);\">Contr\u00f4le qualit\u00e9 : l\u2019exigence fran\u00e7aise jusqu\u2019au bout<\/h2>\n\n\n\n<p><strong>Avant de quitter nos ateliers, chaque lot de gobelets passe par l\u2019\u00e9tape cruciale du contr\u00f4le qualit\u00e9.<\/strong> Notre exigence \u00e0 ce niveau refl\u00e8te notre<strong> esprit de rigueur \u00e0 la fran\u00e7aise <\/strong>: pas question de laisser filer un d\u00e9faut, m\u00eame minime.<\/p>\n\n\n\n<p><strong>Nos \u00e9quipes de contr\u00f4le inspectent les gobelets en sortie d\u2019impression. Qu\u2019est-ce qu\u2019on v\u00e9rifie ?<\/strong> <strong>Tout, ou presque<\/strong> :<strong> la nettet\u00e9 du visuel <\/strong>(est-ce que chaque ligne du dessin est bien imprim\u00e9e, chaque lettre bien lisible ?), <strong>le respect des couleurs<\/strong> (le bleu du logo est-il bien le bon Pantone ? le rouge suffisamment vif ?), <strong>la bonne adh\u00e9rence de l\u2019encre<\/strong> (on fait m\u00eame des tests d\u2019abrasion en frottant l\u00e9g\u00e8rement le motif, pour s\u2019assurer qu\u2019il ne partira pas apr\u00e8s quelques usages), et bien s\u00fbr <strong>la solidit\u00e9 g\u00e9n\u00e9rale du gobelet<\/strong>. Il arrive qu\u2019on effectue des tests al\u00e9atoires en malmenant un gobelet imprim\u00e9 : torsion, chute, passage au lave-vaisselle industriel\u2026 Si le gobelet ressort intact et le d\u00e9cor comme neuf, le test est r\u00e9ussi.<\/p>\n\n\n\n<p>Pour chaque commande, <strong>nos contr\u00f4leurs qualit\u00e9 s\u2019assurent aussi que la quantit\u00e9 produite est conforme, que l\u2019emballage pr\u00e9vu est ad\u00e9quat, et que les gobelets probl\u00e9matiques (s\u2019il y en a) soient \u00e9cart\u00e9s.<\/strong> C\u2019est un travail m\u00e9ticuleux, parfois r\u00e9p\u00e9titif, mais <strong>essentiel<\/strong> pour tenir notre promesse de qualit\u00e9. Cette intransigeance garantit que, que vous commandiez 50 gobelets pour un mariage intimiste ou 5&nbsp;000 pour un festival, <strong>vous recevrez un produit fiable et conforme \u00e0 vos attentes<\/strong>. La qualit\u00e9 <strong>made in France<\/strong>, \u00e7a se voit et \u00e7a se vit, du d\u00e9but \u00e0 la fin de la production.<\/p>\n\n\n\n<h2 class=\"wp-block-heading\" style=\"font-size:clamp(16.293px, 1.018rem + ((1vw - 3.2px) * 0.68), 25px);\">Conditionnement : un emballage soign\u00e9 et \u00e9coresponsable<\/h2>\n\n\n\n<div class=\"wp-block-media-text has-media-on-the-right is-stacked-on-mobile is-image-fill-element\"><div class=\"wp-block-media-text__content\">\n<p><strong>Les gobelets sont maintenant fabriqu\u00e9s, personnalis\u00e9s et contr\u00f4l\u00e9s.<\/strong> Il est temps de les pr\u00e9parer pour le grand voyage vers chez vous ! Le <strong>conditionnement<\/strong>, souvent dans l\u2019ombre, est pourtant une \u00e9tape cl\u00e9 dans notre processus. Au<strong> Gobelet Fran\u00e7ais<\/strong>,<strong> nous avons voulu que l\u2019emballage de vos gobelets refl\u00e8te les m\u00eames valeurs que le produit lui-m\u00eame :<\/strong> <strong>qualit\u00e9, proximit\u00e9 et \u00e9cologie<\/strong>.<\/p>\n\n\n\n<p>D\u00e8s la conception des packagings, nous avons fait le choix du local. <strong>Nos coffrets de livraison sont imagin\u00e9s et fabriqu\u00e9s dans la Loire (42). <\/strong>Ils sont r\u00e9alis\u00e9s en carton recycl\u00e9 et bien robustes, pour prot\u00e9ger les gobelets tout en minimisant l\u2019impact environnemental. <strong>Nos cartons d\u2019exp\u00e9dition portent fi\u00e8rement les couleurs de notre marque !<\/strong><\/p>\n<\/div><figure class=\"wp-block-media-text__media\"><img decoding=\"async\" width=\"768\" height=\"1024\" src=\"https:\/\/www.legobeletfrancais.fr\/blog\/wp-content\/uploads\/2025\/09\/Conditionnement-des-gobelets-personnalises-Le-Gobelet-Francais-1-768x1024.jpg\" alt=\"Conditionnement des gobelets personnalis\u00e9s Le Gobelet Fran\u00e7ais\" class=\"wp-image-1654 size-full\" style=\"object-position:50% 50%\" srcset=\"https:\/\/www.legobeletfrancais.fr\/blog\/wp-content\/uploads\/2025\/09\/Conditionnement-des-gobelets-personnalises-Le-Gobelet-Francais-1-768x1024.jpg 768w, https:\/\/www.legobeletfrancais.fr\/blog\/wp-content\/uploads\/2025\/09\/Conditionnement-des-gobelets-personnalises-Le-Gobelet-Francais-1-225x300.jpg 225w, https:\/\/www.legobeletfrancais.fr\/blog\/wp-content\/uploads\/2025\/09\/Conditionnement-des-gobelets-personnalises-Le-Gobelet-Francais-1-1152x1536.jpg 1152w, https:\/\/www.legobeletfrancais.fr\/blog\/wp-content\/uploads\/2025\/09\/Conditionnement-des-gobelets-personnalises-Le-Gobelet-Francais-1-1536x2048.jpg 1536w, https:\/\/www.legobeletfrancais.fr\/blog\/wp-content\/uploads\/2025\/09\/Conditionnement-des-gobelets-personnalises-Le-Gobelet-Francais-1-scaled.jpg 1920w\" sizes=\"(max-width: 768px) 100vw, 768px\" \/><\/figure><\/div>\n\n\n\n<p>Concr\u00e8tement, comment conditionnons-nous vos \u00e9cocups personnalis\u00e9s ? <strong>Avec soin, et souvent \u00e0 la main.<\/strong> Une fois le feu vert du contr\u00f4le qualit\u00e9 donn\u00e9, notre \u00e9quipe logistique prend le relais. Selon la taille de la commande, <strong>nous s\u00e9lectionnons le carton au format id\u00e9al pour \u00e9viter le gaspillage de place<\/strong> (un petit lot ne sera pas perdu dans un \u00e9norme carton, et un gros volume aura le carton qu\u2019il faut). <strong>Ensuite, les gobelets sont astucieusement empil\u00e9s et cal\u00e9s pour ne pas bouger durant le transport.<\/strong> Chaque carton est \u00e9tiquet\u00e9 clairement, et <strong>tous nos mat\u00e9riaux d\u2019emballage sont recyclables<\/strong>, du ruban adh\u00e9sif \u00e0 base de papier kraft jusqu\u2019aux intercalaires \u00e9ventuels.<\/p>\n\n\n\n<p>On glisse enfin une petite note de remerciement ou un bon de livraison d\u00e9taillant votre commande. Et voil\u00e0<em> <\/em>! <strong>Vos gobelets personnalis\u00e9s sont fin pr\u00eats \u00e0 quitter le nid, bien prot\u00e9g\u00e9s dans leur \u00e9crin de carton made in France.<\/strong><\/p>\n\n\n\n<h2 class=\"wp-block-heading\" style=\"font-size:clamp(16.293px, 1.018rem + ((1vw - 3.2px) * 0.68), 25px);\">Exp\u00e9dition : de notre usine \u00e0 votre \u00e9v\u00e9nement<\/h2>\n\n\n\n<p><strong>Derni\u00e8re \u00e9tape de cette aventure industrielle et humaine : l\u2019exp\u00e9dition<\/strong>. Voir partir nos gobelets vers chez vous est toujours un moment de satisfaction (et un peu d\u2019\u00e9motion, soyons honn\u00eates ). Car c\u2019est l\u00e0 que la boucle se boucle : <strong>ce qui a commenc\u00e9 par une id\u00e9e va se concr\u00e9tiser dans votre r\u00e9alit\u00e9,<\/strong> celle de l\u2019\u00e9v\u00e9nement pour lequel ces gobelets ont \u00e9t\u00e9 cr\u00e9\u00e9s.<\/p>\n\n\n\n<p>Gr\u00e2ce \u00e0 notre production locale, <strong>les d\u00e9lais de livraison sont raccourcis<\/strong>. Pas de container traversant les oc\u00e9ans, pas de longue attente interminable : une fois la fabrication termin\u00e9e, vos gobelets parcourent g\u00e9n\u00e9ralement quelques centaines de kilom\u00e8tres tout au plus pour arriver jusqu\u2019\u00e0 vous. <strong>Nous exp\u00e9dions partout en France<\/strong> en nous appuyant sur des <strong>transporteurs r\u00e9actifs<\/strong>. Selon votre besoin,<strong> la livraison peut se faire en point relais, \u00e0 votre bureau, directement sur le lieu de l\u2019\u00e9v\u00e9nement<\/strong>, ou tout autre endroit pratique. Notre proximit\u00e9 g\u00e9ographique offre une r\u00e9activit\u00e9 que beaucoup nous envient : il n\u2019est pas rare que nous parvenions \u00e0 produire et livrer des gobelets personnalis\u00e9s en un <strong>temps record lorsque vous avez une urgence ou une demande de derni\u00e8re minute.<\/strong><\/p>\n\n\n\n<p>Durant tout le transport, <strong>vous pouvez suivre l\u2019acheminement<\/strong> <strong>gr\u00e2ce au suivi fourni<\/strong>. Chaque carton est pens\u00e9 pour arriver en parfait \u00e9tat, et <strong>nous travaillons main dans la main avec nos partenaires logistiques pour \u00e9viter les chocs et manipulations brutales.<\/strong> <strong>L\u2019objectif est clair : que vous receviez vos gobelets exactement comme ils \u00e9taient en sortant de chez nous.<\/strong><\/p>\n\n\n\n<p>Et quel plaisir lorsque, quelques jours plus tard, vous d\u00e9ballez vos gobelets ! Pour Chlo\u00e9, r\u00e9ceptionner les cartons de <strong><a href=\"https:\/\/www.legobeletfrancais.fr\/entreprise-evenementiel\/evenementiel\">gobelets du concert <\/a><\/strong>est presque aussi excitant que le jour J lui-m\u00eame. Elle ouvre un colis et d\u00e9couvre <strong>les gobelets align\u00e9s, tous impeccables, arborant le visuel qu\u2019elle a imagin\u00e9 des semaines auparavant. De l\u2019usine \u00e0 l\u2019\u00e9v\u00e9nement, le voyage s\u2019ach\u00e8ve ici<\/strong> :<strong> nos gobelets r\u00e9utilisables rejoignent leur mission finale, celle de sublimer votre \u00e9v\u00e9nement en alliant pratique, esth\u00e9tique et \u00e9cologie.<\/strong><\/p>\n\n\n\n<h2 class=\"wp-block-heading\" style=\"font-size:clamp(16.293px, 1.018rem + ((1vw - 3.2px) * 0.68), 25px);\">Conclusion : chaque gobelet a son histoire<\/h2>\n\n\n\n<p>Vous connaissez d\u00e9sormais les coulisses et le voyage complet de nos <strong>gobelets r\u00e9utilisables<\/strong>, <strong>du premier coup de crayon jusqu\u2019au dernier toast<\/strong>. Derri\u00e8re un simple gobelet se cache en r\u00e9alit\u00e9 toute une aventure humaine et technologique :<strong> des id\u00e9es qui fusent, des machines qui tournent dans une usine fran\u00e7aise, des mains expertes qui contr\u00f4lent et emballent, et finalement vous qui trinquez avec le produit fini<\/strong>. Chaque gobelet a une histoire, et celle-ci commence chez nous, avec <strong>une \u00e9quipe engag\u00e9e <\/strong>qui met tout son savoir-faire pour vous offrir le meilleur.<\/p>\n\n\n\n<p>La prochaine fois que vous participerez \u00e0 un \u00e9v\u00e9nement et que l\u2019on vous remettra <strong>un gobelet r\u00e9utilisable sigl\u00e9 Le Gobelet Fran\u00e7ais<\/strong>, vous repenserez peut-\u00eatre \u00e0 tout ce chemin parcouru. \u00c0 ces choix de mat\u00e9riaux responsables, \u00e0 cette pr\u00e9cision de fabrication locale, \u00e0 la passion de nos graphistes et ouvriers, \u00e0 la rigueur du contr\u00f4le qualit\u00e9, et \u00e0 l\u2019attention port\u00e9e jusqu\u2019au colis livr\u00e9. <strong>Lever votre \u00e9cocup personnalis\u00e9, c\u2019est un peu lever le verre \u00e0 la sant\u00e9 de tout un savoir-faire fran\u00e7ais<\/strong>, au soutien de l\u2019\u00e9conomie locale et \u00e0 un <strong>futur plus durable sans plastique jetable.<\/strong><\/p>\n\n\n\n<p>Au <strong>Gobelet Fran\u00e7ais<\/strong>, nous croyons qu\u2019on peut <strong>faire la f\u00eate en respectant la plan\u00e8te et en valorisant le travail de nos r\u00e9gions<\/strong>. <strong>Nos gobelets r\u00e9utilisables ne sont pas de simples contenants<\/strong> <strong>: ce sont des objets qui portent des valeurs et une histoire<\/strong>. Et cette histoire, c\u2019est d\u00e9sormais aussi la v\u00f4tre. \u00c0 votre tour de la prolonger, lors de votre prochain \u00e9v\u00e9nement, en cr\u00e9ant de nouveaux souvenirs avec nos gobelets made in France ! Trinquons ensemble \u00e0 ces belles aventures !<\/p>\n","protected":false},"excerpt":{"rendered":"<p>La musique bat son plein, les rires fusent, et vous trinquez avec un gobelet r\u00e9utilisable aux couleurs de votre \u00e9v\u00e9nement. Avez-vous d\u00e9j\u00e0 imagin\u00e9 le voyage de cet ecocup made in France avant qu\u2019il n\u2019arrive entre vos mains ? Chaque gobelet r\u00e9utilisable Le Gobelet Fran\u00e7ais a son histoire, empreinte de savoir-faire local et d\u2019engagement \u00e9coresponsable. Aujourd\u2019hui, [&hellip;]<\/p>\n","protected":false},"author":5,"featured_media":1647,"comment_status":"open","ping_status":"open","sticky":false,"template":"","format":"standard","meta":{"footnotes":""},"categories":[1],"tags":[],"class_list":["post-1524","post","type-post","status-publish","format-standard","has-post-thumbnail","hentry","category-divers"],"blocksy_meta":[],"yoast_head":"<!-- This site is optimized with the Yoast SEO plugin v27.4 - https:\/\/yoast.com\/product\/yoast-seo-wordpress\/ -->\n<title>Dans les coulisses de nos gobelets : de l\u2019usine \u00e0 votre \u00e9v\u00e9nement - Le Gobelet Fran\u00e7ais Blog<\/title>\n<meta name=\"robots\" content=\"index, follow, max-snippet:-1, max-image-preview:large, max-video-preview:-1\" \/>\n<link rel=\"canonical\" href=\"https:\/\/www.legobeletfrancais.fr\/blog\/dans-les-coulisses-de-nos-gobelets-de-lusine-a-votre-evenement\/\" \/>\n<meta property=\"og:locale\" content=\"fr_FR\" \/>\n<meta property=\"og:type\" content=\"article\" \/>\n<meta property=\"og:title\" content=\"Dans les coulisses de nos gobelets : de l\u2019usine \u00e0 votre \u00e9v\u00e9nement - Le Gobelet Fran\u00e7ais Blog\" \/>\n<meta property=\"og:description\" content=\"La musique bat son plein, les rires fusent, et vous trinquez avec un gobelet r\u00e9utilisable aux couleurs de votre \u00e9v\u00e9nement. Avez-vous d\u00e9j\u00e0 imagin\u00e9 le voyage de cet ecocup made in France avant qu\u2019il n\u2019arrive entre vos mains ? Chaque gobelet r\u00e9utilisable Le Gobelet Fran\u00e7ais a son histoire, empreinte de savoir-faire local et d\u2019engagement \u00e9coresponsable. Aujourd\u2019hui, [&hellip;]\" \/>\n<meta property=\"og:url\" content=\"https:\/\/www.legobeletfrancais.fr\/blog\/dans-les-coulisses-de-nos-gobelets-de-lusine-a-votre-evenement\/\" \/>\n<meta property=\"og:site_name\" content=\"Le Gobelet Fran\u00e7ais Blog\" \/>\n<meta property=\"article:published_time\" content=\"2025-09-23T07:38:08+00:00\" \/>\n<meta property=\"article:modified_time\" content=\"2026-01-27T09:35:41+00:00\" \/>\n<meta property=\"og:image\" content=\"https:\/\/www.legobeletfrancais.fr\/blog\/wp-content\/uploads\/2025\/09\/Dans-les-coulisses-du-Gobelet-Francais.jpg\" \/>\n\t<meta property=\"og:image:width\" content=\"750\" \/>\n\t<meta property=\"og:image:height\" content=\"500\" \/>\n\t<meta property=\"og:image:type\" content=\"image\/jpeg\" \/>\n<meta name=\"author\" content=\"Danae\" \/>\n<meta name=\"twitter:card\" content=\"summary_large_image\" \/>\n<meta name=\"twitter:label1\" content=\"\u00c9crit par\" \/>\n\t<meta name=\"twitter:data1\" content=\"Danae\" \/>\n\t<meta name=\"twitter:label2\" content=\"Dur\u00e9e de lecture estim\u00e9e\" \/>\n\t<meta name=\"twitter:data2\" content=\"12 minutes\" \/>\n<script type=\"application\/ld+json\" class=\"yoast-schema-graph\">{\"@context\":\"https:\\\/\\\/schema.org\",\"@graph\":[{\"@type\":\"Article\",\"@id\":\"https:\\\/\\\/www.legobeletfrancais.fr\\\/blog\\\/dans-les-coulisses-de-nos-gobelets-de-lusine-a-votre-evenement\\\/#article\",\"isPartOf\":{\"@id\":\"https:\\\/\\\/www.legobeletfrancais.fr\\\/blog\\\/dans-les-coulisses-de-nos-gobelets-de-lusine-a-votre-evenement\\\/\"},\"author\":{\"name\":\"Danae\",\"@id\":\"https:\\\/\\\/www.legobeletfrancais.fr\\\/blog\\\/#\\\/schema\\\/person\\\/e1b9137e6e34f7b77751fe88b51d1e30\"},\"headline\":\"Dans les coulisses de nos gobelets : de l\u2019usine \u00e0 votre \u00e9v\u00e9nement\",\"datePublished\":\"2025-09-23T07:38:08+00:00\",\"dateModified\":\"2026-01-27T09:35:41+00:00\",\"mainEntityOfPage\":{\"@id\":\"https:\\\/\\\/www.legobeletfrancais.fr\\\/blog\\\/dans-les-coulisses-de-nos-gobelets-de-lusine-a-votre-evenement\\\/\"},\"wordCount\":2400,\"commentCount\":0,\"image\":{\"@id\":\"https:\\\/\\\/www.legobeletfrancais.fr\\\/blog\\\/dans-les-coulisses-de-nos-gobelets-de-lusine-a-votre-evenement\\\/#primaryimage\"},\"thumbnailUrl\":\"https:\\\/\\\/www.legobeletfrancais.fr\\\/blog\\\/wp-content\\\/uploads\\\/2025\\\/09\\\/Dans-les-coulisses-du-Gobelet-Francais.jpg\",\"articleSection\":[\"Divers\"],\"inLanguage\":\"fr-FR\",\"potentialAction\":[{\"@type\":\"CommentAction\",\"name\":\"Comment\",\"target\":[\"https:\\\/\\\/www.legobeletfrancais.fr\\\/blog\\\/dans-les-coulisses-de-nos-gobelets-de-lusine-a-votre-evenement\\\/#respond\"]}]},{\"@type\":\"WebPage\",\"@id\":\"https:\\\/\\\/www.legobeletfrancais.fr\\\/blog\\\/dans-les-coulisses-de-nos-gobelets-de-lusine-a-votre-evenement\\\/\",\"url\":\"https:\\\/\\\/www.legobeletfrancais.fr\\\/blog\\\/dans-les-coulisses-de-nos-gobelets-de-lusine-a-votre-evenement\\\/\",\"name\":\"Dans les coulisses de nos gobelets : de l\u2019usine \u00e0 votre \u00e9v\u00e9nement - Le Gobelet Fran\u00e7ais Blog\",\"isPartOf\":{\"@id\":\"https:\\\/\\\/www.legobeletfrancais.fr\\\/blog\\\/#website\"},\"primaryImageOfPage\":{\"@id\":\"https:\\\/\\\/www.legobeletfrancais.fr\\\/blog\\\/dans-les-coulisses-de-nos-gobelets-de-lusine-a-votre-evenement\\\/#primaryimage\"},\"image\":{\"@id\":\"https:\\\/\\\/www.legobeletfrancais.fr\\\/blog\\\/dans-les-coulisses-de-nos-gobelets-de-lusine-a-votre-evenement\\\/#primaryimage\"},\"thumbnailUrl\":\"https:\\\/\\\/www.legobeletfrancais.fr\\\/blog\\\/wp-content\\\/uploads\\\/2025\\\/09\\\/Dans-les-coulisses-du-Gobelet-Francais.jpg\",\"datePublished\":\"2025-09-23T07:38:08+00:00\",\"dateModified\":\"2026-01-27T09:35:41+00:00\",\"author\":{\"@id\":\"https:\\\/\\\/www.legobeletfrancais.fr\\\/blog\\\/#\\\/schema\\\/person\\\/e1b9137e6e34f7b77751fe88b51d1e30\"},\"breadcrumb\":{\"@id\":\"https:\\\/\\\/www.legobeletfrancais.fr\\\/blog\\\/dans-les-coulisses-de-nos-gobelets-de-lusine-a-votre-evenement\\\/#breadcrumb\"},\"inLanguage\":\"fr-FR\",\"potentialAction\":[{\"@type\":\"ReadAction\",\"target\":[\"https:\\\/\\\/www.legobeletfrancais.fr\\\/blog\\\/dans-les-coulisses-de-nos-gobelets-de-lusine-a-votre-evenement\\\/\"]}]},{\"@type\":\"ImageObject\",\"inLanguage\":\"fr-FR\",\"@id\":\"https:\\\/\\\/www.legobeletfrancais.fr\\\/blog\\\/dans-les-coulisses-de-nos-gobelets-de-lusine-a-votre-evenement\\\/#primaryimage\",\"url\":\"https:\\\/\\\/www.legobeletfrancais.fr\\\/blog\\\/wp-content\\\/uploads\\\/2025\\\/09\\\/Dans-les-coulisses-du-Gobelet-Francais.jpg\",\"contentUrl\":\"https:\\\/\\\/www.legobeletfrancais.fr\\\/blog\\\/wp-content\\\/uploads\\\/2025\\\/09\\\/Dans-les-coulisses-du-Gobelet-Francais.jpg\",\"width\":750,\"height\":500,\"caption\":\"Dans les coulisses du Gobelet Fran\u00e7ais\"},{\"@type\":\"BreadcrumbList\",\"@id\":\"https:\\\/\\\/www.legobeletfrancais.fr\\\/blog\\\/dans-les-coulisses-de-nos-gobelets-de-lusine-a-votre-evenement\\\/#breadcrumb\",\"itemListElement\":[{\"@type\":\"ListItem\",\"position\":1,\"name\":\"Accueil\",\"item\":\"https:\\\/\\\/www.legobeletfrancais.fr\\\/blog\\\/\"},{\"@type\":\"ListItem\",\"position\":2,\"name\":\"Dans les coulisses de nos gobelets : de l\u2019usine \u00e0 votre \u00e9v\u00e9nement\"}]},{\"@type\":\"WebSite\",\"@id\":\"https:\\\/\\\/www.legobeletfrancais.fr\\\/blog\\\/#website\",\"url\":\"https:\\\/\\\/www.legobeletfrancais.fr\\\/blog\\\/\",\"name\":\"Le Gobelet Fran\u00e7ais Blog\",\"description\":\"\",\"potentialAction\":[{\"@type\":\"SearchAction\",\"target\":{\"@type\":\"EntryPoint\",\"urlTemplate\":\"https:\\\/\\\/www.legobeletfrancais.fr\\\/blog\\\/?s={search_term_string}\"},\"query-input\":{\"@type\":\"PropertyValueSpecification\",\"valueRequired\":true,\"valueName\":\"search_term_string\"}}],\"inLanguage\":\"fr-FR\"},{\"@type\":\"Person\",\"@id\":\"https:\\\/\\\/www.legobeletfrancais.fr\\\/blog\\\/#\\\/schema\\\/person\\\/e1b9137e6e34f7b77751fe88b51d1e30\",\"name\":\"Danae\",\"image\":{\"@type\":\"ImageObject\",\"inLanguage\":\"fr-FR\",\"@id\":\"https:\\\/\\\/secure.gravatar.com\\\/avatar\\\/2b97231c0d0791a87ddfe33479c44c585a079f5c48341a53fcc3965ab7baf856?s=96&d=mm&r=g\",\"url\":\"https:\\\/\\\/secure.gravatar.com\\\/avatar\\\/2b97231c0d0791a87ddfe33479c44c585a079f5c48341a53fcc3965ab7baf856?s=96&d=mm&r=g\",\"contentUrl\":\"https:\\\/\\\/secure.gravatar.com\\\/avatar\\\/2b97231c0d0791a87ddfe33479c44c585a079f5c48341a53fcc3965ab7baf856?s=96&d=mm&r=g\",\"caption\":\"Danae\"},\"url\":\"https:\\\/\\\/www.legobeletfrancais.fr\\\/blog\\\/author\\\/danae\\\/\"}]}<\/script>\n<!-- \/ Yoast SEO plugin. -->","yoast_head_json":{"title":"Dans les coulisses de nos gobelets : de l\u2019usine \u00e0 votre \u00e9v\u00e9nement - Le Gobelet Fran\u00e7ais Blog","robots":{"index":"index","follow":"follow","max-snippet":"max-snippet:-1","max-image-preview":"max-image-preview:large","max-video-preview":"max-video-preview:-1"},"canonical":"https:\/\/www.legobeletfrancais.fr\/blog\/dans-les-coulisses-de-nos-gobelets-de-lusine-a-votre-evenement\/","og_locale":"fr_FR","og_type":"article","og_title":"Dans les coulisses de nos gobelets : de l\u2019usine \u00e0 votre \u00e9v\u00e9nement - Le Gobelet Fran\u00e7ais Blog","og_description":"La musique bat son plein, les rires fusent, et vous trinquez avec un gobelet r\u00e9utilisable aux couleurs de votre \u00e9v\u00e9nement. Avez-vous d\u00e9j\u00e0 imagin\u00e9 le voyage de cet ecocup made in France avant qu\u2019il n\u2019arrive entre vos mains ? Chaque gobelet r\u00e9utilisable Le Gobelet Fran\u00e7ais a son histoire, empreinte de savoir-faire local et d\u2019engagement \u00e9coresponsable. Aujourd\u2019hui, [&hellip;]","og_url":"https:\/\/www.legobeletfrancais.fr\/blog\/dans-les-coulisses-de-nos-gobelets-de-lusine-a-votre-evenement\/","og_site_name":"Le Gobelet Fran\u00e7ais Blog","article_published_time":"2025-09-23T07:38:08+00:00","article_modified_time":"2026-01-27T09:35:41+00:00","og_image":[{"width":750,"height":500,"url":"https:\/\/www.legobeletfrancais.fr\/blog\/wp-content\/uploads\/2025\/09\/Dans-les-coulisses-du-Gobelet-Francais.jpg","type":"image\/jpeg"}],"author":"Danae","twitter_card":"summary_large_image","twitter_misc":{"\u00c9crit par":"Danae","Dur\u00e9e de lecture estim\u00e9e":"12 minutes"},"schema":{"@context":"https:\/\/schema.org","@graph":[{"@type":"Article","@id":"https:\/\/www.legobeletfrancais.fr\/blog\/dans-les-coulisses-de-nos-gobelets-de-lusine-a-votre-evenement\/#article","isPartOf":{"@id":"https:\/\/www.legobeletfrancais.fr\/blog\/dans-les-coulisses-de-nos-gobelets-de-lusine-a-votre-evenement\/"},"author":{"name":"Danae","@id":"https:\/\/www.legobeletfrancais.fr\/blog\/#\/schema\/person\/e1b9137e6e34f7b77751fe88b51d1e30"},"headline":"Dans les coulisses de nos gobelets : de l\u2019usine \u00e0 votre \u00e9v\u00e9nement","datePublished":"2025-09-23T07:38:08+00:00","dateModified":"2026-01-27T09:35:41+00:00","mainEntityOfPage":{"@id":"https:\/\/www.legobeletfrancais.fr\/blog\/dans-les-coulisses-de-nos-gobelets-de-lusine-a-votre-evenement\/"},"wordCount":2400,"commentCount":0,"image":{"@id":"https:\/\/www.legobeletfrancais.fr\/blog\/dans-les-coulisses-de-nos-gobelets-de-lusine-a-votre-evenement\/#primaryimage"},"thumbnailUrl":"https:\/\/www.legobeletfrancais.fr\/blog\/wp-content\/uploads\/2025\/09\/Dans-les-coulisses-du-Gobelet-Francais.jpg","articleSection":["Divers"],"inLanguage":"fr-FR","potentialAction":[{"@type":"CommentAction","name":"Comment","target":["https:\/\/www.legobeletfrancais.fr\/blog\/dans-les-coulisses-de-nos-gobelets-de-lusine-a-votre-evenement\/#respond"]}]},{"@type":"WebPage","@id":"https:\/\/www.legobeletfrancais.fr\/blog\/dans-les-coulisses-de-nos-gobelets-de-lusine-a-votre-evenement\/","url":"https:\/\/www.legobeletfrancais.fr\/blog\/dans-les-coulisses-de-nos-gobelets-de-lusine-a-votre-evenement\/","name":"Dans les coulisses de nos gobelets : de l\u2019usine \u00e0 votre \u00e9v\u00e9nement - Le Gobelet Fran\u00e7ais Blog","isPartOf":{"@id":"https:\/\/www.legobeletfrancais.fr\/blog\/#website"},"primaryImageOfPage":{"@id":"https:\/\/www.legobeletfrancais.fr\/blog\/dans-les-coulisses-de-nos-gobelets-de-lusine-a-votre-evenement\/#primaryimage"},"image":{"@id":"https:\/\/www.legobeletfrancais.fr\/blog\/dans-les-coulisses-de-nos-gobelets-de-lusine-a-votre-evenement\/#primaryimage"},"thumbnailUrl":"https:\/\/www.legobeletfrancais.fr\/blog\/wp-content\/uploads\/2025\/09\/Dans-les-coulisses-du-Gobelet-Francais.jpg","datePublished":"2025-09-23T07:38:08+00:00","dateModified":"2026-01-27T09:35:41+00:00","author":{"@id":"https:\/\/www.legobeletfrancais.fr\/blog\/#\/schema\/person\/e1b9137e6e34f7b77751fe88b51d1e30"},"breadcrumb":{"@id":"https:\/\/www.legobeletfrancais.fr\/blog\/dans-les-coulisses-de-nos-gobelets-de-lusine-a-votre-evenement\/#breadcrumb"},"inLanguage":"fr-FR","potentialAction":[{"@type":"ReadAction","target":["https:\/\/www.legobeletfrancais.fr\/blog\/dans-les-coulisses-de-nos-gobelets-de-lusine-a-votre-evenement\/"]}]},{"@type":"ImageObject","inLanguage":"fr-FR","@id":"https:\/\/www.legobeletfrancais.fr\/blog\/dans-les-coulisses-de-nos-gobelets-de-lusine-a-votre-evenement\/#primaryimage","url":"https:\/\/www.legobeletfrancais.fr\/blog\/wp-content\/uploads\/2025\/09\/Dans-les-coulisses-du-Gobelet-Francais.jpg","contentUrl":"https:\/\/www.legobeletfrancais.fr\/blog\/wp-content\/uploads\/2025\/09\/Dans-les-coulisses-du-Gobelet-Francais.jpg","width":750,"height":500,"caption":"Dans les coulisses du Gobelet Fran\u00e7ais"},{"@type":"BreadcrumbList","@id":"https:\/\/www.legobeletfrancais.fr\/blog\/dans-les-coulisses-de-nos-gobelets-de-lusine-a-votre-evenement\/#breadcrumb","itemListElement":[{"@type":"ListItem","position":1,"name":"Accueil","item":"https:\/\/www.legobeletfrancais.fr\/blog\/"},{"@type":"ListItem","position":2,"name":"Dans les coulisses de nos gobelets : de l\u2019usine \u00e0 votre \u00e9v\u00e9nement"}]},{"@type":"WebSite","@id":"https:\/\/www.legobeletfrancais.fr\/blog\/#website","url":"https:\/\/www.legobeletfrancais.fr\/blog\/","name":"Le Gobelet Fran\u00e7ais Blog","description":"","potentialAction":[{"@type":"SearchAction","target":{"@type":"EntryPoint","urlTemplate":"https:\/\/www.legobeletfrancais.fr\/blog\/?s={search_term_string}"},"query-input":{"@type":"PropertyValueSpecification","valueRequired":true,"valueName":"search_term_string"}}],"inLanguage":"fr-FR"},{"@type":"Person","@id":"https:\/\/www.legobeletfrancais.fr\/blog\/#\/schema\/person\/e1b9137e6e34f7b77751fe88b51d1e30","name":"Danae","image":{"@type":"ImageObject","inLanguage":"fr-FR","@id":"https:\/\/secure.gravatar.com\/avatar\/2b97231c0d0791a87ddfe33479c44c585a079f5c48341a53fcc3965ab7baf856?s=96&d=mm&r=g","url":"https:\/\/secure.gravatar.com\/avatar\/2b97231c0d0791a87ddfe33479c44c585a079f5c48341a53fcc3965ab7baf856?s=96&d=mm&r=g","contentUrl":"https:\/\/secure.gravatar.com\/avatar\/2b97231c0d0791a87ddfe33479c44c585a079f5c48341a53fcc3965ab7baf856?s=96&d=mm&r=g","caption":"Danae"},"url":"https:\/\/www.legobeletfrancais.fr\/blog\/author\/danae\/"}]}},"_links":{"self":[{"href":"https:\/\/www.legobeletfrancais.fr\/blog\/wp-json\/wp\/v2\/posts\/1524","targetHints":{"allow":["GET"]}}],"collection":[{"href":"https:\/\/www.legobeletfrancais.fr\/blog\/wp-json\/wp\/v2\/posts"}],"about":[{"href":"https:\/\/www.legobeletfrancais.fr\/blog\/wp-json\/wp\/v2\/types\/post"}],"author":[{"embeddable":true,"href":"https:\/\/www.legobeletfrancais.fr\/blog\/wp-json\/wp\/v2\/users\/5"}],"replies":[{"embeddable":true,"href":"https:\/\/www.legobeletfrancais.fr\/blog\/wp-json\/wp\/v2\/comments?post=1524"}],"version-history":[{"count":23,"href":"https:\/\/www.legobeletfrancais.fr\/blog\/wp-json\/wp\/v2\/posts\/1524\/revisions"}],"predecessor-version":[{"id":1980,"href":"https:\/\/www.legobeletfrancais.fr\/blog\/wp-json\/wp\/v2\/posts\/1524\/revisions\/1980"}],"wp:featuredmedia":[{"embeddable":true,"href":"https:\/\/www.legobeletfrancais.fr\/blog\/wp-json\/wp\/v2\/media\/1647"}],"wp:attachment":[{"href":"https:\/\/www.legobeletfrancais.fr\/blog\/wp-json\/wp\/v2\/media?parent=1524"}],"wp:term":[{"taxonomy":"category","embeddable":true,"href":"https:\/\/www.legobeletfrancais.fr\/blog\/wp-json\/wp\/v2\/categories?post=1524"},{"taxonomy":"post_tag","embeddable":true,"href":"https:\/\/www.legobeletfrancais.fr\/blog\/wp-json\/wp\/v2\/tags?post=1524"}],"curies":[{"name":"wp","href":"https:\/\/api.w.org\/{rel}","templated":true}]}}